{"id":25571,"date":"2022-12-19T10:11:10","date_gmt":"2022-12-19T13:11:10","guid":{"rendered":"https:\/\/radiorevelacionfm.cl\/?p=25571"},"modified":"2022-12-19T10:11:10","modified_gmt":"2022-12-19T13:11:10","slug":"seremi-de-la-mujer-lidera-primera-jornada-de-trabajo-de-la-mesa-mujeres-privadas-de-libertad-de-la-region-de-aysen","status":"publish","type":"post","link":"https:\/\/radiorevelacionfm.cl\/?p=25571","title":{"rendered":"SEREMI de la Mujer lidera Primera Jornada de Trabajo de la Mesa Mujeres Privadas de Libertad de la Regi\u00f3n de Ays\u00e9n"},"content":{"rendered":"<div class=\"flex_column av_one_full  flex_column_div av-zero-column-padding first  avia-builder-el-0  el_before_av_one_full  avia-builder-el-first  \" style='border-radius:0px; '><div  class='avia-image-container  av-styling-    avia-builder-el-1  avia-builder-el-no-sibling  avia-align-center '  itemprop=\"image\" itemscope=\"itemscope\" itemtype=\"https:\/\/schema.org\/ImageObject\"  ><div class='avia-image-container-inner'><div class='avia-image-overlay-wrap'><img decoding=\"async\" class='wp-image-25572 avia-img-lazy-loading-not-25572 avia_image' src=\"https:\/\/radiorevelacionfm.cl\/wp-content\/uploads\/2022\/12\/19dic22-foto-2-1-1.jpg\" alt='' title='19dic22 foto 2 (1) (1)' height=\"600\" width=\"792\"  itemprop=\"thumbnailUrl\" srcset=\"https:\/\/radiorevelacionfm.cl\/wp-content\/uploads\/2022\/12\/19dic22-foto-2-1-1.jpg 792w, https:\/\/radiorevelacionfm.cl\/wp-content\/uploads\/2022\/12\/19dic22-foto-2-1-1-300x227.jpg 300w, https:\/\/radiorevelacionfm.cl\/wp-content\/uploads\/2022\/12\/19dic22-foto-2-1-1-768x582.jpg 768w, https:\/\/radiorevelacionfm.cl\/wp-content\/uploads\/2022\/12\/19dic22-foto-2-1-1-705x534.jpg 705w, https:\/\/radiorevelacionfm.cl\/wp-content\/uploads\/2022\/12\/19dic22-foto-2-1-1-600x455.jpg 600w\" sizes=\"(max-width: 792px) 100vw, 792px\" \/><\/div><\/div><\/div><\/div><div class=\"flex_column av_one_full  flex_column_div av-zero-column-padding first  avia-builder-el-2  el_after_av_one_full  el_before_av_one_full  column-top-margin\" style='border-radius:0px; '><section class=\"av_textblock_section \"  itemscope=\"itemscope\" itemtype=\"https:\/\/schema.org\/BlogPosting\" itemprop=\"blogPost\" ><div class='avia_textblock  '   itemprop=\"text\" ><p style=\"text-align: center;\"><span style=\"font-size: 18pt;\"><strong>SEREMI de la Mujer lidera Primera Jornada de Trabajo de la Mesa Mujeres Privadas de Libertad de la Regi\u00f3n de Ays\u00e9n<\/strong><\/span><\/p>\n<div id=\"gtx-trans\" style=\"position: absolute; left: -50px; top: 4.31534px;\">\n<div class=\"gtx-trans-icon\"><\/div>\n<\/div>\n<\/div><\/section><\/div><div class=\"flex_column av_one_full  flex_column_div av-zero-column-padding first  avia-builder-el-4  el_after_av_one_full  el_before_av_hr  column-top-margin\" style='border-radius:0px; '><section class=\"av_textblock_section \"  itemscope=\"itemscope\" itemtype=\"https:\/\/schema.org\/BlogPosting\" itemprop=\"blogPost\" ><div class='avia_textblock  '   itemprop=\"text\" ><p style=\"text-align: justify;\">Desde mediados de octubre se viene instalando un trabajo intersectorial tendiente a redireccionar la oferta p\u00fablica hacia las mujeres privadas de libertad de la regi\u00f3n de Ays\u00e9n. Dicho espacio cuenta con la participaci\u00f3n de autoridades y representantes de diferentes instituciones p\u00fablicas.<\/p>\n<p style=\"text-align: justify;\">El 15 de diciembre se realiz\u00f3 la primera jornada de trabajo colaborativo de la recientemente creada Mesa Mujeres Privadas de Libertad de la regi\u00f3n de Ays\u00e9n, instancia liderada por la SEREMI de la Mujer y Equidad de G\u00e9nero, Andrea M\u00e9ndez Valenzuela, la cual tiene como objetivo fundamental contribuir en la permanencia digna de las condenas de esta poblaci\u00f3n penal redireccionando la oferta p\u00fablica existente en la regi\u00f3n.<\/p>\n<p style=\"text-align: justify;\">En la oportunidad, la Seremi de la cartera se refiri\u00f3 a la gestaci\u00f3n de este espacio \u201cemana por un lado del diagn\u00f3stico nacional con respecto a que la situaci\u00f3n de las mujeres privadas de libertad posee particularidades y complejidades diferenciadas con respecto a los varones, lo cual dice relaci\u00f3n con la mayor sanci\u00f3n social hacia el delito, el abandono familiar, la desvinculaci\u00f3n con hijos\/as y condiciones carcelarias segregadas por razones de g\u00e9nero. Pero tambi\u00e9n de la recepci\u00f3n de experiencias e informes provenientes del personal de Gendarmer\u00eda, la Defensor\u00eda Penal Publica y de las mismas mujeres del Centro Penitenciario de Coyhaique, a quienes hemos visitado regularmente desde que asumimos como Gobierno\u201d.<\/p>\n<p style=\"text-align: justify;\">En cuanto a la conformaci\u00f3n y la metodolog\u00eda de trabajo de la Mesa, Andrea M\u00e9ndez explic\u00f3 que con la colaboraci\u00f3n del personal de Gendarmer\u00eda y la Defensor\u00eda Penal Publica m\u00e1s la sistematizaci\u00f3n de los encuentros sostenidos con mujeres privadas de libertad, se ha levantado un conjunto de requerimientos susceptibles de ser abordados por diferentes ministerios y servicios. Ante ello, se han convocado y entregado diferentes compromisos para que se pueda evaluar la viabilidad de focalizarlos hacia esta poblaci\u00f3n. Entre estos, se encuentran las secretarias ministeriales de Educaci\u00f3n, Justicia, Desarrollo Social y Salud, tambi\u00e9n representantes de la Unidad de G\u00e9nero de la Universidad de Ays\u00e9n y representantes del Gobierno Regional, entre otros.<\/p>\n<p style=\"text-align: justify;\">Eugenio Barrios Herrera, psic\u00f3logo de Gendarmer\u00eda, coment\u00f3 que para la instituci\u00f3n \u201clos procesos de reinserci\u00f3n para las mujeres muchas veces representan un desaf\u00edo mayor, puesto que no s\u00f3lo se trabaja directamente con la persona si no que las mujeres en general presentan una serie de caracter\u00edsticas y necesidades que est\u00e1n asociadas a su entorno y su contexto. Entonces, en la medida que podamos ampliar las redes, favorecer estos espacios participativos, podamos reincorporarlas dentro de un tejido social a las mujeres que est\u00e1n privadas de libertad y sus familias, podemos pensar en un futuro positivo en materia de reinserci\u00f3n y de poder potenciar a estas personas como agentes participativos de la sociedad alejados del delito.\u201d<\/p>\n<p style=\"text-align: justify;\">Cristian Cajas Silva, Jefe Regional de Estudios de la Defensor\u00eda Penal P\u00fablica, se refiri\u00f3 finalmente a la situaci\u00f3n de las mujeres privadas de libertad respecto de c\u00f3mo la reinserci\u00f3n social presenta caracter\u00edsticas propias, distintas de los varones en igual condici\u00f3n. Ejemplific\u00f3 que \u201cen el caso de los varones cuando sufren prisi\u00f3n preventiva, o una pena privativa de libertad, ellos siguen siendo visitados por sus madres o parejas. Cuesti\u00f3n diferente de las mujeres privadas de libertad, que son abandonadas por sus parejas. As\u00ed mismo, en el caso de las mujeres, no solamente les afecta a ellas la privaci\u00f3n de libertad, sino que tambi\u00e9n a sus hijos, ni\u00f1os, ni\u00f1as y adolescentes, dado que en esa etapa de la vida normalmente la dependencia, el vinculo principal es con las madres antes que con los padres\u201d.<\/p>\n<p style=\"text-align: justify;\">Se proyecta para el 2023 realizar hoja de ruta que sistematice todos los compromisos hacia la poblaci\u00f3n penal femenina y la visita de diferentes autoridades al Centro Penitenciario de Coyhaique.<\/p>\n<\/div><\/section><\/div><div  style='height:50px' class='hr hr-invisible   avia-builder-el-6  el_after_av_one_full  el_before_av_social_share '><span class='hr-inner ' ><span class='hr-inner-style'><\/span><\/span><\/div><\/p>\n<div  class='av-social-sharing-box  avia-builder-el-7  el_after_av_hr  el_before_av_hr  '><div class='av-share-box'><h5 class='av-share-link-description av-no-toc '>Compartir esta noticia<\/h5><ul class='av-share-box-list noLightbox'><li class='av-share-link av-social-link-facebook' ><a target=\"_blank\" aria-label=\"Compartir en Facebook\" href='https:\/\/www.facebook.com\/sharer.php?u=https:\/\/radiorevelacionfm.cl\/?p=25571&#038;t=SEREMI%20de%20la%20Mujer%20lidera%20Primera%20Jornada%20de%20Trabajo%20de%20la%20Mesa%20Mujeres%20Privadas%20de%20Libertad%20de%20la%20Regi%C3%B3n%20de%20Ays%C3%A9n' aria-hidden='false' data-av_icon='\ue8f3' data-av_iconfont='entypo-fontello' title='' data-avia-related-tooltip='Compartir en Facebook' rel=\"noopener\"><span class='avia_hidden_link_text'>Compartir en Facebook<\/span><\/a><\/li><li class='av-share-link av-social-link-twitter' ><a target=\"_blank\" aria-label=\"Compartir en Twitter\" href='https:\/\/twitter.com\/share?text=SEREMI%20de%20la%20Mujer%20lidera%20Primera%20Jornada%20de%20Trabajo%20de%20la%20Mesa%20Mujeres%20Privadas%20de%20Libertad%20de%20la%20Regi%C3%B3n%20de%20Ays%C3%A9n&#038;url=https:\/\/radiorevelacionfm.cl\/?p=25571' aria-hidden='false' data-av_icon='\ue8f1' data-av_iconfont='entypo-fontello' title='' data-avia-related-tooltip='Compartir en Twitter' rel=\"noopener\"><span class='avia_hidden_link_text'>Compartir en Twitter<\/span><\/a><\/li><li class='av-share-link av-social-link-whatsapp' ><a target=\"_blank\" aria-label=\"Compartir en Whatsapp\" href='https:\/\/api.whatsapp.com\/send?text=https:\/\/radiorevelacionfm.cl\/?p=25571' aria-hidden='false' data-av_icon='\uf232' data-av_iconfont='entypo-fontello' title='' data-avia-related-tooltip='Compartir en Whatsapp' rel=\"noopener\"><span class='avia_hidden_link_text'>Compartir en Whatsapp<\/span><\/a><\/li><li class='av-share-link av-social-link-linkedin' ><a target=\"_blank\" aria-label=\"Compartir en LinkedIn\" href='https:\/\/linkedin.com\/shareArticle?mini=true&#038;title=SEREMI%20de%20la%20Mujer%20lidera%20Primera%20Jornada%20de%20Trabajo%20de%20la%20Mesa%20Mujeres%20Privadas%20de%20Libertad%20de%20la%20Regi%C3%B3n%20de%20Ays%C3%A9n&#038;url=https:\/\/radiorevelacionfm.cl\/?p=25571' aria-hidden='false' data-av_icon='\ue8fc' data-av_iconfont='entypo-fontello' title='' data-avia-related-tooltip='Compartir en LinkedIn' rel=\"noopener\"><span class='avia_hidden_link_text'>Compartir en LinkedIn<\/span><\/a><\/li><li class='av-share-link av-social-link-mail' ><a  aria-label=\"Compartir por correo\" href='mailto:?subject=SEREMI%20de%20la%20Mujer%20lidera%20Primera%20Jornada%20de%20Trabajo%20de%20la%20Mesa%20Mujeres%20Privadas%20de%20Libertad%20de%20la%20Regi%C3%B3n%20de%20Ays%C3%A9n&#038;body=https:\/\/radiorevelacionfm.cl\/?p=25571' aria-hidden='false' data-av_icon='\ue805' data-av_iconfont='entypo-fontello' title='' data-avia-related-tooltip='Compartir por correo'><span class='avia_hidden_link_text'>Compartir por correo<\/span><\/a><\/li><\/ul><\/div><\/div>\n<div  style='height:50px' class='hr hr-invisible   avia-builder-el-8  el_after_av_social_share  el_before_av_comments_list '><span class='hr-inner ' ><span class='hr-inner-style'><\/span><\/span><\/div>\n<div  class='av-buildercomment  av-blog-meta-html-info-disabled av-blog-meta-tag-disabled  '><\/div>\n","protected":false},"excerpt":{"rendered":"","protected":false},"author":1,"featured_media":25572,"comment_status":"open","ping_status":"open","sticky":false,"template":"","format":"standard","meta":{"footnotes":""},"categories":[38],"tags":[],"class_list":["post-25571","post","type-post","status-publish","format-standard","has-post-thumbnail","hentry","category-regional"],"jetpack_featured_media_url":"https:\/\/radiorevelacionfm.cl\/wp-content\/uploads\/2022\/12\/19dic22-foto-2-1-1.jpg","_links":{"self":[{"href":"https:\/\/radiorevelacionfm.cl\/index.php?rest_route=\/wp\/v2\/posts\/25571","targetHints":{"allow":["GET"]}}],"collection":[{"href":"https:\/\/radiorevelacionfm.cl\/index.php?rest_route=\/wp\/v2\/posts"}],"about":[{"href":"https:\/\/radiorevelacionfm.cl\/index.php?rest_route=\/wp\/v2\/types\/post"}],"author":[{"embeddable":true,"href":"https:\/\/radiorevelacionfm.cl\/index.php?rest_route=\/wp\/v2\/users\/1"}],"replies":[{"embeddable":true,"href":"https:\/\/radiorevelacionfm.cl\/index.php?rest_route=%2Fwp%2Fv2%2Fcomments&post=25571"}],"version-history":[{"count":2,"href":"https:\/\/radiorevelacionfm.cl\/index.php?rest_route=\/wp\/v2\/posts\/25571\/revisions"}],"predecessor-version":[{"id":25574,"href":"https:\/\/radiorevelacionfm.cl\/index.php?rest_route=\/wp\/v2\/posts\/25571\/revisions\/25574"}],"wp:featuredmedia":[{"embeddable":true,"href":"https:\/\/radiorevelacionfm.cl\/index.php?rest_route=\/wp\/v2\/media\/25572"}],"wp:attachment":[{"href":"https:\/\/radiorevelacionfm.cl\/index.php?rest_route=%2Fwp%2Fv2%2Fmedia&parent=25571"}],"wp:term":[{"taxonomy":"category","embeddable":true,"href":"https:\/\/radiorevelacionfm.cl\/index.php?rest_route=%2Fwp%2Fv2%2Fcategories&post=25571"},{"taxonomy":"post_tag","embeddable":true,"href":"https:\/\/radiorevelacionfm.cl\/index.php?rest_route=%2Fwp%2Fv2%2Ftags&post=25571"}],"curies":[{"name":"wp","href":"https:\/\/api.w.org\/{rel}","templated":true}]}}