{"id":25560,"date":"2022-12-19T11:24:39","date_gmt":"2022-12-19T14:24:39","guid":{"rendered":"https:\/\/radiorevelacionfm.cl\/?p=25560"},"modified":"2022-12-19T11:24:39","modified_gmt":"2022-12-19T14:24:39","slug":"vocera-de-gobierno-hay-un-contexto-dificil-que-no-podemos-desconocer-pero-tenemos-claro-el-horizonte-y-nuestros-objetivos","status":"publish","type":"post","link":"https:\/\/radiorevelacionfm.cl\/?p=25560","title":{"rendered":"Vocera de Gobierno: \u00abHay un contexto dif\u00edcil que no podemos desconocer, pero tenemos claro el horizonte y nuestros objetivos.\u00bb"},"content":{"rendered":"<div class=\"flex_column av_one_full  flex_column_div av-zero-column-padding first  avia-builder-el-0  el_before_av_one_full  avia-builder-el-first  \" style='border-radius:0px; '><div  class='avia-image-container  av-styling-    avia-builder-el-1  avia-builder-el-no-sibling  avia-align-center '  itemprop=\"image\" itemscope=\"itemscope\" itemtype=\"https:\/\/schema.org\/ImageObject\"  ><div class='avia-image-container-inner'><div class='avia-image-overlay-wrap'><img decoding=\"async\" class='wp-image-25561 avia-img-lazy-loading-not-25561 avia_image' src=\"https:\/\/radiorevelacionfm.cl\/wp-content\/uploads\/2022\/12\/seremi1-1-1_optimized.jpeg\" alt='' title='seremi1-(1)-(1)_optimized' height=\"600\" width=\"1067\"  itemprop=\"thumbnailUrl\" srcset=\"https:\/\/radiorevelacionfm.cl\/wp-content\/uploads\/2022\/12\/seremi1-1-1_optimized.jpeg 1067w, https:\/\/radiorevelacionfm.cl\/wp-content\/uploads\/2022\/12\/seremi1-1-1_optimized-300x169.jpeg 300w, https:\/\/radiorevelacionfm.cl\/wp-content\/uploads\/2022\/12\/seremi1-1-1_optimized-1030x579.jpeg 1030w, https:\/\/radiorevelacionfm.cl\/wp-content\/uploads\/2022\/12\/seremi1-1-1_optimized-768x432.jpeg 768w, https:\/\/radiorevelacionfm.cl\/wp-content\/uploads\/2022\/12\/seremi1-1-1_optimized-705x396.jpeg 705w, https:\/\/radiorevelacionfm.cl\/wp-content\/uploads\/2022\/12\/seremi1-1-1_optimized-600x337.jpeg 600w\" sizes=\"(max-width: 1067px) 100vw, 1067px\" \/><\/div><\/div><\/div><\/div><div class=\"flex_column av_one_full  flex_column_div av-zero-column-padding first  avia-builder-el-2  el_after_av_one_full  el_before_av_one_full  column-top-margin\" style='border-radius:0px; '><section class=\"av_textblock_section \"  itemscope=\"itemscope\" itemtype=\"https:\/\/schema.org\/BlogPosting\" itemprop=\"blogPost\" ><div class='avia_textblock  '   itemprop=\"text\" ><p style=\"text-align: center;\"><strong><span style=\"font-size: 18pt;\">Vocera de Gobierno: \u00abHay un contexto dif\u00edcil que no podemos desconocer, pero tenemos claro el horizonte y nuestros objetivos\u00bb<\/span><\/strong><\/p>\n<div id=\"gtx-trans\" style=\"position: absolute; left: -50px; top: 4.31534px;\">\n<div class=\"gtx-trans-icon\"><\/div>\n<\/div>\n<\/div><\/section><\/div><div class=\"flex_column av_one_full  flex_column_div av-zero-column-padding first  avia-builder-el-4  el_after_av_one_full  el_before_av_hr  column-top-margin\" style='border-radius:0px; '><section class=\"av_textblock_section \"  itemscope=\"itemscope\" itemtype=\"https:\/\/schema.org\/BlogPosting\" itemprop=\"blogPost\" ><div class='avia_textblock  '   itemprop=\"text\" ><p class=\"v1MsoNormal\" style=\"text-align: justify;\"><span lang=\"ES-CL\">La Seremi Tatiana Pl\u00e1 \u00c1lvarez, realiz\u00f3 un an\u00e1lisis del trabajo realizado por el Gobierno del Presidente Gabriel Boric y el Gabinete Regional durante el presente a\u00f1o, reconociendo que si bien no ha sido f\u00e1cil, \u00abnuestro gobierno y nosotros como autoridades estamos trabajando d\u00eda a d\u00eda por ir solucionando las dificultades que hay en Ays\u00e9n; no solo atendiendo las urgencias sino que tambi\u00e9n con planificaci\u00f3n\u00bb.<\/span><\/p>\n<p class=\"v1MsoNormal\" style=\"text-align: justify;\"><span lang=\"ES-CL\">La Seremi Tatiana Pl\u00e1 \u00c1lvarez, realiz\u00f3 un an\u00e1lisis del trabajo realizado por el Gobierno del Presidente Gabriel Boric y el Gabinete Regional durante el presente a\u00f1o, reconociendo que si bien no ha sido f\u00e1cil, \u00abnuestro gobierno y nosotros como autoridades estamos trabajando d\u00eda a d\u00eda por ir solucionando las dificultades que hay en Ays\u00e9n; no solo atendiendo las urgencias sino que tambi\u00e9n con planificaci\u00f3n\u00bb.<\/span><\/p>\n<p class=\"v1MsoNormal\" style=\"text-align: justify;\"><span lang=\"ES-CL\">Al respecto, la portavoz precis\u00f3 que \u00abhay un contexto que no podemos desconocer, y es que en marzo asumimos tras un Estallido Social y dos a\u00f1os de una pandemia con efectos y consecuencias que desviaron un poco la atenci\u00f3n de ciertos hitos que ten\u00edamos en el Programa de Gobierno. Pero adem\u00e1s hay que decir que las arcas fiscales que heredamos de la administraci\u00f3n Pi\u00f1era presentaban una merma importante, y por eso la importancia del Presupuesto 2023, que se hizo considerando nuestro plan Plan de Gobierno, con nuestros \u00e9nfasis y ejes\u00bb.<\/span><\/p>\n<p class=\"v1MsoNormal\" style=\"text-align: justify;\"><span lang=\"ES-CL\">\u00abDel mismo modo, debemos reconocer que en la actualidad hay un parlamento y un Senado donde no tenemos mayor\u00eda, y por lo tanto durante este per\u00edodo ha sido necesario dialogar y negociar para lograr acuerdos y generar los cambios que buscamos\u00bb, agreg\u00f3 .<\/span><\/p>\n<p class=\"v1MsoNormal\" style=\"text-align: justify;\"><span lang=\"ES-CL\">En este sentido, Tatiana Pl\u00e1 valor\u00f3 positivamente el C\u00f3nclave del 3 de diciembre que reuni\u00f3 \u00a0congreg\u00f3 a los principales actores y partidos pol\u00edticos con participaci\u00f3n en el gobierno, asegurando que fue una instancia necesaria.<\/span><\/p>\n<p class=\"v1MsoNormal\" style=\"text-align: justify;\"><span lang=\"ES-CL\">\u00abFue muy importante. Hubo diagn\u00f3sticos y tambi\u00e9n propuestas de mejora. Nos hemos dado cuenta que lo intersectorial, trabajar de manera conjunta y transversal es algo que ha costado un poco, pero yo creo que tenemos claro nuestro horizonte, nuestros objetivos y en eso estamos y seguiremos trabajando de cara al mes de marzo, cuando cumplamos un a\u00f1o de trabajo como gobierno. El c\u00f3nclave no sirvi\u00f3 para trazar l\u00edneas, proyectar y nos ayudar\u00e1 a trabajar de manera m\u00e1s coordinada y en sinton\u00eda, considerando que somos de las mismas fuerzas pol\u00edticas\u00bb.<\/span><\/p>\n<p class=\"v1MsoNormal\" style=\"text-align: justify;\"><span lang=\"ES-CL\">La Seremi de Gobierno abord\u00f3 tambi\u00e9n las preocupaciones generadas en la comunidad local debido a la crisis econ\u00f3mica mundial, se\u00f1alando que \u00absi bien las noticias negativas se notan m\u00e1s que las positivas, es bueno recordar que durante este a\u00f1o Corfo ha invertido en la regi\u00f3n 600 millones, o que Sercotec duplic\u00f3 su presupuesto para los micro peque\u00f1os y emprendedores afectados por la pandemia y el estallido social.\u00bb<\/span><\/p>\n<p class=\"v1MsoNormal\" style=\"text-align: justify;\"><span lang=\"ES-CL\">\u00abEstando en terreno, nos ha tocado presenciar diferentes actividades donde el emprendimiento, que es la principal fuente de ingreso para muchos y muchas en nuestra regi\u00f3n, est\u00e1 ahora reactiv\u00e1ndose. Relacionado con eso, la inversi\u00f3n en OOPP para nuestra regi\u00f3n -solo para la recuperaci\u00f3n de las obras que quedaron pendientes-, es de m\u00e1s de 8 mil millones de pesos. Pero adem\u00e1s hay que destacar el aumento en el monto y la cobertura del bono para Subsidio de Calefacci\u00f3n, que ahora estar\u00e1 en relaci\u00f3n al IPC, que sabemos este a\u00f1o ser\u00e1 de m\u00e1s de dos d\u00edgitos. Y aqu\u00ed tambi\u00e9n menciono el acuerdo que logramos para subir el sueldo m\u00ednimo a 400 mil pesos, pues al realizar las conversaciones con la CUT, se se\u00f1al\u00f3 que si el IPC era de m\u00e1s de dos d\u00edgitos tambi\u00e9n se har\u00edan modificaciones a fin de a\u00f1o, sin olvidar el compromiso que de aqu\u00ed a tres a\u00f1os el sueldo m\u00ednimo llegue a los 500 mil pesos.\u00bb, agreg\u00f3 vocera de gobierno.<\/span><\/p>\n<p class=\"v1MsoNormal\" style=\"text-align: justify;\"><span lang=\"ES-CL\">\u00abSin lugar a dudas este ha sido un contexto dif\u00edcil, pero el mandato del Presidente Boric de tener una hoja de ruta se ha visto mucho m\u00e1s reforzado tras el c\u00f3nclave pol\u00edtico, y como Gabinete seguiremos trabajando pensando en aquello que nos mueve como servidores p\u00fablicos y que es el bienestar de todos los ayseninos y ayseninas\u00bb, concluy\u00f3.<\/span><\/p>\n<p class=\"v1MsoNormal\" style=\"text-align: justify;\"><span lang=\"ES-CL\">\u00a0<\/span><\/p>\n<\/div><\/section><\/div><div  style='height:50px' class='hr hr-invisible   avia-builder-el-6  el_after_av_one_full  el_before_av_social_share '><span class='hr-inner ' ><span class='hr-inner-style'><\/span><\/span><\/div><\/p>\n<div  class='av-social-sharing-box  avia-builder-el-7  el_after_av_hr  el_before_av_hr  '><div class='av-share-box'><h5 class='av-share-link-description av-no-toc '>Compartir esta noticia<\/h5><ul class='av-share-box-list noLightbox'><li class='av-share-link av-social-link-facebook' ><a target=\"_blank\" aria-label=\"Compartir en Facebook\" href='https:\/\/www.facebook.com\/sharer.php?u=https:\/\/radiorevelacionfm.cl\/?p=25560&#038;t=Vocera%20de%20Gobierno%3A%20%C2%ABHay%20un%20contexto%20dif%C3%ADcil%20que%20no%20podemos%20desconocer%2C%20pero%20tenemos%20claro%20el%20horizonte%20y%20nuestros%20objetivos.%C2%BB' aria-hidden='false' data-av_icon='\ue8f3' data-av_iconfont='entypo-fontello' title='' data-avia-related-tooltip='Compartir en Facebook' rel=\"noopener\"><span class='avia_hidden_link_text'>Compartir en Facebook<\/span><\/a><\/li><li class='av-share-link av-social-link-twitter' ><a target=\"_blank\" aria-label=\"Compartir en Twitter\" href='https:\/\/twitter.com\/share?text=Vocera%20de%20Gobierno%3A%20%C2%ABHay%20un%20contexto%20dif%C3%ADcil%20que%20no%20podemos%20desconocer%2C%20pero%20tenemos%20claro%20el%20horizonte%20y%20nuestros%20objetivos.%C2%BB&#038;url=https:\/\/radiorevelacionfm.cl\/?p=25560' aria-hidden='false' data-av_icon='\ue8f1' data-av_iconfont='entypo-fontello' title='' data-avia-related-tooltip='Compartir en Twitter' rel=\"noopener\"><span class='avia_hidden_link_text'>Compartir en Twitter<\/span><\/a><\/li><li class='av-share-link av-social-link-whatsapp' ><a target=\"_blank\" aria-label=\"Compartir en Whatsapp\" href='https:\/\/api.whatsapp.com\/send?text=https:\/\/radiorevelacionfm.cl\/?p=25560' aria-hidden='false' data-av_icon='\uf232' data-av_iconfont='entypo-fontello' title='' data-avia-related-tooltip='Compartir en Whatsapp' rel=\"noopener\"><span class='avia_hidden_link_text'>Compartir en Whatsapp<\/span><\/a><\/li><li class='av-share-link av-social-link-linkedin' ><a target=\"_blank\" aria-label=\"Compartir en LinkedIn\" href='https:\/\/linkedin.com\/shareArticle?mini=true&#038;title=Vocera%20de%20Gobierno%3A%20%C2%ABHay%20un%20contexto%20dif%C3%ADcil%20que%20no%20podemos%20desconocer%2C%20pero%20tenemos%20claro%20el%20horizonte%20y%20nuestros%20objetivos.%C2%BB&#038;url=https:\/\/radiorevelacionfm.cl\/?p=25560' aria-hidden='false' data-av_icon='\ue8fc' data-av_iconfont='entypo-fontello' title='' data-avia-related-tooltip='Compartir en LinkedIn' rel=\"noopener\"><span class='avia_hidden_link_text'>Compartir en LinkedIn<\/span><\/a><\/li><li class='av-share-link av-social-link-mail' ><a  aria-label=\"Compartir por correo\" href='mailto:?subject=Vocera%20de%20Gobierno%3A%20%C2%ABHay%20un%20contexto%20dif%C3%ADcil%20que%20no%20podemos%20desconocer%2C%20pero%20tenemos%20claro%20el%20horizonte%20y%20nuestros%20objetivos.%C2%BB&#038;body=https:\/\/radiorevelacionfm.cl\/?p=25560' aria-hidden='false' data-av_icon='\ue805' data-av_iconfont='entypo-fontello' title='' data-avia-related-tooltip='Compartir por correo'><span class='avia_hidden_link_text'>Compartir por correo<\/span><\/a><\/li><\/ul><\/div><\/div>\n<div  style='height:50px' class='hr hr-invisible   avia-builder-el-8  el_after_av_social_share  el_before_av_comments_list '><span class='hr-inner ' ><span class='hr-inner-style'><\/span><\/span><\/div>\n<div  class='av-buildercomment  av-blog-meta-html-info-disabled av-blog-meta-tag-disabled  '><\/div>\n","protected":false},"excerpt":{"rendered":"","protected":false},"author":1,"featured_media":25561,"comment_status":"open","ping_status":"open","sticky":false,"template":"","format":"standard","meta":{"footnotes":""},"categories":[38],"tags":[],"class_list":["post-25560","post","type-post","status-publish","format-standard","has-post-thumbnail","hentry","category-regional"],"jetpack_featured_media_url":"https:\/\/radiorevelacionfm.cl\/wp-content\/uploads\/2022\/12\/seremi1-1-1_optimized.jpeg","_links":{"self":[{"href":"https:\/\/radiorevelacionfm.cl\/index.php?rest_route=\/wp\/v2\/posts\/25560","targetHints":{"allow":["GET"]}}],"collection":[{"href":"https:\/\/radiorevelacionfm.cl\/index.php?rest_route=\/wp\/v2\/posts"}],"about":[{"href":"https:\/\/radiorevelacionfm.cl\/index.php?rest_route=\/wp\/v2\/types\/post"}],"author":[{"embeddable":true,"href":"https:\/\/radiorevelacionfm.cl\/index.php?rest_route=\/wp\/v2\/users\/1"}],"replies":[{"embeddable":true,"href":"https:\/\/radiorevelacionfm.cl\/index.php?rest_route=%2Fwp%2Fv2%2Fcomments&post=25560"}],"version-history":[{"count":2,"href":"https:\/\/radiorevelacionfm.cl\/index.php?rest_route=\/wp\/v2\/posts\/25560\/revisions"}],"predecessor-version":[{"id":25583,"href":"https:\/\/radiorevelacionfm.cl\/index.php?rest_route=\/wp\/v2\/posts\/25560\/revisions\/25583"}],"wp:featuredmedia":[{"embeddable":true,"href":"https:\/\/radiorevelacionfm.cl\/index.php?rest_route=\/wp\/v2\/media\/25561"}],"wp:attachment":[{"href":"https:\/\/radiorevelacionfm.cl\/index.php?rest_route=%2Fwp%2Fv2%2Fmedia&parent=25560"}],"wp:term":[{"taxonomy":"category","embeddable":true,"href":"https:\/\/radiorevelacionfm.cl\/index.php?rest_route=%2Fwp%2Fv2%2Fcategories&post=25560"},{"taxonomy":"post_tag","embeddable":true,"href":"https:\/\/radiorevelacionfm.cl\/index.php?rest_route=%2Fwp%2Fv2%2Ftags&post=25560"}],"curies":[{"name":"wp","href":"https:\/\/api.w.org\/{rel}","templated":true}]}}