{"id":25553,"date":"2022-12-19T09:59:30","date_gmt":"2022-12-19T12:59:30","guid":{"rendered":"https:\/\/radiorevelacionfm.cl\/?p=25553"},"modified":"2022-12-19T09:59:30","modified_gmt":"2022-12-19T12:59:30","slug":"realizan-intervencion-artistica-cultural-enmarcada-en-el-mes-de-los-derechos-humanos","status":"publish","type":"post","link":"https:\/\/radiorevelacionfm.cl\/?p=25553","title":{"rendered":"Realizan intervenci\u00f3n art\u00edstica-cultural enmarcada en el Mes de los Derechos Humanos"},"content":{"rendered":"<div class=\"flex_column av_one_full  flex_column_div av-zero-column-padding first  avia-builder-el-0  el_before_av_one_full  avia-builder-el-first  \" style='border-radius:0px; '><div  class='avia-image-container  av-styling-    avia-builder-el-1  avia-builder-el-no-sibling  avia-align-center '  itemprop=\"image\" itemscope=\"itemscope\" itemtype=\"https:\/\/schema.org\/ImageObject\"  ><div class='avia-image-container-inner'><div class='avia-image-overlay-wrap'><img decoding=\"async\" class='wp-image-25554 avia-img-lazy-loading-not-25554 avia_image' src=\"https:\/\/radiorevelacionfm.cl\/wp-content\/uploads\/2022\/12\/1ff87968-3ed7-4a74-bebb-7148a8fd3139-1_optimized.jpeg\" alt='' title='1ff87968-3ed7-4a74-bebb-7148a8fd3139-(1)_optimized' height=\"600\" width=\"800\"  itemprop=\"thumbnailUrl\" srcset=\"https:\/\/radiorevelacionfm.cl\/wp-content\/uploads\/2022\/12\/1ff87968-3ed7-4a74-bebb-7148a8fd3139-1_optimized.jpeg 800w, https:\/\/radiorevelacionfm.cl\/wp-content\/uploads\/2022\/12\/1ff87968-3ed7-4a74-bebb-7148a8fd3139-1_optimized-300x225.jpeg 300w, https:\/\/radiorevelacionfm.cl\/wp-content\/uploads\/2022\/12\/1ff87968-3ed7-4a74-bebb-7148a8fd3139-1_optimized-768x576.jpeg 768w, https:\/\/radiorevelacionfm.cl\/wp-content\/uploads\/2022\/12\/1ff87968-3ed7-4a74-bebb-7148a8fd3139-1_optimized-705x529.jpeg 705w, https:\/\/radiorevelacionfm.cl\/wp-content\/uploads\/2022\/12\/1ff87968-3ed7-4a74-bebb-7148a8fd3139-1_optimized-600x450.jpeg 600w\" sizes=\"(max-width: 800px) 100vw, 800px\" \/><\/div><\/div><\/div><\/div><div class=\"flex_column av_one_full  flex_column_div av-zero-column-padding first  avia-builder-el-2  el_after_av_one_full  el_before_av_one_full  column-top-margin\" style='border-radius:0px; '><section class=\"av_textblock_section \"  itemscope=\"itemscope\" itemtype=\"https:\/\/schema.org\/BlogPosting\" itemprop=\"blogPost\" ><div class='avia_textblock  '   itemprop=\"text\" ><p style=\"text-align: center;\"><span style=\"font-size: 18pt;\"><b><span lang=\"ES-MX\">Realizan intervenci\u00f3n art\u00edstica-cultural enmarcada en el Mes de los Derechos Humanos<\/span><\/b><\/span><\/p>\n<div id=\"gtx-trans\" style=\"position: absolute; left: -50px; top: 4.31534px;\">\n<div class=\"gtx-trans-icon\"><\/div>\n<\/div>\n<\/div><\/section><\/div><div class=\"flex_column av_one_full  flex_column_div av-zero-column-padding first  avia-builder-el-4  el_after_av_one_full  el_before_av_hr  column-top-margin\" style='border-radius:0px; '><section class=\"av_textblock_section \"  itemscope=\"itemscope\" itemtype=\"https:\/\/schema.org\/BlogPosting\" itemprop=\"blogPost\" ><div class='avia_textblock  '   itemprop=\"text\" ><p class=\"v1x_MsoNormal\" style=\"text-align: justify;\"><span lang=\"ES-MX\">Los derechos que m\u00e1s valoran los ciudadanos en Chile y en la regi\u00f3n dicen relaci\u00f3n con el Derecho a la Salud, el Derecho a la Educaci\u00f3n y el Derecho a la Vivienda.<\/span><\/p>\n<p class=\"v1x_MsoNormal\" style=\"text-align: justify;\"><span lang=\"ES-MX\">Este viernes y en el marco de la conmemoraci\u00f3n del Mes de los Derechos Humanos, la Secretar\u00eda Regional Ministerial de Justicia y DD.HH en conjunto con el Instituto Nacional de Derechos Humanos realizaron una intervenci\u00f3n art\u00edstica-cultural en inmediaciones de la Plaza El Ovejero en Coyhaique.<\/span><\/p>\n<p class=\"v1x_MsoNormal\" style=\"text-align: justify;\"><span lang=\"ES-MX\">En la actividad estuvieron presente los representantes de Derechos Humanos de los servicios dependientes y relacionados del sector Justicia, as\u00ed tambi\u00e9n autoridades regionales encabezadas por el Seremi de Justicia y Derechos Humanos Samuel Navarro Castro, el Jefe Regional del INDH Joaqu\u00edn Bizama Tiznado, el Director del Servicio Nacional de Migraciones Israel Villavicencio Ch\u00e1vez y la Directora Regional del Servicio M\u00e9dico Legal, Catherine Sandoval Marchant.<\/span><\/p>\n<p class=\"v1x_MsoNormal\" style=\"text-align: justify;\"><span lang=\"ES-MX\">El Seremi de Justicia y Derechos Humanos, Samuel Navarro Castro relev\u00f3 esta instancia indicando que \u00aben conjunto con el Instituto Nacional de Derechos Humanos el d\u00eda de hoy hemos conmemorado el D\u00eda Internacional de los Derechos Humanos que fue el pasado 10 de diciembre, pero nos parec\u00eda significativo hacer una relevancia de este d\u00eda, la importancia de la promoci\u00f3n, del respeto de garantizar la efectividad del respeto a los derechos humanos por lo tanto hicimos esta actividad p\u00fablica en la plaza El Ovejero con m\u00fasica, con actividades, con conmemoraci\u00f3n, pero tambi\u00e9n con un compromiso de mantener la defensa de los Derechos Humanos como lo hemos hecho en el pasado, el presente y el futuro porque los derechos humanos tenemos que defenderlos siempre y en cualquier circunstancia\u00bb.<\/span><\/p>\n<p class=\"v1x_MsoNormal\" style=\"text-align: justify;\"><span lang=\"ES-MX\">Mientras que el Jefe Regional del Instituto Nacional de Derechos Humanos Joaqu\u00edn Bizama se\u00f1al\u00f3 que \u00absomos una institucionalidad p\u00fablica que vela por la promoci\u00f3n y la protecci\u00f3n de los Derechos Humanos en Chile por lo tanto era ineludible que pudi\u00e9ramos no conmemorar esta fecha muy importante para todo el mundo y que dice relaci\u00f3n con la firma de la declaraci\u00f3n universal de los Derechos Humanos el a\u00f1o 1948, y para nosotros es muy importante porque sin duda que hay situaciones en las cuales Chile se vio enfrentado de violaciones serias de derechos humanos, pero adem\u00e1s de eso hoy d\u00eda tenemos tambi\u00e9n en democracia situaciones que son vulneratorias de las personas y que son muy importantes de enfrentar y de corregir para que no sigan sucediendo\u00bb.<\/span><\/p>\n<p class=\"v1x_MsoNormal\" style=\"text-align: justify;\"><span lang=\"ES-MX\">Finalmente, y en cuanto a un balance de lo realizado durante este 2022 en esta materia, Navarro destac\u00f3 que \u00abhemos hecho diversas actividades en conjunto con el INDH y con otras entidades, tanto como seminarios, difusi\u00f3n, capacitaci\u00f3n, actividades p\u00fablicas, intervenciones urbanas, tambi\u00e9n trabajo de capacitaci\u00f3n con funcionarios p\u00fablicos para toda aquella poblaci\u00f3n que hoy d\u00eda es m\u00e1s vulnerable a eventuales vulneraciones de derechos humanos, ni\u00f1os, ni\u00f1as y adolescentes, personas mayores, migrantes, diversidad sexual, entre otras, por lo que nos parece importante ir visualizando lo que ser\u00e1 el 2023 perseverando en aquellas que nos permitan hacer la promoci\u00f3n, difusi\u00f3n y sobretodo la instalaci\u00f3n de este concepto que es una materia permanente y que no debemos sesgar d\u00eda a d\u00eda reforzar la importancia y la defensa y promoci\u00f3n de los derechos humanos.\u00bb<\/span><\/p>\n<\/div><\/section><\/div><div  style='height:50px' class='hr hr-invisible   avia-builder-el-6  el_after_av_one_full  el_before_av_social_share '><span class='hr-inner ' ><span class='hr-inner-style'><\/span><\/span><\/div><\/p>\n<div  class='av-social-sharing-box  avia-builder-el-7  el_after_av_hr  el_before_av_hr  '><div class='av-share-box'><h5 class='av-share-link-description av-no-toc '>Compartir esta noticia<\/h5><ul class='av-share-box-list noLightbox'><li class='av-share-link av-social-link-facebook' ><a target=\"_blank\" aria-label=\"Compartir en Facebook\" href='https:\/\/www.facebook.com\/sharer.php?u=https:\/\/radiorevelacionfm.cl\/?p=25553&#038;t=Realizan%20intervenci%C3%B3n%20art%C3%ADstica-cultural%20enmarcada%20en%20el%20Mes%20de%20los%20Derechos%20Humanos' aria-hidden='false' data-av_icon='\ue8f3' data-av_iconfont='entypo-fontello' title='' data-avia-related-tooltip='Compartir en Facebook' rel=\"noopener\"><span class='avia_hidden_link_text'>Compartir en Facebook<\/span><\/a><\/li><li class='av-share-link av-social-link-twitter' ><a target=\"_blank\" aria-label=\"Compartir en Twitter\" href='https:\/\/twitter.com\/share?text=Realizan%20intervenci%C3%B3n%20art%C3%ADstica-cultural%20enmarcada%20en%20el%20Mes%20de%20los%20Derechos%20Humanos&#038;url=https:\/\/radiorevelacionfm.cl\/?p=25553' aria-hidden='false' data-av_icon='\ue8f1' data-av_iconfont='entypo-fontello' title='' data-avia-related-tooltip='Compartir en Twitter' rel=\"noopener\"><span class='avia_hidden_link_text'>Compartir en Twitter<\/span><\/a><\/li><li class='av-share-link av-social-link-whatsapp' ><a target=\"_blank\" aria-label=\"Compartir en Whatsapp\" href='https:\/\/api.whatsapp.com\/send?text=https:\/\/radiorevelacionfm.cl\/?p=25553' aria-hidden='false' data-av_icon='\uf232' data-av_iconfont='entypo-fontello' title='' data-avia-related-tooltip='Compartir en Whatsapp' rel=\"noopener\"><span class='avia_hidden_link_text'>Compartir en Whatsapp<\/span><\/a><\/li><li class='av-share-link av-social-link-linkedin' ><a target=\"_blank\" aria-label=\"Compartir en LinkedIn\" href='https:\/\/linkedin.com\/shareArticle?mini=true&#038;title=Realizan%20intervenci%C3%B3n%20art%C3%ADstica-cultural%20enmarcada%20en%20el%20Mes%20de%20los%20Derechos%20Humanos&#038;url=https:\/\/radiorevelacionfm.cl\/?p=25553' aria-hidden='false' data-av_icon='\ue8fc' data-av_iconfont='entypo-fontello' title='' data-avia-related-tooltip='Compartir en LinkedIn' rel=\"noopener\"><span class='avia_hidden_link_text'>Compartir en LinkedIn<\/span><\/a><\/li><li class='av-share-link av-social-link-mail' ><a  aria-label=\"Compartir por correo\" href='mailto:?subject=Realizan%20intervenci%C3%B3n%20art%C3%ADstica-cultural%20enmarcada%20en%20el%20Mes%20de%20los%20Derechos%20Humanos&#038;body=https:\/\/radiorevelacionfm.cl\/?p=25553' aria-hidden='false' data-av_icon='\ue805' data-av_iconfont='entypo-fontello' title='' data-avia-related-tooltip='Compartir por correo'><span class='avia_hidden_link_text'>Compartir por correo<\/span><\/a><\/li><\/ul><\/div><\/div>\n<div  style='height:50px' class='hr hr-invisible   avia-builder-el-8  el_after_av_social_share  el_before_av_comments_list '><span class='hr-inner ' ><span class='hr-inner-style'><\/span><\/span><\/div>\n<div  class='av-buildercomment  av-blog-meta-html-info-disabled av-blog-meta-tag-disabled  '><\/div>\n","protected":false},"excerpt":{"rendered":"","protected":false},"author":1,"featured_media":25554,"comment_status":"open","ping_status":"open","sticky":false,"template":"","format":"standard","meta":{"footnotes":""},"categories":[55],"tags":[],"class_list":["post-25553","post","type-post","status-publish","format-standard","has-post-thumbnail","hentry","category-justicia"],"jetpack_featured_media_url":"https:\/\/radiorevelacionfm.cl\/wp-content\/uploads\/2022\/12\/1ff87968-3ed7-4a74-bebb-7148a8fd3139-1_optimized.jpeg","_links":{"self":[{"href":"https:\/\/radiorevelacionfm.cl\/index.php?rest_route=\/wp\/v2\/posts\/25553","targetHints":{"allow":["GET"]}}],"collection":[{"href":"https:\/\/radiorevelacionfm.cl\/index.php?rest_route=\/wp\/v2\/posts"}],"about":[{"href":"https:\/\/radiorevelacionfm.cl\/index.php?rest_route=\/wp\/v2\/types\/post"}],"author":[{"embeddable":true,"href":"https:\/\/radiorevelacionfm.cl\/index.php?rest_route=\/wp\/v2\/users\/1"}],"replies":[{"embeddable":true,"href":"https:\/\/radiorevelacionfm.cl\/index.php?rest_route=%2Fwp%2Fv2%2Fcomments&post=25553"}],"version-history":[{"count":2,"href":"https:\/\/radiorevelacionfm.cl\/index.php?rest_route=\/wp\/v2\/posts\/25553\/revisions"}],"predecessor-version":[{"id":25570,"href":"https:\/\/radiorevelacionfm.cl\/index.php?rest_route=\/wp\/v2\/posts\/25553\/revisions\/25570"}],"wp:featuredmedia":[{"embeddable":true,"href":"https:\/\/radiorevelacionfm.cl\/index.php?rest_route=\/wp\/v2\/media\/25554"}],"wp:attachment":[{"href":"https:\/\/radiorevelacionfm.cl\/index.php?rest_route=%2Fwp%2Fv2%2Fmedia&parent=25553"}],"wp:term":[{"taxonomy":"category","embeddable":true,"href":"https:\/\/radiorevelacionfm.cl\/index.php?rest_route=%2Fwp%2Fv2%2Fcategories&post=25553"},{"taxonomy":"post_tag","embeddable":true,"href":"https:\/\/radiorevelacionfm.cl\/index.php?rest_route=%2Fwp%2Fv2%2Ftags&post=25553"}],"curies":[{"name":"wp","href":"https:\/\/api.w.org\/{rel}","templated":true}]}}