{"id":25549,"date":"2022-12-18T16:57:09","date_gmt":"2022-12-18T19:57:09","guid":{"rendered":"https:\/\/radiorevelacionfm.cl\/?p=25549"},"modified":"2022-12-18T16:57:09","modified_gmt":"2022-12-18T19:57:09","slug":"constatan-aplicacion-de-nueva-tecnologia-para-pavimentar-rutas-en-la-zona-sur-de-la-region-de-aysen","status":"publish","type":"post","link":"https:\/\/radiorevelacionfm.cl\/?p=25549","title":{"rendered":"Constatan aplicaci\u00f3n de nueva tecnolog\u00eda para pavimentar rutas en la zona sur de la regi\u00f3n de Ays\u00e9n"},"content":{"rendered":"<div class=\"flex_column av_one_full  flex_column_div av-zero-column-padding first  avia-builder-el-0  el_before_av_one_full  avia-builder-el-first  \" style='border-radius:0px; '><div  class='avia-image-container  av-styling-    avia-builder-el-1  avia-builder-el-no-sibling  avia-align-center '  itemprop=\"image\" itemscope=\"itemscope\" itemtype=\"https:\/\/schema.org\/ImageObject\"  ><div class='avia-image-container-inner'><div class='avia-image-overlay-wrap'><img decoding=\"async\" class='wp-image-25551 avia-img-lazy-loading-not-25551 avia_image' src=\"https:\/\/radiorevelacionfm.cl\/wp-content\/uploads\/2022\/12\/ocho-ok-1-1_optimized-1.jpg\" alt='' title='ocho-ok-(1)-(1)_optimized (1)' height=\"600\" width=\"1599\"  itemprop=\"thumbnailUrl\" srcset=\"https:\/\/radiorevelacionfm.cl\/wp-content\/uploads\/2022\/12\/ocho-ok-1-1_optimized-1.jpg 1599w, https:\/\/radiorevelacionfm.cl\/wp-content\/uploads\/2022\/12\/ocho-ok-1-1_optimized-1-300x113.jpg 300w, https:\/\/radiorevelacionfm.cl\/wp-content\/uploads\/2022\/12\/ocho-ok-1-1_optimized-1-1030x386.jpg 1030w, https:\/\/radiorevelacionfm.cl\/wp-content\/uploads\/2022\/12\/ocho-ok-1-1_optimized-1-768x288.jpg 768w, https:\/\/radiorevelacionfm.cl\/wp-content\/uploads\/2022\/12\/ocho-ok-1-1_optimized-1-1536x576.jpg 1536w, https:\/\/radiorevelacionfm.cl\/wp-content\/uploads\/2022\/12\/ocho-ok-1-1_optimized-1-1500x563.jpg 1500w, https:\/\/radiorevelacionfm.cl\/wp-content\/uploads\/2022\/12\/ocho-ok-1-1_optimized-1-705x265.jpg 705w, https:\/\/radiorevelacionfm.cl\/wp-content\/uploads\/2022\/12\/ocho-ok-1-1_optimized-1-600x225.jpg 600w\" sizes=\"(max-width: 1599px) 100vw, 1599px\" \/><\/div><\/div><\/div><\/div><div class=\"flex_column av_one_full  flex_column_div av-zero-column-padding first  avia-builder-el-2  el_after_av_one_full  el_before_av_one_full  column-top-margin\" style='border-radius:0px; '><section class=\"av_textblock_section \"  itemscope=\"itemscope\" itemtype=\"https:\/\/schema.org\/BlogPosting\" itemprop=\"blogPost\" ><div class='avia_textblock  '   itemprop=\"text\" ><p style=\"text-align: center;\"><strong><span style=\"font-size: 18pt;\">Constatan aplicaci\u00f3n de nueva tecnolog\u00eda para pavimentar rutas en la zona sur de la regi\u00f3n de Ays\u00e9n<\/span><\/strong><\/p>\n<div id=\"gtx-trans\" style=\"position: absolute; left: -50px; top: 4.31534px;\">\n<div class=\"gtx-trans-icon\"><\/div>\n<\/div>\n<\/div><\/section><\/div><div class=\"flex_column av_one_full  flex_column_div av-zero-column-padding first  avia-builder-el-4  el_after_av_one_full  el_before_av_hr  column-top-margin\" style='border-radius:0px; '><section class=\"av_textblock_section \"  itemscope=\"itemscope\" itemtype=\"https:\/\/schema.org\/BlogPosting\" itemprop=\"blogPost\" ><div class='avia_textblock  '   itemprop=\"text\" ><p style=\"text-align: justify;\">\u201cEl presupuesto del a\u00f1o 2023 ser\u00e1 12,7% mayor, siendo el m\u00e1s relevante que ha tenido el ministerio en los \u00faltimos a\u00f1os. En \u00e9l est\u00e1n consideradas dos obras de gran relevancia para la provincia de Capit\u00e1n Prat, como son el llamado a licitaci\u00f3n de la pavimentaci\u00f3n de la Ruta 7 Sur, entre el sector El Neff hasta el puente Chacabuco y durante el segundo semestre 2023 el llamado a licitaci\u00f3n de los cinco kil\u00f3metros entre el l\u00edmite sur del Parque Patagonia hasta la cuesta El Traro\u201d, anunci\u00f3 el SEREMI del MOP.<\/p>\n<p style=\"text-align: justify;\">Hasta Cochrane viaj\u00f3 el Secretario Regional Ministerial de Obras P\u00fablicas Patricio Sanhueza Ulloa, para reunirse con equipo de profesionales y t\u00e9cnicos de la Direcci\u00f3n Regional de Vialidad y de la Oficina Provincial de Vialidad MOP Capit\u00e1n Prat para conjuntamente constatar una nueva l\u00ednea de innovaci\u00f3n en materia de pavimentaci\u00f3n que ya se est\u00e1 aplicando en varios caminos en la zona sur de la regi\u00f3n de Ays\u00e9n, junto con inspeccionar los avances en la pavimentaci\u00f3n de la Ruta 7 Sur, El Manzano-Cochrane, sector El Traro- acceso sur a la ciudad de Cochrane y verificar junto a la Delegada presidencial de la Provincia Capit\u00e1n Prat Marta Montiel el funcionamiento de la Balsa Baker.<\/p>\n<p style=\"text-align: justify;\">Consultado al respecto, la autoridad regional del MOP inform\u00f3 que \u201c la visita realizada tuvo como objeto \u00a0ver el avance en las obras que ejecutamos en la comuna, dentro de las cuales se encuentra la pavimentaci\u00f3n de la Ruta 7 Sur entre la cuesta El Traro y la salida sur de Cochrane, la experiencia que est\u00e1 realizando el equipo de Vialidad de la Oficina Provincial de Capit\u00e1n Prat con soluciones como es el suelo cemento en la Ruta X-901, camino a San Lorenzo en donde los equipos trabajan comprometidos en un tramo de prueba\/estabilizaci\u00f3n de suelo cemento, l\u00ednea de innovaci\u00f3n que estamos apoyando y luego la aplicaci\u00f3n de sello asf\u00e1ltico. Este a\u00f1o son 4 km con una inversi\u00f3n de 68 millones de pesos; tambi\u00e9n trabajamos en el sector cruce Ruta 7 Pampa Calluqueo; en el camino hacia el Aer\u00f3dromo y en la Ruta 7 Sur, cruce el camino hacia Laguna Esperanza. El pr\u00f3ximo a\u00f1o vamos a continuar con este sistema en el camino al vertedero, avanzar hacia el camino Reserva Tamango, sector escualo y el sector puente Escobar, con el objetivo de poder entregar soluciones intermedias al pavimento para mejorar la transitabilidad en estos tramos y en donde tenemos mayor circulaci\u00f3n de vecinos. Posteriormente, nos trasladamos a la Balsa Baker para junto con ver su funcionamiento tambi\u00e9n reconocer y relevar la funci\u00f3n p\u00fablica y el trabajo bien hecho en el caso de la inspecci\u00f3n Fiscal de V\u00edctor Jara en el pavimento y de Juan Carlos B\u00f3rquez en el liderazgo de las soluciones que se han dado de suelo cemento y de la Balsa Baker\u201d.<\/p>\n<p style=\"text-align: justify;\">En la oportunidad el SEREMI del MOP indic\u00f3 que el presupuesto 2023 tiene tres ejes fundamentales que son la seguridad ciudadana, la seguridad social y la seguridad econ\u00f3mica, \u201clo que va en l\u00ednea tambi\u00e9n con las medidas de reactivaci\u00f3n econ\u00f3mica y de apoyo al trabajo y a la construcci\u00f3n que ha tomado nuestro ministerio dentro de las cuales destaca el pago retroactivo mediante el cual se podr\u00e1 beneficiar a las empresas \u2013entre ellas \u00a0Conpax con un monto del orden de $500 millones-, y reconoce el aumento de los costos de combustible, mano de obra y de insumos. Adem\u00e1s, anunciamos que el presupuesto para el a\u00f1o 2023 ser\u00e1 12,7% mayor, siendo el m\u00e1s relevante que ha tenido el ministerio en los \u00faltimos a\u00f1os y en \u00e9l est\u00e1n consideradas dos obras de gran relevancia para la provincia de Capit\u00e1n Prat que son el llamado a licitaci\u00f3n de la pavimentaci\u00f3n de la Ruta 7 Sur, entre el sector El Neff hasta el puente Chacabuco y durante el segundo semestre el llamado a licitaci\u00f3n de los cinco kil\u00f3metros entre el l\u00edmite sur del Parque Patagonia hasta la cuesta El Traro, que son los cinco kil\u00f3metros\u00a0 que est\u00e1n a continuaci\u00f3n de lo que hoy se est\u00e1 pavimentando y adem\u00e1s se espera que la pavimentaci\u00f3n que hoy est\u00e1 en curso si bien el contrato va a terminar en invierno, la pavimentaci\u00f3n se espera que entre en operaci\u00f3n durante el mes de marzo\u201d.<\/p>\n<p style=\"text-align: justify;\"><strong><u>BALSA BAKER<\/u><\/strong><\/p>\n<p style=\"text-align: justify;\">Posteriormente, Patricio Sanhueza junto a la Delegada Presidencial de la Provincia Capit\u00e1n Prat Marta Montiel Alarc\u00f3n visitaron a los operadores de la Balsa Baker, oportunidad en la que \u201cpudimos constatar que ya se encuentra operando la Balsa Baker y conversamos con nuestros trabajadores y con la comunidad a quienes les informamos la continuidad en la entrega de este servicio que fue tan anhelado por mucho tiempo por ellos, as\u00ed que estamos muy contentos de la conectividad recobrada y les enviamos un gran saludo a las vecinas y vecinos de los sectores Colonia Norte, Neff y Cerro Negro\u201d.<\/p>\n<p style=\"text-align: justify;\">Por su parte, la Delegada presidencial de la provincia Capit\u00e1n Prat se\u00f1al\u00f3 \u201csin duda la importancia de la puesta en marcha de la Balsa Baker viene a dar soluci\u00f3n a problemas de conectividad que tiene el sector. Los vecinos de Balsa Baker, Colonia Norte, El Mait\u00e9n, Cerro Negro y R\u00edo Neff hoy d\u00eda est\u00e1n agradecidos, dado que tienen una conectividad mucho m\u00e1s expedita. Destacar tambi\u00e9n la importancia, el trabajo y el compromiso cumplido del SEREMI de Obras P\u00fablicas y destacamos que se cuenta con operadores y personal adicional al de la Oficina Provincial de Vialidad-MOP y se ampli\u00f3 el horario de operaci\u00f3n de la Balsa Baker, lo que era un requerimiento hist\u00f3rico de los vecinos\u201d.<\/p>\n<\/div><\/section><\/div><div  style='height:50px' class='hr hr-invisible   avia-builder-el-6  el_after_av_one_full  el_before_av_social_share '><span class='hr-inner ' ><span class='hr-inner-style'><\/span><\/span><\/div><\/p>\n<div  class='av-social-sharing-box  avia-builder-el-7  el_after_av_hr  el_before_av_hr  '><div class='av-share-box'><h5 class='av-share-link-description av-no-toc '>Compartir esta noticia<\/h5><ul class='av-share-box-list noLightbox'><li class='av-share-link av-social-link-facebook' ><a target=\"_blank\" aria-label=\"Compartir en Facebook\" href='https:\/\/www.facebook.com\/sharer.php?u=https:\/\/radiorevelacionfm.cl\/?p=25549&#038;t=Constatan%20aplicaci%C3%B3n%20de%20nueva%20tecnolog%C3%ADa%20para%20pavimentar%20rutas%20en%20la%20zona%20sur%20de%20la%20regi%C3%B3n%20de%20Ays%C3%A9n' aria-hidden='false' data-av_icon='\ue8f3' data-av_iconfont='entypo-fontello' title='' data-avia-related-tooltip='Compartir en Facebook' rel=\"noopener\"><span class='avia_hidden_link_text'>Compartir en Facebook<\/span><\/a><\/li><li class='av-share-link av-social-link-twitter' ><a target=\"_blank\" aria-label=\"Compartir en Twitter\" href='https:\/\/twitter.com\/share?text=Constatan%20aplicaci%C3%B3n%20de%20nueva%20tecnolog%C3%ADa%20para%20pavimentar%20rutas%20en%20la%20zona%20sur%20de%20la%20regi%C3%B3n%20de%20Ays%C3%A9n&#038;url=https:\/\/radiorevelacionfm.cl\/?p=25549' aria-hidden='false' data-av_icon='\ue8f1' data-av_iconfont='entypo-fontello' title='' data-avia-related-tooltip='Compartir en Twitter' rel=\"noopener\"><span class='avia_hidden_link_text'>Compartir en Twitter<\/span><\/a><\/li><li class='av-share-link av-social-link-whatsapp' ><a target=\"_blank\" aria-label=\"Compartir en Whatsapp\" href='https:\/\/api.whatsapp.com\/send?text=https:\/\/radiorevelacionfm.cl\/?p=25549' aria-hidden='false' data-av_icon='\uf232' data-av_iconfont='entypo-fontello' title='' data-avia-related-tooltip='Compartir en Whatsapp' rel=\"noopener\"><span class='avia_hidden_link_text'>Compartir en Whatsapp<\/span><\/a><\/li><li class='av-share-link av-social-link-linkedin' ><a target=\"_blank\" aria-label=\"Compartir en LinkedIn\" href='https:\/\/linkedin.com\/shareArticle?mini=true&#038;title=Constatan%20aplicaci%C3%B3n%20de%20nueva%20tecnolog%C3%ADa%20para%20pavimentar%20rutas%20en%20la%20zona%20sur%20de%20la%20regi%C3%B3n%20de%20Ays%C3%A9n&#038;url=https:\/\/radiorevelacionfm.cl\/?p=25549' aria-hidden='false' data-av_icon='\ue8fc' data-av_iconfont='entypo-fontello' title='' data-avia-related-tooltip='Compartir en LinkedIn' rel=\"noopener\"><span class='avia_hidden_link_text'>Compartir en LinkedIn<\/span><\/a><\/li><li class='av-share-link av-social-link-mail' ><a  aria-label=\"Compartir por correo\" href='mailto:?subject=Constatan%20aplicaci%C3%B3n%20de%20nueva%20tecnolog%C3%ADa%20para%20pavimentar%20rutas%20en%20la%20zona%20sur%20de%20la%20regi%C3%B3n%20de%20Ays%C3%A9n&#038;body=https:\/\/radiorevelacionfm.cl\/?p=25549' aria-hidden='false' data-av_icon='\ue805' data-av_iconfont='entypo-fontello' title='' data-avia-related-tooltip='Compartir por correo'><span class='avia_hidden_link_text'>Compartir por correo<\/span><\/a><\/li><\/ul><\/div><\/div>\n<div  style='height:50px' class='hr hr-invisible   avia-builder-el-8  el_after_av_social_share  el_before_av_comments_list '><span class='hr-inner ' ><span class='hr-inner-style'><\/span><\/span><\/div>\n<div  class='av-buildercomment  av-blog-meta-html-info-disabled av-blog-meta-tag-disabled  '><\/div>\n","protected":false},"excerpt":{"rendered":"","protected":false},"author":1,"featured_media":25551,"comment_status":"open","ping_status":"open","sticky":false,"template":"","format":"standard","meta":{"footnotes":""},"categories":[38],"tags":[],"class_list":["post-25549","post","type-post","status-publish","format-standard","has-post-thumbnail","hentry","category-regional"],"jetpack_featured_media_url":"https:\/\/radiorevelacionfm.cl\/wp-content\/uploads\/2022\/12\/ocho-ok-1-1_optimized-1.jpg","_links":{"self":[{"href":"https:\/\/radiorevelacionfm.cl\/index.php?rest_route=\/wp\/v2\/posts\/25549","targetHints":{"allow":["GET"]}}],"collection":[{"href":"https:\/\/radiorevelacionfm.cl\/index.php?rest_route=\/wp\/v2\/posts"}],"about":[{"href":"https:\/\/radiorevelacionfm.cl\/index.php?rest_route=\/wp\/v2\/types\/post"}],"author":[{"embeddable":true,"href":"https:\/\/radiorevelacionfm.cl\/index.php?rest_route=\/wp\/v2\/users\/1"}],"replies":[{"embeddable":true,"href":"https:\/\/radiorevelacionfm.cl\/index.php?rest_route=%2Fwp%2Fv2%2Fcomments&post=25549"}],"version-history":[{"count":2,"href":"https:\/\/radiorevelacionfm.cl\/index.php?rest_route=\/wp\/v2\/posts\/25549\/revisions"}],"predecessor-version":[{"id":25556,"href":"https:\/\/radiorevelacionfm.cl\/index.php?rest_route=\/wp\/v2\/posts\/25549\/revisions\/25556"}],"wp:featuredmedia":[{"embeddable":true,"href":"https:\/\/radiorevelacionfm.cl\/index.php?rest_route=\/wp\/v2\/media\/25551"}],"wp:attachment":[{"href":"https:\/\/radiorevelacionfm.cl\/index.php?rest_route=%2Fwp%2Fv2%2Fmedia&parent=25549"}],"wp:term":[{"taxonomy":"category","embeddable":true,"href":"https:\/\/radiorevelacionfm.cl\/index.php?rest_route=%2Fwp%2Fv2%2Fcategories&post=25549"},{"taxonomy":"post_tag","embeddable":true,"href":"https:\/\/radiorevelacionfm.cl\/index.php?rest_route=%2Fwp%2Fv2%2Ftags&post=25549"}],"curies":[{"name":"wp","href":"https:\/\/api.w.org\/{rel}","templated":true}]}}