{"id":25536,"date":"2022-12-18T12:34:16","date_gmt":"2022-12-18T15:34:16","guid":{"rendered":"https:\/\/radiorevelacionfm.cl\/?p=25536"},"modified":"2022-12-18T12:34:16","modified_gmt":"2022-12-18T15:34:16","slug":"pescadores-artesanales-firman-plan-de-acuerdo-que-aborda-la-regionalizacion-de-los-recursos-pesqueros","status":"publish","type":"post","link":"https:\/\/radiorevelacionfm.cl\/?p=25536","title":{"rendered":"Pescadores artesanales firman Plan de Acuerdo que aborda la regionalizaci\u00f3n de los recursos pesqueros"},"content":{"rendered":"<div class=\"flex_column av_one_full  flex_column_div av-zero-column-padding first  avia-builder-el-0  el_before_av_one_full  avia-builder-el-first  \" style='border-radius:0px; '><div  class='avia-image-container  av-styling-    avia-builder-el-1  avia-builder-el-no-sibling  avia-align-center '  itemprop=\"image\" itemscope=\"itemscope\" itemtype=\"https:\/\/schema.org\/ImageObject\"  ><div class='avia-image-container-inner'><div class='avia-image-overlay-wrap'><img decoding=\"async\" class='wp-image-25537 avia-img-lazy-loading-not-25537 avia_image' src=\"https:\/\/radiorevelacionfm.cl\/wp-content\/uploads\/2022\/12\/4-37-1.jpeg\" alt='' title='4 (37) (1)' height=\"600\" width=\"900\"  itemprop=\"thumbnailUrl\" srcset=\"https:\/\/radiorevelacionfm.cl\/wp-content\/uploads\/2022\/12\/4-37-1.jpeg 900w, https:\/\/radiorevelacionfm.cl\/wp-content\/uploads\/2022\/12\/4-37-1-300x200.jpeg 300w, https:\/\/radiorevelacionfm.cl\/wp-content\/uploads\/2022\/12\/4-37-1-768x512.jpeg 768w, https:\/\/radiorevelacionfm.cl\/wp-content\/uploads\/2022\/12\/4-37-1-705x470.jpeg 705w, https:\/\/radiorevelacionfm.cl\/wp-content\/uploads\/2022\/12\/4-37-1-600x400.jpeg 600w\" sizes=\"(max-width: 900px) 100vw, 900px\" \/><\/div><\/div><\/div><\/div><div class=\"flex_column av_one_full  flex_column_div av-zero-column-padding first  avia-builder-el-2  el_after_av_one_full  el_before_av_one_full  column-top-margin\" style='border-radius:0px; '><section class=\"av_textblock_section \"  itemscope=\"itemscope\" itemtype=\"https:\/\/schema.org\/BlogPosting\" itemprop=\"blogPost\" ><div class='avia_textblock  '   itemprop=\"text\" ><p style=\"text-align: center;\"><strong><span style=\"font-size: 18pt;\">Pescadores artesanales firman Plan de Acuerdo que aborda la regionalizaci\u00f3n de los recursos pesqueros<\/span><\/strong><\/p>\n<div id=\"gtx-trans\" style=\"position: absolute; left: -50px; top: 4.31534px;\">\n<div class=\"gtx-trans-icon\"><\/div>\n<\/div>\n<\/div><\/section><\/div><div class=\"flex_column av_one_full  flex_column_div av-zero-column-padding first  avia-builder-el-4  el_after_av_one_full  el_before_av_hr  column-top-margin\" style='border-radius:0px; '><section class=\"av_textblock_section \"  itemscope=\"itemscope\" itemtype=\"https:\/\/schema.org\/BlogPosting\" itemprop=\"blogPost\" ><div class='avia_textblock  '   itemprop=\"text\" ><p class=\"v1gmail-p3\" style=\"text-align: justify;\">Durante el Seminario \u00abPesca Artesanal en la Regi\u00f3n de Ays\u00e9n: contexto y desaf\u00edos de acuerdo en el escenario de una nueva ley\u00bb, la Gobernadora Regional, Andrea Mac\u00edas Palma, junto a pescadores y pescadoras artesanales de distintas zonas del territorio firmaron una Plan de Acuerdo que promueve la regionalizaci\u00f3n de los recursos pesqueros, la sustentabilidad, y el cuidado del medioambiente.<\/p>\n<p class=\"v1gmail-p3\" style=\"text-align: justify;\">\u00abUno de los objetivos ten\u00eda que ver con establecer puntos comunes para todos y las pescadoras artesanales de la regi\u00f3n y, eso, desde hace muchos a\u00f1os viene resonando y tiene que ver precisamente con la regionalizaci\u00f3n de los recursos. Esto como una forma de llevar adelante una pesquer\u00eda que sea sustentable, que sea sostenible donde efectivamente las comunidades tengan un alto nivel de participaci\u00f3n, pero adem\u00e1s donde exista una preocupaci\u00f3n permanente por el manejo responsable de los recursos\u00bb, dijo la Gobernadora Regional, Andrea Mac\u00edas Palma.<\/p>\n<p class=\"v1gmail-p3\" style=\"text-align: justify;\">La primera autoridad regional detall\u00f3 que este plan de acuerdo al cual adhirieron pescadoras y pescadores artesanales permitir\u00e1 fijar una postura durante los di\u00e1logos regionales que se est\u00e1n efectuando, en el contexto de la modificaci\u00f3n de la ley de pesca.<\/p>\n<p class=\"v1gmail-p3\" style=\"text-align: justify;\">\u00abEste acuerdo es la base de un todo porque una regionalizaci\u00f3n bien manejada nos permitir\u00eda proyectarnos a largo plazo, pero las pol\u00edticas centralistas apuntan a otros intereses a ser macrozona, a depredar lo poco que queda y qu\u00e9 va pasar con la futura generaci\u00f3n, con la gente que vive en las islas. La regionalizaci\u00f3n es la base y el cuidado del medioambiente van de la mano, son compatibles para mantener el equilibro de los ecosistemas\u00bb, dijo el miembro del Comit\u00e9 Bent\u00f3nico, dirigente de pueblo originario, e integrante del sindicato N\u00f3mades del Mar de Melinka, Daniel Caniullan.<\/p>\n<p class=\"v1gmail-p3\" style=\"text-align: justify;\">El acuerdo fue evaluado por las y los presentes, quienes aprobaron los cinco puntos que aborda:<\/p>\n<p class=\"v1gmail-p3\" style=\"text-align: justify;\">\u00ab1. Reconocer la importancia econ\u00f3mica, social y cultural de la pesca artesanal para las comunidades que habitan el litoral de la Regi\u00f3n de Ays\u00e9n. As\u00ed la pesca es parte del desarrollo regional y aporta a la producci\u00f3n de alimentos en la regi\u00f3n y del pa\u00eds.<span class=\"v1gmail-Apple-converted-space\">\u00a0<\/span><\/p>\n<p class=\"v1gmail-p3\" style=\"text-align: justify;\">2. Cimentar el sector pesquero de la Regi\u00f3n de Ays\u00e9n, sobre la base del cuidado del medioambiente y la sustentabilidad de los recursos pesqueros, entendiendo que s\u00f3lo en la medida que estos se cuiden, ser\u00e1 posible dar continuidad a la actividad por mucho tiempo m\u00e1s, y asegurar la vitalidad de los asentamientos litorales e insulares de la regi\u00f3n.<\/p>\n<p class=\"v1gmail-p3\" style=\"text-align: justify;\">3. Poner en valor al mar de la Regi\u00f3n de Ays\u00e9n como fuente de alimentaci\u00f3n, desarrollo social, laboral, cultural, econ\u00f3mico, de conectividad e integraci\u00f3n territorial.<\/p>\n<p class=\"v1gmail-p3\" style=\"text-align: justify;\">4. Velar por la regionalizaci\u00f3n de la totalidad de los recursos pesqueros, al igual que el resto de las regiones, para todos los recursos pesqueros y bent\u00f3nicos. La descentralizaci\u00f3n tambi\u00e9n debe avanzar con las regiones, las atribuciones sobre el uso y cuidado de los recursos marinos.<span class=\"v1gmail-Apple-converted-space\">\u00a0<\/span><\/p>\n<p class=\"v1gmail-p3\" style=\"text-align: justify;\">5. Reconocer para la Regi\u00f3n de Ays\u00e9n, sus habitantes y autoridades, la importancia del uso sustentable de los recursos marinos, la fragilidad de las comunidades del litoral que dependen preponderantemente de la actividad pesquera, y la importancia de la pesca para la alimentaci\u00f3n de la regi\u00f3n y de Chile.\u00bb.<\/p>\n<p class=\"v1gmail-p3\" style=\"text-align: justify;\"><b>Seminario Pesca Artesanal<\/b><\/p>\n<p class=\"v1gmail-p3\" style=\"text-align: justify;\">En el evento abordaron diferentes tem\u00e1ticas desde la situaci\u00f3n actual de las principales pesquer\u00edas bent\u00f3nicas, de centolla, jaiba hasta los modelos de vida de la pesca artesanal litoral-insular de la Patagonia chilena a trav\u00e9s de las exposiciones que realizaron profesionales del Centro de Investigaci\u00f3n en Ecosistemas de la Patagonia (CIEP). Las estad\u00edsticas del sector pesca y del litoral estuvieron a cargo de funcionarios del Instituto Nacional de Estad\u00edsticas (INE). Las y los pescadores artesanales presentes pudieron consultar e informaron sobre las experiencias que tienen.<span class=\"v1gmail-Apple-converted-space\">\u00a0<\/span><\/p>\n<p class=\"v1gmail-p3\" style=\"text-align: justify;\">El director Zonal de Pesca y Acuicultura, \u00d3scar Henr\u00edquez, valor\u00f3 la informaci\u00f3n entregada durante el seminario, el contenido expuesto por las y los pescadores, al igual que el de los representantes de la academia, los que compartieron su conocimiento. La autoridad afirm\u00f3 que servir\u00e1 para los di\u00e1logos que est\u00e1n realizando sobre la materia.\u00bbSi hay una mirada regional, donde puedan trabajar con una parte de los pescadores o la mayor\u00eda de los pescadores y puedan presentarlos en el encuentro regional, en donde estamos haciendo el levantamiento de todas las ideas, instancias, cuestionamientos, preguntas de los pescadores, lo encuentro s\u00faper positivo\u00bb, manifest\u00f3 el representante de la Subsecretar\u00eda de Pesca y Acuicultura (Subpesca).<\/p>\n<p class=\"v1gmail-p3\" style=\"text-align: justify;\">Representantes de la sociedad civil lideraron el panel: \u00abVoces territoriales. Una mirada a los impactos de las normas y legislaci\u00f3n sobre las pr\u00e1cticas, oficios, desarrollo y proyecci\u00f3n del sector pesquero artesanal\u00bb, integrado por el dirigente del Comit\u00e9 Bent\u00f3nico y de la Comunidad Pu Wapi Guaitecas, Daniel Caniullan, de la mesa pescadora de la Regi\u00f3n de Ays\u00e9n, Ang\u00e9lica Soto, el pescador artesanal de Islas Las Huichas, Nelson Matissine.<span class=\"v1gmail-Apple-converted-space\">\u00a0 <\/span><\/p>\n<p class=\"v1gmail-p3\" style=\"text-align: justify;\">Fueron part\u00edcipes de la actividad integrantes del Comit\u00e9 Bent\u00f3nico Guaitecas, Sociedad Artesana de Guaitecas, integrantes de los Sindicatos; Playas Blanca de Caleta Andrade, Puyuhuapi, Buzos de Puyuhuapi, Pescadores de Puerto Ays\u00e9n, la jefa de la Divisi\u00f3n de Fomento Industria del Gobierno Regional, Yessica Lagos. Hasta una de las primeras exposiciones realizadas durante la ma\u00f1ana estuvieron tambi\u00e9n el alcalde de Ays\u00e9n, Julio Uribe, y la Secretaria Regional Ministerial (Seremi) de Desarrollo Social y Familia, Karina Acevedo Auad.<\/p>\n<p class=\"v1gmail-p3\" style=\"text-align: justify;\">El seminario fue organizado por el Gobierno Regional junto al Centro de Investigaci\u00f3n en Ecosistemas de la Patagonia (CIEP), la Fundaci\u00f3n Superaci\u00f3n de la Pobreza, con el apoyo del Ministerio de Desarrollo Social y Familia, representado a trav\u00e9s de su Secretar\u00eda Regional Ministerial (Seremi), y la Ilustre Municipalidad de Ays\u00e9n.<\/p>\n<\/div><\/section><\/div><div  style='height:50px' class='hr hr-invisible   avia-builder-el-6  el_after_av_one_full  el_before_av_social_share '><span class='hr-inner ' ><span class='hr-inner-style'><\/span><\/span><\/div><\/p>\n<div  class='av-social-sharing-box  avia-builder-el-7  el_after_av_hr  el_before_av_hr  '><div class='av-share-box'><h5 class='av-share-link-description av-no-toc '>Compartir esta noticia<\/h5><ul class='av-share-box-list noLightbox'><li class='av-share-link av-social-link-facebook' ><a target=\"_blank\" aria-label=\"Compartir en Facebook\" href='https:\/\/www.facebook.com\/sharer.php?u=https:\/\/radiorevelacionfm.cl\/?p=25536&#038;t=Pescadores%20artesanales%20firman%20Plan%20de%20Acuerdo%20que%20aborda%20la%20regionalizaci%C3%B3n%20de%20los%20recursos%20pesqueros' aria-hidden='false' data-av_icon='\ue8f3' data-av_iconfont='entypo-fontello' title='' data-avia-related-tooltip='Compartir en Facebook' rel=\"noopener\"><span class='avia_hidden_link_text'>Compartir en Facebook<\/span><\/a><\/li><li class='av-share-link av-social-link-twitter' ><a target=\"_blank\" aria-label=\"Compartir en Twitter\" href='https:\/\/twitter.com\/share?text=Pescadores%20artesanales%20firman%20Plan%20de%20Acuerdo%20que%20aborda%20la%20regionalizaci%C3%B3n%20de%20los%20recursos%20pesqueros&#038;url=https:\/\/radiorevelacionfm.cl\/?p=25536' aria-hidden='false' data-av_icon='\ue8f1' data-av_iconfont='entypo-fontello' title='' data-avia-related-tooltip='Compartir en Twitter' rel=\"noopener\"><span class='avia_hidden_link_text'>Compartir en Twitter<\/span><\/a><\/li><li class='av-share-link av-social-link-whatsapp' ><a target=\"_blank\" aria-label=\"Compartir en Whatsapp\" href='https:\/\/api.whatsapp.com\/send?text=https:\/\/radiorevelacionfm.cl\/?p=25536' aria-hidden='false' data-av_icon='\uf232' data-av_iconfont='entypo-fontello' title='' data-avia-related-tooltip='Compartir en Whatsapp' rel=\"noopener\"><span class='avia_hidden_link_text'>Compartir en Whatsapp<\/span><\/a><\/li><li class='av-share-link av-social-link-linkedin' ><a target=\"_blank\" aria-label=\"Compartir en LinkedIn\" href='https:\/\/linkedin.com\/shareArticle?mini=true&#038;title=Pescadores%20artesanales%20firman%20Plan%20de%20Acuerdo%20que%20aborda%20la%20regionalizaci%C3%B3n%20de%20los%20recursos%20pesqueros&#038;url=https:\/\/radiorevelacionfm.cl\/?p=25536' aria-hidden='false' data-av_icon='\ue8fc' data-av_iconfont='entypo-fontello' title='' data-avia-related-tooltip='Compartir en LinkedIn' rel=\"noopener\"><span class='avia_hidden_link_text'>Compartir en LinkedIn<\/span><\/a><\/li><li class='av-share-link av-social-link-mail' ><a  aria-label=\"Compartir por correo\" href='mailto:?subject=Pescadores%20artesanales%20firman%20Plan%20de%20Acuerdo%20que%20aborda%20la%20regionalizaci%C3%B3n%20de%20los%20recursos%20pesqueros&#038;body=https:\/\/radiorevelacionfm.cl\/?p=25536' aria-hidden='false' data-av_icon='\ue805' data-av_iconfont='entypo-fontello' title='' data-avia-related-tooltip='Compartir por correo'><span class='avia_hidden_link_text'>Compartir por correo<\/span><\/a><\/li><\/ul><\/div><\/div>\n<div  style='height:50px' class='hr hr-invisible   avia-builder-el-8  el_after_av_social_share  el_before_av_comments_list '><span class='hr-inner ' ><span class='hr-inner-style'><\/span><\/span><\/div>\n<div  class='av-buildercomment  av-blog-meta-html-info-disabled av-blog-meta-tag-disabled  '><\/div>\n","protected":false},"excerpt":{"rendered":"","protected":false},"author":1,"featured_media":25537,"comment_status":"open","ping_status":"open","sticky":false,"template":"","format":"standard","meta":{"footnotes":""},"categories":[60],"tags":[],"class_list":["post-25536","post","type-post","status-publish","format-standard","has-post-thumbnail","hentry","category-pesca"],"jetpack_featured_media_url":"https:\/\/radiorevelacionfm.cl\/wp-content\/uploads\/2022\/12\/4-37-1.jpeg","_links":{"self":[{"href":"https:\/\/radiorevelacionfm.cl\/index.php?rest_route=\/wp\/v2\/posts\/25536","targetHints":{"allow":["GET"]}}],"collection":[{"href":"https:\/\/radiorevelacionfm.cl\/index.php?rest_route=\/wp\/v2\/posts"}],"about":[{"href":"https:\/\/radiorevelacionfm.cl\/index.php?rest_route=\/wp\/v2\/types\/post"}],"author":[{"embeddable":true,"href":"https:\/\/radiorevelacionfm.cl\/index.php?rest_route=\/wp\/v2\/users\/1"}],"replies":[{"embeddable":true,"href":"https:\/\/radiorevelacionfm.cl\/index.php?rest_route=%2Fwp%2Fv2%2Fcomments&post=25536"}],"version-history":[{"count":2,"href":"https:\/\/radiorevelacionfm.cl\/index.php?rest_route=\/wp\/v2\/posts\/25536\/revisions"}],"predecessor-version":[{"id":25539,"href":"https:\/\/radiorevelacionfm.cl\/index.php?rest_route=\/wp\/v2\/posts\/25536\/revisions\/25539"}],"wp:featuredmedia":[{"embeddable":true,"href":"https:\/\/radiorevelacionfm.cl\/index.php?rest_route=\/wp\/v2\/media\/25537"}],"wp:attachment":[{"href":"https:\/\/radiorevelacionfm.cl\/index.php?rest_route=%2Fwp%2Fv2%2Fmedia&parent=25536"}],"wp:term":[{"taxonomy":"category","embeddable":true,"href":"https:\/\/radiorevelacionfm.cl\/index.php?rest_route=%2Fwp%2Fv2%2Fcategories&post=25536"},{"taxonomy":"post_tag","embeddable":true,"href":"https:\/\/radiorevelacionfm.cl\/index.php?rest_route=%2Fwp%2Fv2%2Ftags&post=25536"}],"curies":[{"name":"wp","href":"https:\/\/api.w.org\/{rel}","templated":true}]}}