{"id":25533,"date":"2022-12-18T15:51:01","date_gmt":"2022-12-18T18:51:01","guid":{"rendered":"https:\/\/radiorevelacionfm.cl\/?p=25533"},"modified":"2022-12-18T15:51:01","modified_gmt":"2022-12-18T18:51:01","slug":"minvu-aumento-a-mas-de-7-mil-millones-presupuesto-regional-para-el-programa-de-pavimentacion-participativa","status":"publish","type":"post","link":"https:\/\/radiorevelacionfm.cl\/?p=25533","title":{"rendered":"Minvu aument\u00f3 a m\u00e1s de $ 7 mil millones presupuesto regional para el Programa de Pavimentaci\u00f3n Participativa"},"content":{"rendered":"<div class=\"flex_column av_one_full  flex_column_div av-zero-column-padding first  avia-builder-el-0  el_before_av_one_full  avia-builder-el-first  \" style='border-radius:0px; '><div  class='avia-image-container  av-styling-    avia-builder-el-1  avia-builder-el-no-sibling  avia-align-center '  itemprop=\"image\" itemscope=\"itemscope\" itemtype=\"https:\/\/schema.org\/ImageObject\"  ><div class='avia-image-container-inner'><div class='avia-image-overlay-wrap'><img decoding=\"async\" class='wp-image-25534 avia-img-lazy-loading-not-25534 avia_image' src=\"https:\/\/radiorevelacionfm.cl\/wp-content\/uploads\/2022\/12\/Fotos-archivo-Pavimentos-La-Junta-1-1.jpg\" alt='' title='Fotos archivo Pavimentos La Junta (1) (1)' height=\"600\" width=\"900\"  itemprop=\"thumbnailUrl\" srcset=\"https:\/\/radiorevelacionfm.cl\/wp-content\/uploads\/2022\/12\/Fotos-archivo-Pavimentos-La-Junta-1-1.jpg 900w, https:\/\/radiorevelacionfm.cl\/wp-content\/uploads\/2022\/12\/Fotos-archivo-Pavimentos-La-Junta-1-1-300x200.jpg 300w, https:\/\/radiorevelacionfm.cl\/wp-content\/uploads\/2022\/12\/Fotos-archivo-Pavimentos-La-Junta-1-1-768x512.jpg 768w, https:\/\/radiorevelacionfm.cl\/wp-content\/uploads\/2022\/12\/Fotos-archivo-Pavimentos-La-Junta-1-1-705x470.jpg 705w, https:\/\/radiorevelacionfm.cl\/wp-content\/uploads\/2022\/12\/Fotos-archivo-Pavimentos-La-Junta-1-1-600x400.jpg 600w\" sizes=\"(max-width: 900px) 100vw, 900px\" \/><\/div><\/div><\/div><\/div>\n<div class=\"flex_column av_one_full  flex_column_div av-zero-column-padding first  avia-builder-el-2  el_after_av_one_full  el_before_av_one_full  column-top-margin\" style='border-radius:0px; '><section class=\"av_textblock_section \"  itemscope=\"itemscope\" itemtype=\"https:\/\/schema.org\/BlogPosting\" itemprop=\"blogPost\" ><div class='avia_textblock  '   itemprop=\"text\" ><p style=\"text-align: center;\"><strong><span style=\"font-size: 18pt;\">Minvu aument\u00f3 a m\u00e1s de $ 7 mil millones presupuesto regional para el Programa de Pavimentaci\u00f3n Participativa <\/span><\/strong><\/p>\n<div id=\"gtx-trans\" style=\"position: absolute; left: -50px; top: 4.31534px;\">\n<div class=\"gtx-trans-icon\"><\/div>\n<\/div>\n<\/div><\/section><\/div><div class=\"flex_column av_one_full  flex_column_div av-zero-column-padding first  avia-builder-el-4  el_after_av_one_full  el_before_av_hr  column-top-margin\" style='border-radius:0px; '><section class=\"av_textblock_section \"  itemscope=\"itemscope\" itemtype=\"https:\/\/schema.org\/BlogPosting\" itemprop=\"blogPost\" ><div class='avia_textblock  '   itemprop=\"text\" ><p style=\"text-align: justify;\">Con un presupuesto que supera los 7 mil millones de pesos, casi el doble del registrado en 2021, y con un alto n\u00famero de proyectos presentados a nivel regional, 37 en total, cerr\u00f3 hace algunos d\u00edas el 32\u00b0 Llamado para postular al Programa de Pavimentos Participativos del Ministerio de Vivienda y Urbanismo.<\/p>\n<p style=\"text-align: justify;\">El aumento de recursos y el gran inter\u00e9s mostrado por los municipios y organizaciones sociales fue destacado por la Seremi de Vivienda, Paulina Ruz Delf\u00edn, quien record\u00f3 que se trata de un programa hist\u00f3rico del Minvu, que es muy valorado y requerido por la comunidad, ya que se traduce en cambios directos que mejoran su entorno y su calidad de vida.<\/p>\n<p style=\"text-align: justify;\">Precis\u00f3 la autoridad que los proyectos postulados para pavimentaci\u00f3n corresponden a 12 localidades pertenecientes a las comunas de Cisnes, Ays\u00e9n, Coyhaique, R\u00edo Ib\u00e1\u00f1ez, Chile Chico, Cochrane y Tortel, lo que se condice con un aumento significativo de los recursos sectoriales disponibles respecto del a\u00f1o pasado, los que subieron de 3 mil millones en 2021 a m\u00e1s de 7 mil millones de pesos para este a\u00f1o. \u201cAdem\u00e1s de la buena noticia que implica el alza en el n\u00famero de postulaciones, podemos decir con satisfacci\u00f3n que el presupuesto de este a\u00f1o subi\u00f3 casi al doble, lo que a nivel nacional nos ubica en el cuarto lugar entre las regiones con mayor inversi\u00f3n sectorial. Este monto disponible nos permitir\u00e1 financiar 20 de los 37 proyectos postulados, beneficiando con pavimentaci\u00f3n de calles, pasajes o veredas a cientos de familias de Puerto Chacabuco, Puerto Ays\u00e9n, Coyhaique, Bah\u00eda Murta, Chile Chico, Puerto Guadal, Cochrane, Tortel o Ra\u00fal Mar\u00edn Balmaceda, localidad que quedar\u00eda pr\u00e1cticamente con el 100 % de sus calles pavimentadas, lo que es un tremendo avance para el progreso, para la vida y para el futuro de sus habitantes\u201d, manifest\u00f3.<\/p>\n<p style=\"text-align: justify;\">En ese sentido, la Seremi Paulina Ruz indic\u00f3 que otro punto a destacar en este proceso tiene que ver con el aumento en la postulaci\u00f3n de proyectos de construcci\u00f3n y repavimentaci\u00f3n solo de veredas, lo que permitir\u00e1 mejorar considerablemente el desplazamiento para los peatones, incluyendo, por cierto, todos los est\u00e1ndares que dicen relaci\u00f3n con la normativa de la accesibilidad universal. En esta modalidad se presentaron 13 proyectos, de los cuales podr\u00edan ser financiados nueve, para llegar con este adelanto a localidades como Chile Chico, Puerto Guadal o Cochrane. \u201cTodos podemos percibir los negativos efectos que trajo la pandemia para la salud de nuestra poblaci\u00f3n, a lo que se suma un fuerte impacto en la econom\u00eda y en las condiciones de vida de miles de compatriotas. Por eso es justamente all\u00ed donde hemos puesto nuestro mayor esfuerzo, nuestras capacidades y un creciente presupuesto que permita dar continuidad a las obras en ejecuci\u00f3n y generar al mismo tiempo nuevos proyectos urbanos y habitacionales que traigan dinamismo a las econom\u00edas locales, oferta para nuestras empresas, empleo para nuestros trabajadores\/as y un fuerte impulso a la reactivaci\u00f3n econ\u00f3mica que tanto necesitamos\u201d, afirm\u00f3.<\/p>\n<p style=\"text-align: justify;\">Finalmente, la Seremi indic\u00f3 que obtener estos positivos resultados ha sido posible gracias al trabajo conjunto con los municipios, los dirigentes y los mismos vecinos y vecinas organizados, a quienes invit\u00f3 a estar atentos a la entrega de los resultados finales del proceso, lo que ocurrir\u00e1 el pr\u00f3ximo viernes 30 de diciembre con la publicaci\u00f3n de la lista definitiva de proyectos seleccionados para la pavimentaci\u00f3n en las distintas comunas.<\/p>\n<\/div><\/section><\/div><\/p>\n<div  style='height:50px' class='hr hr-invisible   avia-builder-el-6  el_after_av_one_full  el_before_av_social_share '><span class='hr-inner ' ><span class='hr-inner-style'><\/span><\/span><\/div>\n<div  class='av-social-sharing-box  avia-builder-el-7  el_after_av_hr  el_before_av_hr  '><div class='av-share-box'><h5 class='av-share-link-description av-no-toc '>Compartir esta noticia<\/h5><ul class='av-share-box-list noLightbox'><li class='av-share-link av-social-link-facebook' ><a target=\"_blank\" aria-label=\"Compartir en Facebook\" href='https:\/\/www.facebook.com\/sharer.php?u=https:\/\/radiorevelacionfm.cl\/?p=25533&#038;t=Minvu%20aument%C3%B3%20a%20m%C3%A1s%20de%20%24%207%20mil%20millones%20presupuesto%20regional%20para%20el%20Programa%20de%20Pavimentaci%C3%B3n%20Participativa' aria-hidden='false' data-av_icon='\ue8f3' data-av_iconfont='entypo-fontello' title='' data-avia-related-tooltip='Compartir en Facebook' rel=\"noopener\"><span class='avia_hidden_link_text'>Compartir en Facebook<\/span><\/a><\/li><li class='av-share-link av-social-link-twitter' ><a target=\"_blank\" aria-label=\"Compartir en Twitter\" href='https:\/\/twitter.com\/share?text=Minvu%20aument%C3%B3%20a%20m%C3%A1s%20de%20%24%207%20mil%20millones%20presupuesto%20regional%20para%20el%20Programa%20de%20Pavimentaci%C3%B3n%20Participativa&#038;url=https:\/\/radiorevelacionfm.cl\/?p=25533' aria-hidden='false' data-av_icon='\ue8f1' data-av_iconfont='entypo-fontello' title='' data-avia-related-tooltip='Compartir en Twitter' rel=\"noopener\"><span class='avia_hidden_link_text'>Compartir en Twitter<\/span><\/a><\/li><li class='av-share-link av-social-link-whatsapp' ><a target=\"_blank\" aria-label=\"Compartir en Whatsapp\" href='https:\/\/api.whatsapp.com\/send?text=https:\/\/radiorevelacionfm.cl\/?p=25533' aria-hidden='false' data-av_icon='\uf232' data-av_iconfont='entypo-fontello' title='' data-avia-related-tooltip='Compartir en Whatsapp' rel=\"noopener\"><span class='avia_hidden_link_text'>Compartir en Whatsapp<\/span><\/a><\/li><li class='av-share-link av-social-link-linkedin' ><a target=\"_blank\" aria-label=\"Compartir en LinkedIn\" href='https:\/\/linkedin.com\/shareArticle?mini=true&#038;title=Minvu%20aument%C3%B3%20a%20m%C3%A1s%20de%20%24%207%20mil%20millones%20presupuesto%20regional%20para%20el%20Programa%20de%20Pavimentaci%C3%B3n%20Participativa&#038;url=https:\/\/radiorevelacionfm.cl\/?p=25533' aria-hidden='false' data-av_icon='\ue8fc' data-av_iconfont='entypo-fontello' title='' data-avia-related-tooltip='Compartir en LinkedIn' rel=\"noopener\"><span class='avia_hidden_link_text'>Compartir en LinkedIn<\/span><\/a><\/li><li class='av-share-link av-social-link-mail' ><a  aria-label=\"Compartir por correo\" href='mailto:?subject=Minvu%20aument%C3%B3%20a%20m%C3%A1s%20de%20%24%207%20mil%20millones%20presupuesto%20regional%20para%20el%20Programa%20de%20Pavimentaci%C3%B3n%20Participativa&#038;body=https:\/\/radiorevelacionfm.cl\/?p=25533' aria-hidden='false' data-av_icon='\ue805' data-av_iconfont='entypo-fontello' title='' data-avia-related-tooltip='Compartir por correo'><span class='avia_hidden_link_text'>Compartir por correo<\/span><\/a><\/li><\/ul><\/div><\/div>\n<div  style='height:50px' class='hr hr-invisible   avia-builder-el-8  el_after_av_social_share  el_before_av_comments_list '><span class='hr-inner ' ><span class='hr-inner-style'><\/span><\/span><\/div>\n<div  class='av-buildercomment  av-blog-meta-html-info-disabled av-blog-meta-tag-disabled  '><\/div>\n","protected":false},"excerpt":{"rendered":"","protected":false},"author":1,"featured_media":25534,"comment_status":"open","ping_status":"open","sticky":false,"template":"","format":"standard","meta":{"footnotes":""},"categories":[57],"tags":[],"class_list":["post-25533","post","type-post","status-publish","format-standard","has-post-thumbnail","hentry","category-vivienda"],"jetpack_featured_media_url":"https:\/\/radiorevelacionfm.cl\/wp-content\/uploads\/2022\/12\/Fotos-archivo-Pavimentos-La-Junta-1-1.jpg","_links":{"self":[{"href":"https:\/\/radiorevelacionfm.cl\/index.php?rest_route=\/wp\/v2\/posts\/25533","targetHints":{"allow":["GET"]}}],"collection":[{"href":"https:\/\/radiorevelacionfm.cl\/index.php?rest_route=\/wp\/v2\/posts"}],"about":[{"href":"https:\/\/radiorevelacionfm.cl\/index.php?rest_route=\/wp\/v2\/types\/post"}],"author":[{"embeddable":true,"href":"https:\/\/radiorevelacionfm.cl\/index.php?rest_route=\/wp\/v2\/users\/1"}],"replies":[{"embeddable":true,"href":"https:\/\/radiorevelacionfm.cl\/index.php?rest_route=%2Fwp%2Fv2%2Fcomments&post=25533"}],"version-history":[{"count":3,"href":"https:\/\/radiorevelacionfm.cl\/index.php?rest_route=\/wp\/v2\/posts\/25533\/revisions"}],"predecessor-version":[{"id":25544,"href":"https:\/\/radiorevelacionfm.cl\/index.php?rest_route=\/wp\/v2\/posts\/25533\/revisions\/25544"}],"wp:featuredmedia":[{"embeddable":true,"href":"https:\/\/radiorevelacionfm.cl\/index.php?rest_route=\/wp\/v2\/media\/25534"}],"wp:attachment":[{"href":"https:\/\/radiorevelacionfm.cl\/index.php?rest_route=%2Fwp%2Fv2%2Fmedia&parent=25533"}],"wp:term":[{"taxonomy":"category","embeddable":true,"href":"https:\/\/radiorevelacionfm.cl\/index.php?rest_route=%2Fwp%2Fv2%2Fcategories&post=25533"},{"taxonomy":"post_tag","embeddable":true,"href":"https:\/\/radiorevelacionfm.cl\/index.php?rest_route=%2Fwp%2Fv2%2Ftags&post=25533"}],"curies":[{"name":"wp","href":"https:\/\/api.w.org\/{rel}","templated":true}]}}