{"id":25513,"date":"2022-12-17T10:40:53","date_gmt":"2022-12-17T13:40:53","guid":{"rendered":"https:\/\/radiorevelacionfm.cl\/?p=25513"},"modified":"2022-12-17T10:40:53","modified_gmt":"2022-12-17T13:40:53","slug":"gobierno-dio-a-conocer-segunda-version-de-la-cuenta-de-gestion-en-participacion-ciudadana-2022","status":"publish","type":"post","link":"https:\/\/radiorevelacionfm.cl\/?p=25513","title":{"rendered":"Gobierno dio a conocer segunda versi\u00f3n de la Cuenta de Gesti\u00f3n en Participaci\u00f3n Ciudadana 2022"},"content":{"rendered":"<div class=\"flex_column av_one_full  flex_column_div av-zero-column-padding first  avia-builder-el-0  el_before_av_one_full  avia-builder-el-first  \" style='border-radius:0px; '><div  class='avia-image-container  av-styling-    avia-builder-el-1  avia-builder-el-no-sibling  avia-align-center '  itemprop=\"image\" itemscope=\"itemscope\" itemtype=\"https:\/\/schema.org\/ImageObject\"  ><div class='avia-image-container-inner'><div class='avia-image-overlay-wrap'><img decoding=\"async\" class='wp-image-25514 avia-img-lazy-loading-not-25514 avia_image' src=\"https:\/\/radiorevelacionfm.cl\/wp-content\/uploads\/2022\/12\/1-2-1-1_optimized.jpeg\" alt='' title='1-(2)-(1)-(1)_optimized' height=\"600\" width=\"800\"  itemprop=\"thumbnailUrl\" srcset=\"https:\/\/radiorevelacionfm.cl\/wp-content\/uploads\/2022\/12\/1-2-1-1_optimized.jpeg 800w, https:\/\/radiorevelacionfm.cl\/wp-content\/uploads\/2022\/12\/1-2-1-1_optimized-300x225.jpeg 300w, https:\/\/radiorevelacionfm.cl\/wp-content\/uploads\/2022\/12\/1-2-1-1_optimized-768x576.jpeg 768w, https:\/\/radiorevelacionfm.cl\/wp-content\/uploads\/2022\/12\/1-2-1-1_optimized-705x529.jpeg 705w, https:\/\/radiorevelacionfm.cl\/wp-content\/uploads\/2022\/12\/1-2-1-1_optimized-600x450.jpeg 600w\" sizes=\"(max-width: 800px) 100vw, 800px\" \/><\/div><\/div><\/div><\/div><div class=\"flex_column av_one_full  flex_column_div av-zero-column-padding first  avia-builder-el-2  el_after_av_one_full  el_before_av_one_full  column-top-margin\" style='border-radius:0px; '><section class=\"av_textblock_section \"  itemscope=\"itemscope\" itemtype=\"https:\/\/schema.org\/BlogPosting\" itemprop=\"blogPost\" ><div class='avia_textblock  '   itemprop=\"text\" ><p style=\"text-align: center;\"><strong><span style=\"font-size: 18pt;\">Gobierno dio a conocer segunda versi\u00f3n de la Cuenta de Gesti\u00f3n en Participaci\u00f3n Ciudadana 2022<\/span><\/strong><\/p>\n<div id=\"gtx-trans\" style=\"position: absolute; left: -50px; top: 4.31534px;\">\n<div class=\"gtx-trans-icon\"><\/div>\n<\/div>\n<\/div><\/section><\/div><div class=\"flex_column av_one_full  flex_column_div av-zero-column-padding first  avia-builder-el-4  el_after_av_one_full  el_before_av_hr  column-top-margin\" style='border-radius:0px; '><section class=\"av_textblock_section \"  itemscope=\"itemscope\" itemtype=\"https:\/\/schema.org\/BlogPosting\" itemprop=\"blogPost\" ><div class='avia_textblock  '   itemprop=\"text\" ><p style=\"text-align: justify;\">La ministra de la Secretar\u00eda General de Gobierno, Camila Vallejo, junto a la subsecretaria de la cartera, Valeska Naranjo, y la directora de la Divisi\u00f3n de Organizaciones Sociales (DOS), Javiera Hausdorf, encabezaron hoy la segunda versi\u00f3n de la Cuenta P\u00fablica de Participaci\u00f3n Ciudadana en la Gesti\u00f3n P\u00fablica 2022. En la ceremonia, que se efectu\u00f3 en el Parque Municipal Guillermo Harnecker, en Valdivia\u00a0 participaron m\u00e1s de 400 dirigentes y dirigentas sociales de la zona sur del pa\u00eds.<\/p>\n<p style=\"text-align: justify;\">\u201cElegimos la comuna de Valdivia como una forma de valorar lo que ustedes han hecho. Es una acci\u00f3n para descentralizar. Desde el Gobierno tenemos un compromiso con la participaci\u00f3n que es honesto y real\u201d, dijo la ministra Vallejo al inicio de su presentaci\u00f3n.<\/p>\n<p style=\"text-align: justify;\">La Cuenta de Gesti\u00f3n en Participaci\u00f3n Ciudadana 2022 -que tuvo su primera versi\u00f3n a principio de diciembre en Santiago- va en l\u00ednea con el pilar de descentralizaci\u00f3n del Ejecutivo y responde a un requerimiento anual: seg\u00fan establece la Ley N\u00ba 20.500, Segegob tiene la responsabilidad de entregar informaci\u00f3n detallada sobre la participaci\u00f3n ciudadana en la gesti\u00f3n p\u00fablica que se realiza a trav\u00e9s de los ministerios y servicios del Estado. Este 2022, por ejemplo, se inform\u00f3 de la gesti\u00f3n de 188 organismos.<\/p>\n<p style=\"text-align: justify;\">Al respecto, la portavoz del gobierno en la regi\u00f3n de Ays\u00e9n, Tatiana Pl\u00e1 \u00c1lvarez, valor\u00f3 la entrega del documento, se\u00f1alando: \u201cEsta instancia va en l\u00ednea con lo que nos ha mandatado el Presidente Gabriel Boric con respecto a descentralizar el pa\u00eds, dando mayor relevancia a las regiones. Nosotros, que estamos en una regi\u00f3n extrema, estamos muy contentos de que la entrega de esta Cuenta de Gesti\u00f3n en Participaci\u00f3n Ciudadana se haya realizado en el sur del pa\u00eds, en la regi\u00f3n de Los R\u00edos una regi\u00f3n tan pr\u00f3xima a la nuestra, esta es una se\u00f1al clara de que nuestro Gobierno apunta hacia la Descentralizaci\u00f3n\u201d.<\/p>\n<\/div><\/section><\/div><div  style='height:50px' class='hr hr-invisible   avia-builder-el-6  el_after_av_one_full  el_before_av_social_share '><span class='hr-inner ' ><span class='hr-inner-style'><\/span><\/span><\/div><\/p>\n<div  class='av-social-sharing-box  avia-builder-el-7  el_after_av_hr  el_before_av_hr  '><div class='av-share-box'><h5 class='av-share-link-description av-no-toc '>Compartir esta noticia<\/h5><ul class='av-share-box-list noLightbox'><li class='av-share-link av-social-link-facebook' ><a target=\"_blank\" aria-label=\"Compartir en Facebook\" href='https:\/\/www.facebook.com\/sharer.php?u=https:\/\/radiorevelacionfm.cl\/?p=25513&#038;t=Gobierno%20dio%20a%20conocer%20segunda%20versi%C3%B3n%20de%20la%20Cuenta%20de%20Gesti%C3%B3n%20en%20Participaci%C3%B3n%20Ciudadana%202022' aria-hidden='false' data-av_icon='\ue8f3' data-av_iconfont='entypo-fontello' title='' data-avia-related-tooltip='Compartir en Facebook' rel=\"noopener\"><span class='avia_hidden_link_text'>Compartir en Facebook<\/span><\/a><\/li><li class='av-share-link av-social-link-twitter' ><a target=\"_blank\" aria-label=\"Compartir en Twitter\" href='https:\/\/twitter.com\/share?text=Gobierno%20dio%20a%20conocer%20segunda%20versi%C3%B3n%20de%20la%20Cuenta%20de%20Gesti%C3%B3n%20en%20Participaci%C3%B3n%20Ciudadana%202022&#038;url=https:\/\/radiorevelacionfm.cl\/?p=25513' aria-hidden='false' data-av_icon='\ue8f1' data-av_iconfont='entypo-fontello' title='' data-avia-related-tooltip='Compartir en Twitter' rel=\"noopener\"><span class='avia_hidden_link_text'>Compartir en Twitter<\/span><\/a><\/li><li class='av-share-link av-social-link-whatsapp' ><a target=\"_blank\" aria-label=\"Compartir en Whatsapp\" href='https:\/\/api.whatsapp.com\/send?text=https:\/\/radiorevelacionfm.cl\/?p=25513' aria-hidden='false' data-av_icon='\uf232' data-av_iconfont='entypo-fontello' title='' data-avia-related-tooltip='Compartir en Whatsapp' rel=\"noopener\"><span class='avia_hidden_link_text'>Compartir en Whatsapp<\/span><\/a><\/li><li class='av-share-link av-social-link-linkedin' ><a target=\"_blank\" aria-label=\"Compartir en LinkedIn\" href='https:\/\/linkedin.com\/shareArticle?mini=true&#038;title=Gobierno%20dio%20a%20conocer%20segunda%20versi%C3%B3n%20de%20la%20Cuenta%20de%20Gesti%C3%B3n%20en%20Participaci%C3%B3n%20Ciudadana%202022&#038;url=https:\/\/radiorevelacionfm.cl\/?p=25513' aria-hidden='false' data-av_icon='\ue8fc' data-av_iconfont='entypo-fontello' title='' data-avia-related-tooltip='Compartir en LinkedIn' rel=\"noopener\"><span class='avia_hidden_link_text'>Compartir en LinkedIn<\/span><\/a><\/li><li class='av-share-link av-social-link-mail' ><a  aria-label=\"Compartir por correo\" href='mailto:?subject=Gobierno%20dio%20a%20conocer%20segunda%20versi%C3%B3n%20de%20la%20Cuenta%20de%20Gesti%C3%B3n%20en%20Participaci%C3%B3n%20Ciudadana%202022&#038;body=https:\/\/radiorevelacionfm.cl\/?p=25513' aria-hidden='false' data-av_icon='\ue805' data-av_iconfont='entypo-fontello' title='' data-avia-related-tooltip='Compartir por correo'><span class='avia_hidden_link_text'>Compartir por correo<\/span><\/a><\/li><\/ul><\/div><\/div>\n<div  style='height:50px' class='hr hr-invisible   avia-builder-el-8  el_after_av_social_share  el_before_av_comments_list '><span class='hr-inner ' ><span class='hr-inner-style'><\/span><\/span><\/div>\n<div  class='av-buildercomment  av-blog-meta-html-info-disabled av-blog-meta-tag-disabled  '><\/div>\n","protected":false},"excerpt":{"rendered":"","protected":false},"author":1,"featured_media":25514,"comment_status":"open","ping_status":"open","sticky":false,"template":"","format":"standard","meta":{"footnotes":""},"categories":[38],"tags":[],"class_list":["post-25513","post","type-post","status-publish","format-standard","has-post-thumbnail","hentry","category-regional"],"jetpack_featured_media_url":"https:\/\/radiorevelacionfm.cl\/wp-content\/uploads\/2022\/12\/1-2-1-1_optimized.jpeg","_links":{"self":[{"href":"https:\/\/radiorevelacionfm.cl\/index.php?rest_route=\/wp\/v2\/posts\/25513","targetHints":{"allow":["GET"]}}],"collection":[{"href":"https:\/\/radiorevelacionfm.cl\/index.php?rest_route=\/wp\/v2\/posts"}],"about":[{"href":"https:\/\/radiorevelacionfm.cl\/index.php?rest_route=\/wp\/v2\/types\/post"}],"author":[{"embeddable":true,"href":"https:\/\/radiorevelacionfm.cl\/index.php?rest_route=\/wp\/v2\/users\/1"}],"replies":[{"embeddable":true,"href":"https:\/\/radiorevelacionfm.cl\/index.php?rest_route=%2Fwp%2Fv2%2Fcomments&post=25513"}],"version-history":[{"count":2,"href":"https:\/\/radiorevelacionfm.cl\/index.php?rest_route=\/wp\/v2\/posts\/25513\/revisions"}],"predecessor-version":[{"id":25524,"href":"https:\/\/radiorevelacionfm.cl\/index.php?rest_route=\/wp\/v2\/posts\/25513\/revisions\/25524"}],"wp:featuredmedia":[{"embeddable":true,"href":"https:\/\/radiorevelacionfm.cl\/index.php?rest_route=\/wp\/v2\/media\/25514"}],"wp:attachment":[{"href":"https:\/\/radiorevelacionfm.cl\/index.php?rest_route=%2Fwp%2Fv2%2Fmedia&parent=25513"}],"wp:term":[{"taxonomy":"category","embeddable":true,"href":"https:\/\/radiorevelacionfm.cl\/index.php?rest_route=%2Fwp%2Fv2%2Fcategories&post=25513"},{"taxonomy":"post_tag","embeddable":true,"href":"https:\/\/radiorevelacionfm.cl\/index.php?rest_route=%2Fwp%2Fv2%2Ftags&post=25513"}],"curies":[{"name":"wp","href":"https:\/\/api.w.org\/{rel}","templated":true}]}}