{"id":25508,"date":"2022-12-16T19:30:24","date_gmt":"2022-12-16T22:30:24","guid":{"rendered":"https:\/\/radiorevelacionfm.cl\/?p=25508"},"modified":"2022-12-16T19:30:24","modified_gmt":"2022-12-16T22:30:24","slug":"presidenta-regional-del-ps-respalda-medidas-del-gobierno-en-materias-educativas-y-apoyo-a-mipymes","status":"publish","type":"post","link":"https:\/\/radiorevelacionfm.cl\/?p=25508","title":{"rendered":"Presidenta Regional del PS respalda medidas del Gobierno en materias educativas y apoyo a Mipymes"},"content":{"rendered":"<div class=\"flex_column av_one_full  flex_column_div av-zero-column-padding first  avia-builder-el-0  el_before_av_one_full  avia-builder-el-first  \" style='border-radius:0px; '><div  class='avia-image-container  av-styling-    avia-builder-el-1  avia-builder-el-no-sibling  avia-align-center '  itemprop=\"image\" itemscope=\"itemscope\" itemtype=\"https:\/\/schema.org\/ImageObject\"  ><div class='avia-image-container-inner'><div class='avia-image-overlay-wrap'><img decoding=\"async\" class='wp-image-25509 avia-img-lazy-loading-not-25509 avia_image' src=\"https:\/\/radiorevelacionfm.cl\/wp-content\/uploads\/2022\/12\/MARISOL-MARTINEZ-presidenta-ps-1-1.jpeg\" alt='' title='MARISOL MARTINEZ presidenta ps (1) (1)' height=\"600\" width=\"785\"  itemprop=\"thumbnailUrl\" srcset=\"https:\/\/radiorevelacionfm.cl\/wp-content\/uploads\/2022\/12\/MARISOL-MARTINEZ-presidenta-ps-1-1.jpeg 785w, https:\/\/radiorevelacionfm.cl\/wp-content\/uploads\/2022\/12\/MARISOL-MARTINEZ-presidenta-ps-1-1-300x229.jpeg 300w, https:\/\/radiorevelacionfm.cl\/wp-content\/uploads\/2022\/12\/MARISOL-MARTINEZ-presidenta-ps-1-1-768x587.jpeg 768w, https:\/\/radiorevelacionfm.cl\/wp-content\/uploads\/2022\/12\/MARISOL-MARTINEZ-presidenta-ps-1-1-705x539.jpeg 705w, https:\/\/radiorevelacionfm.cl\/wp-content\/uploads\/2022\/12\/MARISOL-MARTINEZ-presidenta-ps-1-1-600x459.jpeg 600w\" sizes=\"(max-width: 785px) 100vw, 785px\" \/><\/div><\/div><\/div><\/div><div class=\"flex_column av_one_full  flex_column_div av-zero-column-padding first  avia-builder-el-2  el_after_av_one_full  el_before_av_one_full  column-top-margin\" style='border-radius:0px; '><section class=\"av_textblock_section \"  itemscope=\"itemscope\" itemtype=\"https:\/\/schema.org\/BlogPosting\" itemprop=\"blogPost\" ><div class='avia_textblock  '   itemprop=\"text\" ><p style=\"text-align: center;\"><strong><span style=\"font-size: 18pt;\">Presidenta Regional del PS respalda medidas del Gobierno en materias educativas y apoyo a Mipymes<\/span><\/strong><\/p>\n<div id=\"gtx-trans\" style=\"position: absolute; left: -50px; top: 4.31534px;\">\n<div class=\"gtx-trans-icon\"><\/div>\n<\/div>\n<\/div><\/section><\/div><div class=\"flex_column av_one_full  flex_column_div av-zero-column-padding first  avia-builder-el-4  el_after_av_one_full  el_before_av_hr  column-top-margin\" style='border-radius:0px; '><section class=\"av_textblock_section \"  itemscope=\"itemscope\" itemtype=\"https:\/\/schema.org\/BlogPosting\" itemprop=\"blogPost\" ><div class='avia_textblock  '   itemprop=\"text\" ><p style=\"text-align: justify;\">Este a\u00f1o 2022 ha sido bastante complejo en lo econ\u00f3mico para todo el pa\u00eds, con mayor impacto en nuestra regi\u00f3n, considerando lo apartado del territorio, lo que, por ejemplo, encarece a\u00fan m\u00e1s el costo de vida sobre todo para nuestros vecinos y vecinas de las distintas localidades de Ays\u00e9n.<\/p>\n<p style=\"text-align: justify;\">Esta es una situaci\u00f3n que conoce bastante bien la presidenta regional del Partido Socialista, Marisol Mart\u00ednez S\u00e1nchez, quien puso en valor las acciones que ha estado desarrollando el Gobierno del Presidente Gabriel Boric, en materia de reactivaci\u00f3n econ\u00f3mica y educaci\u00f3n.<\/p>\n<p style=\"text-align: justify;\">\u201cQuiero manifestar mi respaldo, a las medidas que el Gobierno del Presidente Boric est\u00e1 disponiendo para mejorar las condiciones de vida de nuestra regi\u00f3n. En relaci\u00f3n a las Mipymes, se han establecido dos medidas que son tremendamente importantes, una de ellas es que, podr\u00e1n re pactar sus deudas tributarias adeudas con la Tesorer\u00eda General de la Republica, en condiciones excepcionalmente ventajosas, que le van a condonar el 100% de los intereses y multas asociadas, sin pie y hasta en 48 cuotas. De manera que, de esta forma puedan evitar la judicializaci\u00f3n de las deudas tributarias. Por otro lado, las Mipymes van a poder acceder a cr\u00e9ditos que garantiza el Estado, a trav\u00e9s del Fogape Chile Apoya, en esta oportunidad, esta garant\u00eda estatal ser\u00e1 exclusiva para las Mipymes\u201d.<\/p>\n<p style=\"text-align: justify;\">La presidenta del PS, igualmente relev\u00f3 las acciones que el Gobierno est\u00e1 concretando en apoyo al tema educativo en la regi\u00f3n de Ays\u00e9n.<\/p>\n<p style=\"text-align: justify;\">\u201cTambi\u00e9n se han establecido medidas que son tremendamente importantes, en materia de apoyo a nuestras escuelas y liceos de la regi\u00f3n. Estas fueron lanzadas el 17 de mayo en la escuela rural de Valle Simpson y establece especial apoyo a los programas de convivencia escolar, que es muy importante y de salud mental en nuestra regi\u00f3n. Implementando con ello, apoyos a las distintas escuelas y liceos de nuestra regi\u00f3n, lo que va a permitir, poder llevar adelante estos programas de convivencia escolar, en una forma que, permita apoyar a los ni\u00f1os, ni\u00f1as y adolescentes, para llevar adelante un proceso educativo con una mejor condici\u00f3n de relaciones humanas dentro del colegio y la comunidad escolar. Tambi\u00e9n, esto va a permitir apoyar a nuestros profesionales y a nuestros docentes\u201d.<\/p>\n<p style=\"text-align: justify;\">El rol que juega el Gobierno en un mejor desarrollo de la educaci\u00f3n p\u00fablica es fundamental, indic\u00f3 Marisol Mart\u00ednez, en ese sentido valid\u00f3 las acciones que han emprendido el ejecutivo en esta materia y remarco lo fundamental que es apoyar a las Mipymes en una \u00e9poca donde el escenario econ\u00f3mico mundial y del pa\u00eds est\u00e1 bastante complejo.<\/p>\n<p style=\"text-align: justify;\">\u201cCabe destacar tambi\u00e9n en lo educativo que, se va a fortalecer el programa de habilidades para la vida, que son indispensables para la labor educativa integral en nuestras escuelas y liceos. Destacar entonces, una preocupaci\u00f3n en dos \u00e1mbitos tremendamente importantes como son, la econom\u00eda de nuestras Mipymes, tambi\u00e9n la educaci\u00f3n en materias de salud mental, convivencia escolar y el financiamiento de proyectos de infraestructura para escuelas y liceos, que han sido evaluados con dicha necesidad, en lugares tan apartados como lo son Tortel y otras localidades como Ays\u00e9n y Coyhaique\u201d, se\u00f1al\u00f3 la presidenta regional del Partido Socialista, Marisol Mart\u00ednez.<\/p>\n<\/div><\/section><\/div><div  style='height:50px' class='hr hr-invisible   avia-builder-el-6  el_after_av_one_full  el_before_av_social_share '><span class='hr-inner ' ><span class='hr-inner-style'><\/span><\/span><\/div><\/p>\n<div  class='av-social-sharing-box  avia-builder-el-7  el_after_av_hr  el_before_av_hr  '><div class='av-share-box'><h5 class='av-share-link-description av-no-toc '>Compartir esta noticia<\/h5><ul class='av-share-box-list noLightbox'><li class='av-share-link av-social-link-facebook' ><a target=\"_blank\" aria-label=\"Compartir en Facebook\" href='https:\/\/www.facebook.com\/sharer.php?u=https:\/\/radiorevelacionfm.cl\/?p=25508&#038;t=Presidenta%20Regional%20del%20PS%20respalda%20medidas%20del%20Gobierno%20en%20materias%20educativas%20y%20apoyo%20a%20Mipymes' aria-hidden='false' data-av_icon='\ue8f3' data-av_iconfont='entypo-fontello' title='' data-avia-related-tooltip='Compartir en Facebook' rel=\"noopener\"><span class='avia_hidden_link_text'>Compartir en Facebook<\/span><\/a><\/li><li class='av-share-link av-social-link-twitter' ><a target=\"_blank\" aria-label=\"Compartir en Twitter\" href='https:\/\/twitter.com\/share?text=Presidenta%20Regional%20del%20PS%20respalda%20medidas%20del%20Gobierno%20en%20materias%20educativas%20y%20apoyo%20a%20Mipymes&#038;url=https:\/\/radiorevelacionfm.cl\/?p=25508' aria-hidden='false' data-av_icon='\ue8f1' data-av_iconfont='entypo-fontello' title='' data-avia-related-tooltip='Compartir en Twitter' rel=\"noopener\"><span class='avia_hidden_link_text'>Compartir en Twitter<\/span><\/a><\/li><li class='av-share-link av-social-link-whatsapp' ><a target=\"_blank\" aria-label=\"Compartir en Whatsapp\" href='https:\/\/api.whatsapp.com\/send?text=https:\/\/radiorevelacionfm.cl\/?p=25508' aria-hidden='false' data-av_icon='\uf232' data-av_iconfont='entypo-fontello' title='' data-avia-related-tooltip='Compartir en Whatsapp' rel=\"noopener\"><span class='avia_hidden_link_text'>Compartir en Whatsapp<\/span><\/a><\/li><li class='av-share-link av-social-link-linkedin' ><a target=\"_blank\" aria-label=\"Compartir en LinkedIn\" href='https:\/\/linkedin.com\/shareArticle?mini=true&#038;title=Presidenta%20Regional%20del%20PS%20respalda%20medidas%20del%20Gobierno%20en%20materias%20educativas%20y%20apoyo%20a%20Mipymes&#038;url=https:\/\/radiorevelacionfm.cl\/?p=25508' aria-hidden='false' data-av_icon='\ue8fc' data-av_iconfont='entypo-fontello' title='' data-avia-related-tooltip='Compartir en LinkedIn' rel=\"noopener\"><span class='avia_hidden_link_text'>Compartir en LinkedIn<\/span><\/a><\/li><li class='av-share-link av-social-link-mail' ><a  aria-label=\"Compartir por correo\" href='mailto:?subject=Presidenta%20Regional%20del%20PS%20respalda%20medidas%20del%20Gobierno%20en%20materias%20educativas%20y%20apoyo%20a%20Mipymes&#038;body=https:\/\/radiorevelacionfm.cl\/?p=25508' aria-hidden='false' data-av_icon='\ue805' data-av_iconfont='entypo-fontello' title='' data-avia-related-tooltip='Compartir por correo'><span class='avia_hidden_link_text'>Compartir por correo<\/span><\/a><\/li><\/ul><\/div><\/div>\n<div  style='height:50px' class='hr hr-invisible   avia-builder-el-8  el_after_av_social_share  el_before_av_comments_list '><span class='hr-inner ' ><span class='hr-inner-style'><\/span><\/span><\/div>\n<div  class='av-buildercomment  av-blog-meta-html-info-disabled av-blog-meta-tag-disabled  '><\/div>\n","protected":false},"excerpt":{"rendered":"","protected":false},"author":1,"featured_media":25509,"comment_status":"open","ping_status":"open","sticky":false,"template":"","format":"standard","meta":{"footnotes":""},"categories":[35],"tags":[],"class_list":["post-25508","post","type-post","status-publish","format-standard","has-post-thumbnail","hentry","category-politica"],"jetpack_featured_media_url":"https:\/\/radiorevelacionfm.cl\/wp-content\/uploads\/2022\/12\/MARISOL-MARTINEZ-presidenta-ps-1-1.jpeg","_links":{"self":[{"href":"https:\/\/radiorevelacionfm.cl\/index.php?rest_route=\/wp\/v2\/posts\/25508","targetHints":{"allow":["GET"]}}],"collection":[{"href":"https:\/\/radiorevelacionfm.cl\/index.php?rest_route=\/wp\/v2\/posts"}],"about":[{"href":"https:\/\/radiorevelacionfm.cl\/index.php?rest_route=\/wp\/v2\/types\/post"}],"author":[{"embeddable":true,"href":"https:\/\/radiorevelacionfm.cl\/index.php?rest_route=\/wp\/v2\/users\/1"}],"replies":[{"embeddable":true,"href":"https:\/\/radiorevelacionfm.cl\/index.php?rest_route=%2Fwp%2Fv2%2Fcomments&post=25508"}],"version-history":[{"count":2,"href":"https:\/\/radiorevelacionfm.cl\/index.php?rest_route=\/wp\/v2\/posts\/25508\/revisions"}],"predecessor-version":[{"id":25517,"href":"https:\/\/radiorevelacionfm.cl\/index.php?rest_route=\/wp\/v2\/posts\/25508\/revisions\/25517"}],"wp:featuredmedia":[{"embeddable":true,"href":"https:\/\/radiorevelacionfm.cl\/index.php?rest_route=\/wp\/v2\/media\/25509"}],"wp:attachment":[{"href":"https:\/\/radiorevelacionfm.cl\/index.php?rest_route=%2Fwp%2Fv2%2Fmedia&parent=25508"}],"wp:term":[{"taxonomy":"category","embeddable":true,"href":"https:\/\/radiorevelacionfm.cl\/index.php?rest_route=%2Fwp%2Fv2%2Fcategories&post=25508"},{"taxonomy":"post_tag","embeddable":true,"href":"https:\/\/radiorevelacionfm.cl\/index.php?rest_route=%2Fwp%2Fv2%2Ftags&post=25508"}],"curies":[{"name":"wp","href":"https:\/\/api.w.org\/{rel}","templated":true}]}}