{"id":25503,"date":"2022-12-16T16:57:25","date_gmt":"2022-12-16T19:57:25","guid":{"rendered":"https:\/\/radiorevelacionfm.cl\/?p=25503"},"modified":"2022-12-16T16:57:25","modified_gmt":"2022-12-16T19:57:25","slug":"conaf-aysen-y-magallanes-comparten-experiencias-en-el-sistema-de-monitoreo-con-camaras-trampa","status":"publish","type":"post","link":"https:\/\/radiorevelacionfm.cl\/?p=25503","title":{"rendered":"CONAF Ays\u00e9n y Magallanes comparten experiencias en el sistema de monitoreo con c\u00e1maras trampa"},"content":{"rendered":"<div class=\"flex_column av_one_full  flex_column_div av-zero-column-padding first  avia-builder-el-0  el_before_av_one_full  avia-builder-el-first  \" style='border-radius:0px; '><div  class='avia-image-container  av-styling-    avia-builder-el-1  avia-builder-el-no-sibling  avia-align-center '  itemprop=\"image\" itemscope=\"itemscope\" itemtype=\"https:\/\/schema.org\/ImageObject\"  ><div class='avia-image-container-inner'><div class='avia-image-overlay-wrap'><img decoding=\"async\" class='wp-image-25504 avia-img-lazy-loading-not-25504 avia_image' src=\"https:\/\/radiorevelacionfm.cl\/wp-content\/uploads\/2022\/12\/52566442242_68a8c8da1b_c-1.jpg\" alt='' title='52566442242_68a8c8da1b_c (1)' height=\"600\" width=\"800\"  itemprop=\"thumbnailUrl\" srcset=\"https:\/\/radiorevelacionfm.cl\/wp-content\/uploads\/2022\/12\/52566442242_68a8c8da1b_c-1.jpg 800w, https:\/\/radiorevelacionfm.cl\/wp-content\/uploads\/2022\/12\/52566442242_68a8c8da1b_c-1-300x225.jpg 300w, https:\/\/radiorevelacionfm.cl\/wp-content\/uploads\/2022\/12\/52566442242_68a8c8da1b_c-1-768x576.jpg 768w, https:\/\/radiorevelacionfm.cl\/wp-content\/uploads\/2022\/12\/52566442242_68a8c8da1b_c-1-705x529.jpg 705w, https:\/\/radiorevelacionfm.cl\/wp-content\/uploads\/2022\/12\/52566442242_68a8c8da1b_c-1-600x450.jpg 600w\" sizes=\"(max-width: 800px) 100vw, 800px\" \/><\/div><\/div><\/div><\/div><div class=\"flex_column av_one_full  flex_column_div av-zero-column-padding first  avia-builder-el-2  el_after_av_one_full  el_before_av_one_full  column-top-margin\" style='border-radius:0px; '><section class=\"av_textblock_section \"  itemscope=\"itemscope\" itemtype=\"https:\/\/schema.org\/BlogPosting\" itemprop=\"blogPost\" ><div class='avia_textblock  '   itemprop=\"text\" ><p style=\"text-align: center;\"><span style=\"font-size: 18pt;\"><strong>CONAF Ays\u00e9n y Magallanes comparten experiencias en el sistema de monitoreo con c\u00e1maras trampa<\/strong><\/span><\/p>\n<div id=\"gtx-trans\" style=\"position: absolute; left: -50px; top: 4.31534px;\">\n<div class=\"gtx-trans-icon\"><\/div>\n<\/div>\n<\/div><\/section><\/div><div class=\"flex_column av_one_full  flex_column_div av-zero-column-padding first  avia-builder-el-4  el_after_av_one_full  el_before_av_hr  column-top-margin\" style='border-radius:0px; '><section class=\"av_textblock_section \"  itemscope=\"itemscope\" itemtype=\"https:\/\/schema.org\/BlogPosting\" itemprop=\"blogPost\" ><div class='avia_textblock  '   itemprop=\"text\" ><p style=\"text-align: justify;\">Con el objetivo de compartir experiencias y aprendizajes, que cada vez permitan mejorar el sistema de captura de im\u00e1genes mediante el sistema de monitoreo de objetos de conservaci\u00f3n por c\u00e1maras trampas, dos guardaparques de la Corporaci\u00f3n Nacional Forestal (CONAF) Regi\u00f3n de Ays\u00e9n participaron en la instalaciones de estos equipos en el Parque Nacional Torres del Paine.<\/p>\n<p style=\"text-align: justify;\">Actualmente 32 unidades del Sistema de \u00c1reas Silvestre Protegidas del Estado (SNASPE) posee un sistema de monitoreo de sus objetivos de conservaci\u00f3n y amenazas mediante c\u00e1maras trampas (www.fotomonitoreo.cl). De estas unidades, tanto el Parque Nacional Torres del Paine, Regi\u00f3n de Magallanes, como el Parque Nacional Cerro Castillo, Regi\u00f3n de Ays\u00e9n, poseen desaf\u00edos similares por lo que se han reconocido como unidades hermanadas en su paisaje de monta\u00f1a y la instalaci\u00f3n de c\u00e1maras trampa.<\/p>\n<p style=\"text-align: justify;\">A fines de noviembre y durante 8 d\u00edas, los guardaparques Francisco C\u00e1rdenas y Mario Alegr\u00eda de la Regi\u00f3n de Ays\u00e9n, participaron junto al guardaparque Diego Cabeza de la Regi\u00f3n de Magallanes, en la instalaci\u00f3n de c\u00e1maras trampa en el sector norte del Parque Nacional Torres del Paine. Esta es una de las \u00faltimas zonas faltantes de un proceso que comenz\u00f3 la quincena de octubre y se planifica terminar a inicios de enero. El parque aportar\u00e1 con esto 60 puntos de monitoreo a un sistema que actualmente cubre 1.500 puntos de muestreo en todo el pa\u00eds.<\/p>\n<p style=\"text-align: justify;\">La metodolog\u00eda ocupada es la misma en todas las unidades: 60 puntos aleatorios son monitoreados durante un periodo de 3 meses, a\u00f1o tras a\u00f1o, con el fin de establecer las ocupaciones de sitio de carn\u00edvoros (pumas, zorros, gatos silvestres), ungulados (guanaco, huemul) y sus amenazas (ganado, jabal\u00ed, ciervos introducidos, vis\u00f3n, castor), con el fin de ir evaluando las estrategias de conservaci\u00f3n que se van implementado en estos territorios.<\/p>\n<p style=\"text-align: justify;\">El proceso de incorporaci\u00f3n al programa de fotomonitoreo del SNASPE ha sido diferente para cada unidad. El Parque Nacional Torres del Paine inici\u00f3 su primer a\u00f1o oficial este 2022 y el Parque Nacional Cerro Castillo ha completado 4 procesos de fotomonitoreo exitosos. Por lo tanto, este intercambio busca fortalecer el apoyo entre unidades y sus guardaparques, mediante el traspaso de experiencias exitosas en materia de conservaci\u00f3n.<\/p>\n<p style=\"text-align: justify;\">Seg\u00fan marcha este proceso de monitoreo, estos intercambios son muy importantes para el desarrollo de cada una de las unidades y consolidan los procesos exitosos en materia de conservaci\u00f3n y m\u00e1s a\u00fan cuando son transmitidas entre pares guardaparques, lo que ayuda a consolidar los procesos y son un incentivo para cada uno de los equipos de trabajo. Por lo mismo, luego de esta exitosa experiencia, se espera repetirla con otras regiones.<\/p>\n<\/div><\/section><\/div><div  style='height:50px' class='hr hr-invisible   avia-builder-el-6  el_after_av_one_full  el_before_av_social_share '><span class='hr-inner ' ><span class='hr-inner-style'><\/span><\/span><\/div><\/p>\n<div  class='av-social-sharing-box  avia-builder-el-7  el_after_av_hr  el_before_av_hr  '><div class='av-share-box'><h5 class='av-share-link-description av-no-toc '>Compartir esta noticia<\/h5><ul class='av-share-box-list noLightbox'><li class='av-share-link av-social-link-facebook' ><a target=\"_blank\" aria-label=\"Compartir en Facebook\" href='https:\/\/www.facebook.com\/sharer.php?u=https:\/\/radiorevelacionfm.cl\/?p=25503&#038;t=CONAF%20Ays%C3%A9n%20y%20Magallanes%20comparten%20experiencias%20en%20el%20sistema%20de%20monitoreo%20con%20c%C3%A1maras%20trampa' aria-hidden='false' data-av_icon='\ue8f3' data-av_iconfont='entypo-fontello' title='' data-avia-related-tooltip='Compartir en Facebook' rel=\"noopener\"><span class='avia_hidden_link_text'>Compartir en Facebook<\/span><\/a><\/li><li class='av-share-link av-social-link-twitter' ><a target=\"_blank\" aria-label=\"Compartir en Twitter\" href='https:\/\/twitter.com\/share?text=CONAF%20Ays%C3%A9n%20y%20Magallanes%20comparten%20experiencias%20en%20el%20sistema%20de%20monitoreo%20con%20c%C3%A1maras%20trampa&#038;url=https:\/\/radiorevelacionfm.cl\/?p=25503' aria-hidden='false' data-av_icon='\ue8f1' data-av_iconfont='entypo-fontello' title='' data-avia-related-tooltip='Compartir en Twitter' rel=\"noopener\"><span class='avia_hidden_link_text'>Compartir en Twitter<\/span><\/a><\/li><li class='av-share-link av-social-link-whatsapp' ><a target=\"_blank\" aria-label=\"Compartir en Whatsapp\" href='https:\/\/api.whatsapp.com\/send?text=https:\/\/radiorevelacionfm.cl\/?p=25503' aria-hidden='false' data-av_icon='\uf232' data-av_iconfont='entypo-fontello' title='' data-avia-related-tooltip='Compartir en Whatsapp' rel=\"noopener\"><span class='avia_hidden_link_text'>Compartir en Whatsapp<\/span><\/a><\/li><li class='av-share-link av-social-link-linkedin' ><a target=\"_blank\" aria-label=\"Compartir en LinkedIn\" href='https:\/\/linkedin.com\/shareArticle?mini=true&#038;title=CONAF%20Ays%C3%A9n%20y%20Magallanes%20comparten%20experiencias%20en%20el%20sistema%20de%20monitoreo%20con%20c%C3%A1maras%20trampa&#038;url=https:\/\/radiorevelacionfm.cl\/?p=25503' aria-hidden='false' data-av_icon='\ue8fc' data-av_iconfont='entypo-fontello' title='' data-avia-related-tooltip='Compartir en LinkedIn' rel=\"noopener\"><span class='avia_hidden_link_text'>Compartir en LinkedIn<\/span><\/a><\/li><li class='av-share-link av-social-link-mail' ><a  aria-label=\"Compartir por correo\" href='mailto:?subject=CONAF%20Ays%C3%A9n%20y%20Magallanes%20comparten%20experiencias%20en%20el%20sistema%20de%20monitoreo%20con%20c%C3%A1maras%20trampa&#038;body=https:\/\/radiorevelacionfm.cl\/?p=25503' aria-hidden='false' data-av_icon='\ue805' data-av_iconfont='entypo-fontello' title='' data-avia-related-tooltip='Compartir por correo'><span class='avia_hidden_link_text'>Compartir por correo<\/span><\/a><\/li><\/ul><\/div><\/div>\n<div  style='height:50px' class='hr hr-invisible   avia-builder-el-8  el_after_av_social_share  el_before_av_comments_list '><span class='hr-inner ' ><span class='hr-inner-style'><\/span><\/span><\/div>\n<div  class='av-buildercomment  av-blog-meta-html-info-disabled av-blog-meta-tag-disabled  '><\/div>\n","protected":false},"excerpt":{"rendered":"","protected":false},"author":1,"featured_media":25504,"comment_status":"open","ping_status":"open","sticky":false,"template":"","format":"standard","meta":{"footnotes":""},"categories":[38],"tags":[],"class_list":["post-25503","post","type-post","status-publish","format-standard","has-post-thumbnail","hentry","category-regional"],"jetpack_featured_media_url":"https:\/\/radiorevelacionfm.cl\/wp-content\/uploads\/2022\/12\/52566442242_68a8c8da1b_c-1.jpg","_links":{"self":[{"href":"https:\/\/radiorevelacionfm.cl\/index.php?rest_route=\/wp\/v2\/posts\/25503","targetHints":{"allow":["GET"]}}],"collection":[{"href":"https:\/\/radiorevelacionfm.cl\/index.php?rest_route=\/wp\/v2\/posts"}],"about":[{"href":"https:\/\/radiorevelacionfm.cl\/index.php?rest_route=\/wp\/v2\/types\/post"}],"author":[{"embeddable":true,"href":"https:\/\/radiorevelacionfm.cl\/index.php?rest_route=\/wp\/v2\/users\/1"}],"replies":[{"embeddable":true,"href":"https:\/\/radiorevelacionfm.cl\/index.php?rest_route=%2Fwp%2Fv2%2Fcomments&post=25503"}],"version-history":[{"count":2,"href":"https:\/\/radiorevelacionfm.cl\/index.php?rest_route=\/wp\/v2\/posts\/25503\/revisions"}],"predecessor-version":[{"id":25506,"href":"https:\/\/radiorevelacionfm.cl\/index.php?rest_route=\/wp\/v2\/posts\/25503\/revisions\/25506"}],"wp:featuredmedia":[{"embeddable":true,"href":"https:\/\/radiorevelacionfm.cl\/index.php?rest_route=\/wp\/v2\/media\/25504"}],"wp:attachment":[{"href":"https:\/\/radiorevelacionfm.cl\/index.php?rest_route=%2Fwp%2Fv2%2Fmedia&parent=25503"}],"wp:term":[{"taxonomy":"category","embeddable":true,"href":"https:\/\/radiorevelacionfm.cl\/index.php?rest_route=%2Fwp%2Fv2%2Fcategories&post=25503"},{"taxonomy":"post_tag","embeddable":true,"href":"https:\/\/radiorevelacionfm.cl\/index.php?rest_route=%2Fwp%2Fv2%2Ftags&post=25503"}],"curies":[{"name":"wp","href":"https:\/\/api.w.org\/{rel}","templated":true}]}}