{"id":25500,"date":"2022-12-17T10:56:30","date_gmt":"2022-12-17T13:56:30","guid":{"rendered":"https:\/\/radiorevelacionfm.cl\/?p=25500"},"modified":"2022-12-17T10:56:30","modified_gmt":"2022-12-17T13:56:30","slug":"las-potencialidades-de-la-region-de-aysen-para-el-desarrollo-del-hidrogeno-verde","status":"publish","type":"post","link":"https:\/\/radiorevelacionfm.cl\/?p=25500","title":{"rendered":"Las potencialidades de la Regi\u00f3n de Ays\u00e9n para el desarrollo del Hidr\u00f3geno Verde"},"content":{"rendered":"<div class=\"flex_column av_one_full  flex_column_div av-zero-column-padding first  avia-builder-el-0  el_before_av_one_full  avia-builder-el-first  \" style='border-radius:0px; '><div  class='avia-image-container  av-styling-    avia-builder-el-1  avia-builder-el-no-sibling  avia-align-center '  itemprop=\"image\" itemscope=\"itemscope\" itemtype=\"https:\/\/schema.org\/ImageObject\"  ><div class='avia-image-container-inner'><div class='avia-image-overlay-wrap'><img decoding=\"async\" class='wp-image-25501 avia-img-lazy-loading-not-25501 avia_image' src=\"https:\/\/radiorevelacionfm.cl\/wp-content\/uploads\/2022\/12\/52567276734_6b536fa389_c-1-1.jpg\" alt='' title='52567276734_6b536fa389_c (1) (1)' height=\"600\" width=\"899\"  itemprop=\"thumbnailUrl\" srcset=\"https:\/\/radiorevelacionfm.cl\/wp-content\/uploads\/2022\/12\/52567276734_6b536fa389_c-1-1.jpg 899w, https:\/\/radiorevelacionfm.cl\/wp-content\/uploads\/2022\/12\/52567276734_6b536fa389_c-1-1-300x200.jpg 300w, https:\/\/radiorevelacionfm.cl\/wp-content\/uploads\/2022\/12\/52567276734_6b536fa389_c-1-1-768x513.jpg 768w, https:\/\/radiorevelacionfm.cl\/wp-content\/uploads\/2022\/12\/52567276734_6b536fa389_c-1-1-705x471.jpg 705w, https:\/\/radiorevelacionfm.cl\/wp-content\/uploads\/2022\/12\/52567276734_6b536fa389_c-1-1-600x400.jpg 600w\" sizes=\"(max-width: 899px) 100vw, 899px\" \/><\/div><\/div><\/div><\/div><div class=\"flex_column av_one_full  flex_column_div av-zero-column-padding first  avia-builder-el-2  el_after_av_one_full  el_before_av_one_full  column-top-margin\" style='border-radius:0px; '><section class=\"av_textblock_section \"  itemscope=\"itemscope\" itemtype=\"https:\/\/schema.org\/BlogPosting\" itemprop=\"blogPost\" ><div class='avia_textblock  '   itemprop=\"text\" ><p style=\"text-align: center;\"><strong><span style=\"font-size: 18pt;\">Las potencialidades de la Regi\u00f3n de Ays\u00e9n para el desarrollo del Hidr\u00f3geno Verde<\/span><\/strong><\/p>\n<div id=\"gtx-trans\" style=\"position: absolute; left: -50px; top: 4.31534px;\">\n<div class=\"gtx-trans-icon\"><\/div>\n<\/div>\n<\/div><\/section><\/div><div class=\"flex_column av_one_full  flex_column_div av-zero-column-padding first  avia-builder-el-4  el_after_av_one_full  el_before_av_hr  column-top-margin\" style='border-radius:0px; '><section class=\"av_textblock_section \"  itemscope=\"itemscope\" itemtype=\"https:\/\/schema.org\/BlogPosting\" itemprop=\"blogPost\" ><div class='avia_textblock  '   itemprop=\"text\" ><p style=\"text-align: justify;\">ProChile en conjunto con el Instituto de Desarrollo Empresarial y del Emprendimiento de la Regi\u00f3n de Ays\u00e9n, IDEAys\u00e9n, el Centro de Investigaci\u00f3n en Ecosistemas de la Patagonia (CIEP), y la Corporaci\u00f3n de Desarrollo Ays\u00e9n por Ays\u00e9n, realiz\u00f3, este viernes, el primer Seminario sobre H2V en la regi\u00f3n, denominado \u201cHidr\u00f3geno Verde en Ays\u00e9n: las potencialidades para su desarrollo en la Regi\u00f3n\u201d.<\/p>\n<p style=\"text-align: justify;\">Se trat\u00f3 de una importante ocasi\u00f3n para informar de los atributos que tiene esta fuente de energ\u00eda y una instancia propicia para que las empresas y los distintos actores regionales, visualicen las oportunidades y beneficios que este recurso supone para sus actividades econ\u00f3micas y el desarrollo de la regi\u00f3n.<\/p>\n<p style=\"text-align: justify;\">Al evento asistieron las principales autoridades regionales como la Gobernadora Regional, Andrea Mac\u00edas; el Director Regional (s) de ProChile, Juan Carlos Lopetegui; el Delegado Presidencial Regional, Rodrigo Araya; el Presidente IDEAys\u00e9n, H\u00e9ctor Canales, y los actores regionales y nacionales involucrados en la industria.<\/p>\n<p style=\"text-align: justify;\">El seminario cont\u00f3 con charlas magistrales dictadas por especialistas expertos en Hidr\u00f3geno Verde del pa\u00eds, como el Seremi de Energ\u00eda, Carlos D\u00edaz; Fernanda Stegmaier de la Unidad de Nuevos Energ\u00e9ticos del Ministerio de Energ\u00eda; Ricardo Rodr\u00edguez, Gerente General de la Asociaci\u00f3n Chile de Hidr\u00f3geno Verde, H2 Chile; Jose Fuster, Deutsche Gesellschaft f\u00fcr Internationale Zusammenarbeit GmbH \u2013 GIZ, y entre otros, quienes tuvieron como misi\u00f3n, informar y analizar los avances de este recurso y su tecnolog\u00eda con una mirada en las potencialidades que representa para Ays\u00e9n, su econom\u00eda regional y su potencial exportador.<\/p>\n<p style=\"text-align: justify;\">\u201cPara nosotros como regi\u00f3n, hablar de energ\u00eda siempre es un tremendo desaf\u00edo. Tenemos \u00edndices que son lamentables en tem\u00e1ticas de contaminaci\u00f3n, sobre todo, y eso nos obliga a poner de manera permanente estos temas en la mesa. A pesar de que la Regi\u00f3n de Ays\u00e9n tiene potencial respecto de energ\u00edas renovables no convencionales, es no significa necesariamente que podamos ser los mejores productores de hidr\u00f3geno verde, pero s\u00ed grandes consumidores. Por lo tanto, son fundamentales este tipo de discusiones que nos permiten establecer l\u00edneas base y poner un poco la pelota en el piso; manejar las expectativas y pensar adem\u00e1s en ciertos modelos m\u00e1s peque\u00f1os que puedan dar soluciones reales a problemas que tenemos hoy\u201d, explic\u00f3 la\u00a0Gobernadora Andrea Mac\u00edas Palma, quien dio unas palabras al cierre del seminario.<\/p>\n<p style=\"text-align: justify;\">El encuentro financiado por fondos FNDR del Gobierno Regional de Ays\u00e9n busca apoyar el desarrollo de la regi\u00f3n mediante las potencialidades productivas de \u00e9sta a nivel internacional.<\/p>\n<p style=\"text-align: justify;\">\u201cAys\u00e9n es una regi\u00f3n con abundancia en energ\u00edas renovables como la e\u00f3lica e h\u00eddrica. Sumar la producci\u00f3n de hidr\u00f3geno verde ser\u00eda un complemento fundamental para el desarrollo energ\u00e9tico de la regi\u00f3n. Esperamos que tras este encuentro se logren concretar proyectos en esta materia y que inversionistas apuesten por Chile. Asimismo, queremos que nuestros habitantes conozcan las potencialidades y alcances de esta industria, que representa una mirada de futuro y avance\u201d, declar\u00f3\u00a0Juan Carlos Lopetegui, Director Regional (s) de ProChile en Ays\u00e9n.<\/p>\n<p style=\"text-align: justify;\">Esta actividad se enmarca en la estrategia de la Diplomacia del H2V y el trabajo articulador permanente que realiza ProChile a trav\u00e9s de su red de oficinas regionales y de las 56 oficinas comerciales en los principales mercados del mundo, conectando el desarrollo de este tipo de proyectos con los principales ecosistemas internacionales.<\/p>\n<p style=\"text-align: justify;\"><strong>H2V en Chile<\/strong><\/p>\n<p style=\"text-align: justify;\">El pa\u00eds lanz\u00f3 su estrategia de hidr\u00f3geno verde en noviembre de 2020 y desde entonces se ha posicionado globalmente como uno de los principales actores y tambi\u00e9n como un futuro exportador, ya que el potencial de energ\u00edas renovables que existe en Chile es de sobre 2 teravatios, lo que equivale a 80 veces la demanda energ\u00e9tica del pa\u00eds.<\/p>\n<p style=\"text-align: justify;\">En esa l\u00ednea, se est\u00e1 trabajando conjuntamente con otros Estados para crear corredores verdes que permitan exportar el hidr\u00f3geno producido de forma renovable y distribuirlo eficientemente en los mercados internacionales.<\/p>\n<\/div><\/section><\/div><div  style='height:50px' class='hr hr-invisible   avia-builder-el-6  el_after_av_one_full  el_before_av_social_share '><span class='hr-inner ' ><span class='hr-inner-style'><\/span><\/span><\/div><\/p>\n<div  class='av-social-sharing-box  avia-builder-el-7  el_after_av_hr  el_before_av_hr  '><div class='av-share-box'><h5 class='av-share-link-description av-no-toc '>Compartir esta noticia<\/h5><ul class='av-share-box-list noLightbox'><li class='av-share-link av-social-link-facebook' ><a target=\"_blank\" aria-label=\"Compartir en Facebook\" href='https:\/\/www.facebook.com\/sharer.php?u=https:\/\/radiorevelacionfm.cl\/?p=25500&#038;t=Las%20potencialidades%20de%20la%20Regi%C3%B3n%20de%20Ays%C3%A9n%20para%20el%20desarrollo%20del%20Hidr%C3%B3geno%20Verde' aria-hidden='false' data-av_icon='\ue8f3' data-av_iconfont='entypo-fontello' title='' data-avia-related-tooltip='Compartir en Facebook' rel=\"noopener\"><span class='avia_hidden_link_text'>Compartir en Facebook<\/span><\/a><\/li><li class='av-share-link av-social-link-twitter' ><a target=\"_blank\" aria-label=\"Compartir en Twitter\" href='https:\/\/twitter.com\/share?text=Las%20potencialidades%20de%20la%20Regi%C3%B3n%20de%20Ays%C3%A9n%20para%20el%20desarrollo%20del%20Hidr%C3%B3geno%20Verde&#038;url=https:\/\/radiorevelacionfm.cl\/?p=25500' aria-hidden='false' data-av_icon='\ue8f1' data-av_iconfont='entypo-fontello' title='' data-avia-related-tooltip='Compartir en Twitter' rel=\"noopener\"><span class='avia_hidden_link_text'>Compartir en Twitter<\/span><\/a><\/li><li class='av-share-link av-social-link-whatsapp' ><a target=\"_blank\" aria-label=\"Compartir en Whatsapp\" href='https:\/\/api.whatsapp.com\/send?text=https:\/\/radiorevelacionfm.cl\/?p=25500' aria-hidden='false' data-av_icon='\uf232' data-av_iconfont='entypo-fontello' title='' data-avia-related-tooltip='Compartir en Whatsapp' rel=\"noopener\"><span class='avia_hidden_link_text'>Compartir en Whatsapp<\/span><\/a><\/li><li class='av-share-link av-social-link-linkedin' ><a target=\"_blank\" aria-label=\"Compartir en LinkedIn\" href='https:\/\/linkedin.com\/shareArticle?mini=true&#038;title=Las%20potencialidades%20de%20la%20Regi%C3%B3n%20de%20Ays%C3%A9n%20para%20el%20desarrollo%20del%20Hidr%C3%B3geno%20Verde&#038;url=https:\/\/radiorevelacionfm.cl\/?p=25500' aria-hidden='false' data-av_icon='\ue8fc' data-av_iconfont='entypo-fontello' title='' data-avia-related-tooltip='Compartir en LinkedIn' rel=\"noopener\"><span class='avia_hidden_link_text'>Compartir en LinkedIn<\/span><\/a><\/li><li class='av-share-link av-social-link-mail' ><a  aria-label=\"Compartir por correo\" href='mailto:?subject=Las%20potencialidades%20de%20la%20Regi%C3%B3n%20de%20Ays%C3%A9n%20para%20el%20desarrollo%20del%20Hidr%C3%B3geno%20Verde&#038;body=https:\/\/radiorevelacionfm.cl\/?p=25500' aria-hidden='false' data-av_icon='\ue805' data-av_iconfont='entypo-fontello' title='' data-avia-related-tooltip='Compartir por correo'><span class='avia_hidden_link_text'>Compartir por correo<\/span><\/a><\/li><\/ul><\/div><\/div>\n<div  style='height:50px' class='hr hr-invisible   avia-builder-el-8  el_after_av_social_share  el_before_av_comments_list '><span class='hr-inner ' ><span class='hr-inner-style'><\/span><\/span><\/div>\n<div  class='av-buildercomment  av-blog-meta-html-info-disabled av-blog-meta-tag-disabled  '><\/div>\n","protected":false},"excerpt":{"rendered":"","protected":false},"author":1,"featured_media":25501,"comment_status":"open","ping_status":"open","sticky":false,"template":"","format":"standard","meta":{"footnotes":""},"categories":[39],"tags":[],"class_list":["post-25500","post","type-post","status-publish","format-standard","has-post-thumbnail","hentry","category-medio-ambiente"],"jetpack_featured_media_url":"https:\/\/radiorevelacionfm.cl\/wp-content\/uploads\/2022\/12\/52567276734_6b536fa389_c-1-1.jpg","_links":{"self":[{"href":"https:\/\/radiorevelacionfm.cl\/index.php?rest_route=\/wp\/v2\/posts\/25500","targetHints":{"allow":["GET"]}}],"collection":[{"href":"https:\/\/radiorevelacionfm.cl\/index.php?rest_route=\/wp\/v2\/posts"}],"about":[{"href":"https:\/\/radiorevelacionfm.cl\/index.php?rest_route=\/wp\/v2\/types\/post"}],"author":[{"embeddable":true,"href":"https:\/\/radiorevelacionfm.cl\/index.php?rest_route=\/wp\/v2\/users\/1"}],"replies":[{"embeddable":true,"href":"https:\/\/radiorevelacionfm.cl\/index.php?rest_route=%2Fwp%2Fv2%2Fcomments&post=25500"}],"version-history":[{"count":2,"href":"https:\/\/radiorevelacionfm.cl\/index.php?rest_route=\/wp\/v2\/posts\/25500\/revisions"}],"predecessor-version":[{"id":25525,"href":"https:\/\/radiorevelacionfm.cl\/index.php?rest_route=\/wp\/v2\/posts\/25500\/revisions\/25525"}],"wp:featuredmedia":[{"embeddable":true,"href":"https:\/\/radiorevelacionfm.cl\/index.php?rest_route=\/wp\/v2\/media\/25501"}],"wp:attachment":[{"href":"https:\/\/radiorevelacionfm.cl\/index.php?rest_route=%2Fwp%2Fv2%2Fmedia&parent=25500"}],"wp:term":[{"taxonomy":"category","embeddable":true,"href":"https:\/\/radiorevelacionfm.cl\/index.php?rest_route=%2Fwp%2Fv2%2Fcategories&post=25500"},{"taxonomy":"post_tag","embeddable":true,"href":"https:\/\/radiorevelacionfm.cl\/index.php?rest_route=%2Fwp%2Fv2%2Ftags&post=25500"}],"curies":[{"name":"wp","href":"https:\/\/api.w.org\/{rel}","templated":true}]}}