{"id":25497,"date":"2022-12-17T11:34:18","date_gmt":"2022-12-17T14:34:18","guid":{"rendered":"https:\/\/radiorevelacionfm.cl\/?p=25497"},"modified":"2022-12-17T11:34:18","modified_gmt":"2022-12-17T14:34:18","slug":"labores-de-cuidado-son-la-principal-barrera-para-la-formacion-laboral-de-mujeres-migrantes-de-pueblos-originarios-y-de-disidencias-sexuales","status":"publish","type":"post","link":"https:\/\/radiorevelacionfm.cl\/?p=25497","title":{"rendered":"Labores de cuidado son la principal barrera para la formaci\u00f3n laboral de mujeres migrantes, de pueblos originarios y de disidencias sexuales"},"content":{"rendered":"<div class=\"flex_column av_one_full  flex_column_div av-zero-column-padding first  avia-builder-el-0  el_before_av_one_full  avia-builder-el-first  \" style='border-radius:0px; '><div  class='avia-image-container  av-styling-    avia-builder-el-1  avia-builder-el-no-sibling  avia-align-center '  itemprop=\"image\" itemscope=\"itemscope\" itemtype=\"https:\/\/schema.org\/ImageObject\"  ><div class='avia-image-container-inner'><div class='avia-image-overlay-wrap'><img decoding=\"async\" class='wp-image-25498 avia-img-lazy-loading-not-25498 avia_image' src=\"https:\/\/radiorevelacionfm.cl\/wp-content\/uploads\/2022\/12\/Directora-Nacional-Prodemu-1-1.jpeg\" alt='' title='Directora Nacional Prodemu (1) (1)' height=\"600\" width=\"800\"  itemprop=\"thumbnailUrl\" srcset=\"https:\/\/radiorevelacionfm.cl\/wp-content\/uploads\/2022\/12\/Directora-Nacional-Prodemu-1-1.jpeg 800w, https:\/\/radiorevelacionfm.cl\/wp-content\/uploads\/2022\/12\/Directora-Nacional-Prodemu-1-1-300x225.jpeg 300w, https:\/\/radiorevelacionfm.cl\/wp-content\/uploads\/2022\/12\/Directora-Nacional-Prodemu-1-1-768x576.jpeg 768w, https:\/\/radiorevelacionfm.cl\/wp-content\/uploads\/2022\/12\/Directora-Nacional-Prodemu-1-1-705x529.jpeg 705w, https:\/\/radiorevelacionfm.cl\/wp-content\/uploads\/2022\/12\/Directora-Nacional-Prodemu-1-1-600x450.jpeg 600w\" sizes=\"(max-width: 800px) 100vw, 800px\" \/><\/div><\/div><\/div><\/div><div class=\"flex_column av_one_full  flex_column_div av-zero-column-padding first  avia-builder-el-2  el_after_av_one_full  el_before_av_one_full  column-top-margin\" style='border-radius:0px; '><section class=\"av_textblock_section \"  itemscope=\"itemscope\" itemtype=\"https:\/\/schema.org\/BlogPosting\" itemprop=\"blogPost\" ><div class='avia_textblock  '   itemprop=\"text\" ><p style=\"text-align: center;\"><strong><span style=\"font-size: 18pt;\">Labores de cuidado son la principal barrera para la formaci\u00f3n laboral de mujeres migrantes, de pueblos originarios y de disidencias sexuales<\/span><\/strong><\/p>\n<div id=\"gtx-trans\" style=\"position: absolute; left: -50px; top: 4.31534px;\">\n<div class=\"gtx-trans-icon\"><\/div>\n<\/div>\n<\/div><\/section><\/div><div class=\"flex_column av_one_full  flex_column_div av-zero-column-padding first  avia-builder-el-4  el_after_av_one_full  el_before_av_hr  column-top-margin\" style='border-radius:0px; '><section class=\"av_textblock_section \"  itemscope=\"itemscope\" itemtype=\"https:\/\/schema.org\/BlogPosting\" itemprop=\"blogPost\" ><div class='avia_textblock  '   itemprop=\"text\" ><p style=\"text-align: justify;\">En un seminario organizado por Prodemu, ONU-Mujeres, UNESCO y la Subsecretar\u00eda del Trabajo, se dieron a conocer algunos resultados de una investigaci\u00f3n realizada sobre la capacitaci\u00f3n en mujeres migrantes, de pueblos originarios y disidencias sexuales de distintas regiones de Chile.<\/p>\n<p style=\"text-align: justify;\">Las medidas de confinamiento provocaron un retroceso en la empleabilidad de las mujeres en el pa\u00eds. Los datos arrojados por el estudio de Prodemu, <strong>\u201cPandemia y mujeres en situaci\u00f3n de vulnerabilidad social: Barreras y oportunidades para la inserci\u00f3n sociolaboral de mujeres en Chile\u201d<\/strong> pusieron la lupa en las oportunidades de empleo de las mujeres a trav\u00e9s de barreras que enfrentan para acceder a\u00a0 capacitaci\u00f3n, especialmente aquellas que son migrantes, de pueblos originarios y que forman parte de las disidencias sexuales.<\/p>\n<p style=\"text-align: justify;\">Al respecto, la directora nacional de Prodemu, Marcela Sandoval Osorio, coment\u00f3 que, \u201cnos hemos planteado como Prodemu, en esta gesti\u00f3n, levantar informaci\u00f3n \u00fatil para la pol\u00edtica p\u00fablica y para nuestro propio quehacer de las mujeres de todo Chile. En este estudio hacemos un diagn\u00f3stico de la realidad laboral y de capacitaci\u00f3n de p\u00fablico tradicionalmente discriminado tales como poblaci\u00f3n migrante, de pueblos originarios y de la comunidad LBT. Se integraron en esta investigaci\u00f3n tanto datos cualitativos, como cuantitativos, se entrevist\u00f3 a 1.163 personas de todas las regiones de Chile y nos confirm\u00f3 que\u00a0 uno de los mayores obst\u00e1culos para el ingreso al trabajo de las mujeres son las labores de cuidado\u201d.<\/p>\n<p style=\"text-align: justify;\">La principal brecha que poseen las mujeres y que las imposibilita para seguir un proceso de formaci\u00f3n tiene que ver con el cuidado de hijos. Por ejemplo, el 22,3% de las mujeres migrantes encuestadas se\u00f1al\u00f3 que la falta de acceso a capacitaci\u00f3n se debi\u00f3 a las labores de cuidado y el 13,3% de las mujeres ind\u00edgenas expres\u00f3 el mismo motivo. Las consultadas pertenecen a regiones del norte, centro y sur del pa\u00eds, con un \u00e9nfasis en la regi\u00f3n Metropolitana.<\/p>\n<p style=\"text-align: justify;\">En este sentido, Claudia Uribe Salazar, directora de Oficina Regional de Educaci\u00f3n para Am\u00e9rica Latina y el Caribe (OREAL\/Unesco Chile) coment\u00f3 que \u201cla pandemia exacerb\u00f3 las barreras que t\u00edpicamente enfrentan las mujeres que buscan mayores oportunidades educativas y de formaci\u00f3n para el trabajo\u201d y argument\u00f3 que \u201clas responsabilidades de cuidado y dem\u00e1s labores dom\u00e9sticas que recaen de manera desproporcionada en las mujeres y que aumentaron exponencialmente durante la pandemia, limitan su disponibilidad y libertad para participar en actividades educativas\u201d.<\/p>\n<p style=\"text-align: justify;\">En ese sentido, para revertir esta situaci\u00f3n, propuso que \u201ces necesario que el Estado tenga una mayor presencia en las tareas de cuidado y seguir avanzando hacia un cambio social en torno a una distribuci\u00f3n m\u00e1s igualitaria de estas funciones. S\u00f3lo as\u00ed podremos avanzar de manera decisiva hacia una mayor equidad de g\u00e9nero en la regi\u00f3n y beneficiarnos como sociedad del talento femenino que hoy d\u00eda se encuentra desaprovechado\u201d.<\/p>\n<p style=\"text-align: justify;\">Asimismo, Gabriela Rosero, jefa de oficina ONU Mujeres en Chile se\u00f1ala que \u201clas consecuencias econ\u00f3micas, producto de las diferentes crisis globales, no han sido ajenas a la realidad que viven las mujeres, por lo que es urgente fortalecer las acciones para su inclusi\u00f3n econ\u00f3mica, especialmente en el caso de mujeres migrantes, ind\u00edgenas, y de las comunidades LTBQ+\u201d.<\/p>\n<p style=\"text-align: justify;\">Adem\u00e1s, Rosero propuso, bajo esta l\u00ednea, que \u201cdesde ONU hemos desarrollado programas de capacitaci\u00f3n y empleabilidad flexibles que favorecen la compatibilizaci\u00f3n de los tiempos dedicados a la autonom\u00eda personal con las m\u00faltiples responsabilidades que las mujeres tienen d\u00eda a d\u00eda. Ampliar este tipo de apoyo requiere de alianzas intersectoriales, que involucren al sector privado, sociedad civil, gobierno y organismos internacionales, de modo que los esfuerzos se traduzcan en oportunidades reales de empleo\u201d.<\/p>\n<p style=\"text-align: justify;\">Sumado a lo anterior, el estudio tambi\u00e9n arroj\u00f3 que las capacitaciones que m\u00e1s realizaron mujeres migrantes, de pueblos originarios y de disidencias en pandemia, tuvieron que ver con el trabajo independiente, el 70% en el caso del primer grupo, un 81% en el segundo y sobre el 50% en el \u00faltimo. Cabe destacar que en el caso de las mujeres nortinas pertenecientes a la disidencia sexual, el inter\u00e9s est\u00e1 determinado en realizar formaci\u00f3n acad\u00e9mica, m\u00e1s all\u00e1 que la ejecuci\u00f3n de talleres o cursos.<\/p>\n<p style=\"text-align: justify;\">Por su parte, el subsecretario del Trabajo, Giorgio Boccardo, salud\u00f3 y agradeci\u00f3 la organizaci\u00f3n del seminario y la publicaci\u00f3n de este estudio, pues, coment\u00f3 que relevan \u201cla importancia de la capacitaci\u00f3n y la reducci\u00f3n de brechas, como una estrategia fundamental para disminuir las desigualdades en el pa\u00eds, en Am\u00e9rica Latina y el mundo; ya que permite visibilizar y conocer las causas de estas brechas y, por lo tanto, ir construyendo pol\u00edticas p\u00fablicas que nos permiten ir asentando, como nos ha encargado el Presidente Boric, a acciones muy concretas, preocup\u00e1ndonos de los problemas que hoy aquejan\u201d.<\/p>\n<p style=\"text-align: justify;\">Asimismo, Boccardo aprovech\u00f3 la instancia para destacar la agenda de Gobierno del Mandatario a favor de las mujeres y personas disidentes sexo-gen\u00e9ricas, tanto en las indicaciones al proyecto de 40 Horas, en la Mesa T\u00e9cnica para abordar la Conciliaci\u00f3n Trabajo, Familia y Tiempo Libre, en las alianza con Prodemu y el impulso de la ratificaci\u00f3n del Convenio 190 de la OIT para erradicar la violencia de g\u00e9nero y el acoso laboral.<\/p>\n<p style=\"text-align: justify;\"><strong>\u00bfCu\u00e1les son las principales barreras?<\/strong><\/p>\n<p style=\"text-align: justify;\">La gran muralla que debieron enfrentar en pandemia mujeres migrantes, que han ingresado al pa\u00eds por pasos no habilitados es que no pueden acceder a capacitaci\u00f3n formal entregada por el Estado. Por otra parte, las mujeres pertenecientes a pueblos originarios presentan en sus territorios la dificultad para acceder a conectividad, en los lugares rurales y remotos, como asimismo, problemas para completar sus estudios debido al cuidado de hijos. Las mujeres de disidencias sexuales deben superar la falta de espacios libres de sesgos y discriminaci\u00f3n, aumento de violencia intrafamiliar hacia personas LGTBI, falta de autoestima para el ingreso a capacitaci\u00f3n laboral.<\/p>\n<\/div><\/section><\/div><div  style='height:50px' class='hr hr-invisible   avia-builder-el-6  el_after_av_one_full  el_before_av_social_share '><span class='hr-inner ' ><span class='hr-inner-style'><\/span><\/span><\/div><\/p>\n<div  class='av-social-sharing-box  avia-builder-el-7  el_after_av_hr  el_before_av_hr  '><div class='av-share-box'><h5 class='av-share-link-description av-no-toc '>Compartir esta noticia<\/h5><ul class='av-share-box-list noLightbox'><li class='av-share-link av-social-link-facebook' ><a target=\"_blank\" aria-label=\"Compartir en Facebook\" href='https:\/\/www.facebook.com\/sharer.php?u=https:\/\/radiorevelacionfm.cl\/?p=25497&#038;t=Labores%20de%20cuidado%20son%20la%20principal%20barrera%20para%20la%20formaci%C3%B3n%20laboral%20de%20mujeres%20migrantes%2C%20de%20pueblos%20originarios%20y%20de%20disidencias%20sexuales' aria-hidden='false' data-av_icon='\ue8f3' data-av_iconfont='entypo-fontello' title='' data-avia-related-tooltip='Compartir en Facebook' rel=\"noopener\"><span class='avia_hidden_link_text'>Compartir en Facebook<\/span><\/a><\/li><li class='av-share-link av-social-link-twitter' ><a target=\"_blank\" aria-label=\"Compartir en Twitter\" href='https:\/\/twitter.com\/share?text=Labores%20de%20cuidado%20son%20la%20principal%20barrera%20para%20la%20formaci%C3%B3n%20laboral%20de%20mujeres%20migrantes%2C%20de%20pueblos%20originarios%20y%20de%20disidencias%20sexuales&#038;url=https:\/\/radiorevelacionfm.cl\/?p=25497' aria-hidden='false' data-av_icon='\ue8f1' data-av_iconfont='entypo-fontello' title='' data-avia-related-tooltip='Compartir en Twitter' rel=\"noopener\"><span class='avia_hidden_link_text'>Compartir en Twitter<\/span><\/a><\/li><li class='av-share-link av-social-link-whatsapp' ><a target=\"_blank\" aria-label=\"Compartir en Whatsapp\" href='https:\/\/api.whatsapp.com\/send?text=https:\/\/radiorevelacionfm.cl\/?p=25497' aria-hidden='false' data-av_icon='\uf232' data-av_iconfont='entypo-fontello' title='' data-avia-related-tooltip='Compartir en Whatsapp' rel=\"noopener\"><span class='avia_hidden_link_text'>Compartir en Whatsapp<\/span><\/a><\/li><li class='av-share-link av-social-link-linkedin' ><a target=\"_blank\" aria-label=\"Compartir en LinkedIn\" href='https:\/\/linkedin.com\/shareArticle?mini=true&#038;title=Labores%20de%20cuidado%20son%20la%20principal%20barrera%20para%20la%20formaci%C3%B3n%20laboral%20de%20mujeres%20migrantes%2C%20de%20pueblos%20originarios%20y%20de%20disidencias%20sexuales&#038;url=https:\/\/radiorevelacionfm.cl\/?p=25497' aria-hidden='false' data-av_icon='\ue8fc' data-av_iconfont='entypo-fontello' title='' data-avia-related-tooltip='Compartir en LinkedIn' rel=\"noopener\"><span class='avia_hidden_link_text'>Compartir en LinkedIn<\/span><\/a><\/li><li class='av-share-link av-social-link-mail' ><a  aria-label=\"Compartir por correo\" href='mailto:?subject=Labores%20de%20cuidado%20son%20la%20principal%20barrera%20para%20la%20formaci%C3%B3n%20laboral%20de%20mujeres%20migrantes%2C%20de%20pueblos%20originarios%20y%20de%20disidencias%20sexuales&#038;body=https:\/\/radiorevelacionfm.cl\/?p=25497' aria-hidden='false' data-av_icon='\ue805' data-av_iconfont='entypo-fontello' title='' data-avia-related-tooltip='Compartir por correo'><span class='avia_hidden_link_text'>Compartir por correo<\/span><\/a><\/li><\/ul><\/div><\/div>\n<div  style='height:50px' class='hr hr-invisible   avia-builder-el-8  el_after_av_social_share  el_before_av_comments_list '><span class='hr-inner ' ><span class='hr-inner-style'><\/span><\/span><\/div>\n<div  class='av-buildercomment  av-blog-meta-html-info-disabled av-blog-meta-tag-disabled  '><\/div>\n","protected":false},"excerpt":{"rendered":"","protected":false},"author":1,"featured_media":25498,"comment_status":"open","ping_status":"open","sticky":false,"template":"","format":"standard","meta":{"footnotes":""},"categories":[61],"tags":[],"class_list":["post-25497","post","type-post","status-publish","format-standard","has-post-thumbnail","hentry","category-nacional"],"jetpack_featured_media_url":"https:\/\/radiorevelacionfm.cl\/wp-content\/uploads\/2022\/12\/Directora-Nacional-Prodemu-1-1.jpeg","_links":{"self":[{"href":"https:\/\/radiorevelacionfm.cl\/index.php?rest_route=\/wp\/v2\/posts\/25497","targetHints":{"allow":["GET"]}}],"collection":[{"href":"https:\/\/radiorevelacionfm.cl\/index.php?rest_route=\/wp\/v2\/posts"}],"about":[{"href":"https:\/\/radiorevelacionfm.cl\/index.php?rest_route=\/wp\/v2\/types\/post"}],"author":[{"embeddable":true,"href":"https:\/\/radiorevelacionfm.cl\/index.php?rest_route=\/wp\/v2\/users\/1"}],"replies":[{"embeddable":true,"href":"https:\/\/radiorevelacionfm.cl\/index.php?rest_route=%2Fwp%2Fv2%2Fcomments&post=25497"}],"version-history":[{"count":2,"href":"https:\/\/radiorevelacionfm.cl\/index.php?rest_route=\/wp\/v2\/posts\/25497\/revisions"}],"predecessor-version":[{"id":25527,"href":"https:\/\/radiorevelacionfm.cl\/index.php?rest_route=\/wp\/v2\/posts\/25497\/revisions\/25527"}],"wp:featuredmedia":[{"embeddable":true,"href":"https:\/\/radiorevelacionfm.cl\/index.php?rest_route=\/wp\/v2\/media\/25498"}],"wp:attachment":[{"href":"https:\/\/radiorevelacionfm.cl\/index.php?rest_route=%2Fwp%2Fv2%2Fmedia&parent=25497"}],"wp:term":[{"taxonomy":"category","embeddable":true,"href":"https:\/\/radiorevelacionfm.cl\/index.php?rest_route=%2Fwp%2Fv2%2Fcategories&post=25497"},{"taxonomy":"post_tag","embeddable":true,"href":"https:\/\/radiorevelacionfm.cl\/index.php?rest_route=%2Fwp%2Fv2%2Ftags&post=25497"}],"curies":[{"name":"wp","href":"https:\/\/api.w.org\/{rel}","templated":true}]}}