{"id":25494,"date":"2022-12-17T11:28:45","date_gmt":"2022-12-17T14:28:45","guid":{"rendered":"https:\/\/radiorevelacionfm.cl\/?p=25494"},"modified":"2022-12-17T11:28:45","modified_gmt":"2022-12-17T14:28:45","slug":"directorio-de-puerto-chacabuco-nombra-a-felipe-candia-araya-como-nuevo-gerente-general","status":"publish","type":"post","link":"https:\/\/radiorevelacionfm.cl\/?p=25494","title":{"rendered":"Directorio de Puerto Chacabuco nombra a Felipe Candia Araya como nuevo gerente general"},"content":{"rendered":"<div class=\"flex_column av_one_full  flex_column_div av-zero-column-padding first  avia-builder-el-0  el_before_av_one_full  avia-builder-el-first  \" style='border-radius:0px; '><div  class='avia-image-container  av-styling-    avia-builder-el-1  avia-builder-el-no-sibling  avia-align-center '  itemprop=\"image\" itemscope=\"itemscope\" itemtype=\"https:\/\/schema.org\/ImageObject\"  ><div class='avia-image-container-inner'><div class='avia-image-overlay-wrap'><img decoding=\"async\" class='wp-image-25495 avia-img-lazy-loading-not-25495 avia_image' src=\"https:\/\/radiorevelacionfm.cl\/wp-content\/uploads\/2022\/12\/Nuevo-GG-1-1.jpg\" alt='' title='Nuevo GG (1) (1)' height=\"600\" width=\"600\"  itemprop=\"thumbnailUrl\" srcset=\"https:\/\/radiorevelacionfm.cl\/wp-content\/uploads\/2022\/12\/Nuevo-GG-1-1.jpg 600w, https:\/\/radiorevelacionfm.cl\/wp-content\/uploads\/2022\/12\/Nuevo-GG-1-1-300x300.jpg 300w, https:\/\/radiorevelacionfm.cl\/wp-content\/uploads\/2022\/12\/Nuevo-GG-1-1-80x80.jpg 80w, https:\/\/radiorevelacionfm.cl\/wp-content\/uploads\/2022\/12\/Nuevo-GG-1-1-36x36.jpg 36w, https:\/\/radiorevelacionfm.cl\/wp-content\/uploads\/2022\/12\/Nuevo-GG-1-1-180x180.jpg 180w, https:\/\/radiorevelacionfm.cl\/wp-content\/uploads\/2022\/12\/Nuevo-GG-1-1-100x100.jpg 100w\" sizes=\"(max-width: 600px) 100vw, 600px\" \/><\/div><\/div><\/div><\/div><div class=\"flex_column av_one_full  flex_column_div av-zero-column-padding first  avia-builder-el-2  el_after_av_one_full  el_before_av_one_full  column-top-margin\" style='border-radius:0px; '><section class=\"av_textblock_section \"  itemscope=\"itemscope\" itemtype=\"https:\/\/schema.org\/BlogPosting\" itemprop=\"blogPost\" ><div class='avia_textblock  '   itemprop=\"text\" ><p style=\"text-align: center;\"><span style=\"font-size: 18pt;\"><strong>Directorio de Puerto Chacabuco nombra a Felipe Candia Araya como nuevo gerente general<\/strong><\/span><\/p>\n<div id=\"gtx-trans\" style=\"position: absolute; left: -50px; top: 4.31534px;\">\n<div class=\"gtx-trans-icon\"><\/div>\n<\/div>\n<\/div><\/section><\/div><div class=\"flex_column av_one_full  flex_column_div av-zero-column-padding first  avia-builder-el-4  el_after_av_one_full  el_before_av_hr  column-top-margin\" style='border-radius:0px; '><section class=\"av_textblock_section \"  itemscope=\"itemscope\" itemtype=\"https:\/\/schema.org\/BlogPosting\" itemprop=\"blogPost\" ><div class='avia_textblock  '   itemprop=\"text\" ><p style=\"text-align: justify;\">En la sesi\u00f3n ordinaria No. 588 del 13 de diciembre de 2022 y por acuerdo de su directorio, la Empresa Portuaria de Chacabuco, design\u00f3 a Felipe Candia Araya como el nuevo gerente general, que asumir\u00e1 sus funciones a partir del nuevo de 9 enero de 2023.<\/p>\n<p style=\"text-align: justify;\">El profesional es Ingeniero Civil Industrial \u2013 Ingeniero Forestal M.Sc. Natural Resources Management &amp; Development. Tiene m\u00e1s de 15 a\u00f1os de carrera aportando a la gesti\u00f3n sostenible de la industria el\u00e9ctrica, la agro-industria, y las obras p\u00fablicas. Su carrera se ha orientado a la planificaci\u00f3n y control de proyectos, a la innovaci\u00f3n, al trabajo colaborativo, a la creaci\u00f3n de valor compartido, al desarrollo sostenible, y a la aplicaci\u00f3n de modelos de econom\u00eda circular.<\/p>\n<p style=\"text-align: justify;\">Para Enrique Runin, presidente del directorio \u201cdespu\u00e9s de recibir m\u00e1s de 100 curr\u00edculos, y realizar un riguroso proceso de selecci\u00f3n, hemos determinado que Felipe Candia cumple con el perfil adecuado para llevar a cabo los lineamientos de nuestro directorio y que van de la mano con el nuevo proceso de planificaci\u00f3n estrat\u00e9gica\u201d.<\/p>\n<p style=\"text-align: justify;\"><strong><u>Aqu\u00ed parte de su trayectoria laboral:<\/u><\/strong><\/p>\n<p style=\"text-align: justify;\">Ene 2022 \u2013 Presente:<\/p>\n<p style=\"text-align: justify;\">Subgerente de Gesti\u00f3n Ambiental. Patagonia Sostenible SpA (ICAFAL Inversiones S.A. \u2013 Hidrosan Ingenier\u00eda S.A.). Coyhaique.<\/p>\n<p style=\"text-align: justify;\">Ago 2019 \u2013 Ene 2022:<\/p>\n<p style=\"text-align: justify;\">Coordinador de Sustentabilidad. Agr\u00edcola y Ganadera Estancia R\u00edo Cisnes Ltda. Gerente de Operaciones de la empresa filial Faenadora Cisne Austral Ltda.<\/p>\n<p style=\"text-align: justify;\">Jun 2018 \u2013 Ene 2021:<\/p>\n<p style=\"text-align: justify;\">Gerente T\u00e9cnico. Lat45 Consultores SpA. Coyhaique &#8211; Coordinador ambiental de diversos Informes Ambientales Territoriales para proyectos viales del Ministerio de Obras P\u00fablicas.<\/p>\n<p style=\"text-align: justify;\">Abr 2007 \u2013 Jun 2015: Especialista Ambiental. Grupo Enersis. Coyhaique \u2013 Santiago.<\/p>\n<p style=\"text-align: justify;\"><strong><u>En lo acad\u00e9mico destacan:<\/u><\/strong><\/p>\n<ul>\n<li style=\"text-align: justify;\">Master of Science Natural Resources Management and Development TH K\u00f6ln University of Applied Sciences Colonia, Alemania. 2015 &#8211; 2018<\/li>\n<li style=\"text-align: justify;\">Ingenier\u00eda Civil Industrial Universidad Tecnol\u00f3gica Metropolitana Santiago, Chile. 2011 &#8211; 2015<\/li>\n<li style=\"text-align: justify;\">Diplomado en Geom\u00e1tica Pontificia Universidad Cat\u00f3lica de Chile Santiago, Chile. 2010<\/li>\n<li style=\"text-align: justify;\">Ingenier\u00eda Forestal Universidad Santo Tom\u00e1s Santiago, Chile. 2002 &#8211; 2007<\/li>\n<\/ul>\n<\/div><\/section><\/div><div  style='height:50px' class='hr hr-invisible   avia-builder-el-6  el_after_av_one_full  el_before_av_social_share '><span class='hr-inner ' ><span class='hr-inner-style'><\/span><\/span><\/div><\/p>\n<div  class='av-social-sharing-box  avia-builder-el-7  el_after_av_hr  el_before_av_hr  '><div class='av-share-box'><h5 class='av-share-link-description av-no-toc '>Compartir esta noticia<\/h5><ul class='av-share-box-list noLightbox'><li class='av-share-link av-social-link-facebook' ><a target=\"_blank\" aria-label=\"Compartir en Facebook\" href='https:\/\/www.facebook.com\/sharer.php?u=https:\/\/radiorevelacionfm.cl\/?p=25494&#038;t=Directorio%20de%20Puerto%20Chacabuco%20nombra%20a%20Felipe%20Candia%20Araya%20como%20nuevo%20gerente%20general' aria-hidden='false' data-av_icon='\ue8f3' data-av_iconfont='entypo-fontello' title='' data-avia-related-tooltip='Compartir en Facebook' rel=\"noopener\"><span class='avia_hidden_link_text'>Compartir en Facebook<\/span><\/a><\/li><li class='av-share-link av-social-link-twitter' ><a target=\"_blank\" aria-label=\"Compartir en Twitter\" href='https:\/\/twitter.com\/share?text=Directorio%20de%20Puerto%20Chacabuco%20nombra%20a%20Felipe%20Candia%20Araya%20como%20nuevo%20gerente%20general&#038;url=https:\/\/radiorevelacionfm.cl\/?p=25494' aria-hidden='false' data-av_icon='\ue8f1' data-av_iconfont='entypo-fontello' title='' data-avia-related-tooltip='Compartir en Twitter' rel=\"noopener\"><span class='avia_hidden_link_text'>Compartir en Twitter<\/span><\/a><\/li><li class='av-share-link av-social-link-whatsapp' ><a target=\"_blank\" aria-label=\"Compartir en Whatsapp\" href='https:\/\/api.whatsapp.com\/send?text=https:\/\/radiorevelacionfm.cl\/?p=25494' aria-hidden='false' data-av_icon='\uf232' data-av_iconfont='entypo-fontello' title='' data-avia-related-tooltip='Compartir en Whatsapp' rel=\"noopener\"><span class='avia_hidden_link_text'>Compartir en Whatsapp<\/span><\/a><\/li><li class='av-share-link av-social-link-linkedin' ><a target=\"_blank\" aria-label=\"Compartir en LinkedIn\" href='https:\/\/linkedin.com\/shareArticle?mini=true&#038;title=Directorio%20de%20Puerto%20Chacabuco%20nombra%20a%20Felipe%20Candia%20Araya%20como%20nuevo%20gerente%20general&#038;url=https:\/\/radiorevelacionfm.cl\/?p=25494' aria-hidden='false' data-av_icon='\ue8fc' data-av_iconfont='entypo-fontello' title='' data-avia-related-tooltip='Compartir en LinkedIn' rel=\"noopener\"><span class='avia_hidden_link_text'>Compartir en LinkedIn<\/span><\/a><\/li><li class='av-share-link av-social-link-mail' ><a  aria-label=\"Compartir por correo\" href='mailto:?subject=Directorio%20de%20Puerto%20Chacabuco%20nombra%20a%20Felipe%20Candia%20Araya%20como%20nuevo%20gerente%20general&#038;body=https:\/\/radiorevelacionfm.cl\/?p=25494' aria-hidden='false' data-av_icon='\ue805' data-av_iconfont='entypo-fontello' title='' data-avia-related-tooltip='Compartir por correo'><span class='avia_hidden_link_text'>Compartir por correo<\/span><\/a><\/li><\/ul><\/div><\/div>\n<div  style='height:50px' class='hr hr-invisible   avia-builder-el-8  el_after_av_social_share  el_before_av_comments_list '><span class='hr-inner ' ><span class='hr-inner-style'><\/span><\/span><\/div>\n<div  class='av-buildercomment  av-blog-meta-html-info-disabled av-blog-meta-tag-disabled  '><\/div>\n","protected":false},"excerpt":{"rendered":"","protected":false},"author":1,"featured_media":25495,"comment_status":"open","ping_status":"open","sticky":false,"template":"","format":"standard","meta":{"footnotes":""},"categories":[38],"tags":[],"class_list":["post-25494","post","type-post","status-publish","format-standard","has-post-thumbnail","hentry","category-regional"],"jetpack_featured_media_url":"https:\/\/radiorevelacionfm.cl\/wp-content\/uploads\/2022\/12\/Nuevo-GG-1-1.jpg","_links":{"self":[{"href":"https:\/\/radiorevelacionfm.cl\/index.php?rest_route=\/wp\/v2\/posts\/25494","targetHints":{"allow":["GET"]}}],"collection":[{"href":"https:\/\/radiorevelacionfm.cl\/index.php?rest_route=\/wp\/v2\/posts"}],"about":[{"href":"https:\/\/radiorevelacionfm.cl\/index.php?rest_route=\/wp\/v2\/types\/post"}],"author":[{"embeddable":true,"href":"https:\/\/radiorevelacionfm.cl\/index.php?rest_route=\/wp\/v2\/users\/1"}],"replies":[{"embeddable":true,"href":"https:\/\/radiorevelacionfm.cl\/index.php?rest_route=%2Fwp%2Fv2%2Fcomments&post=25494"}],"version-history":[{"count":2,"href":"https:\/\/radiorevelacionfm.cl\/index.php?rest_route=\/wp\/v2\/posts\/25494\/revisions"}],"predecessor-version":[{"id":25526,"href":"https:\/\/radiorevelacionfm.cl\/index.php?rest_route=\/wp\/v2\/posts\/25494\/revisions\/25526"}],"wp:featuredmedia":[{"embeddable":true,"href":"https:\/\/radiorevelacionfm.cl\/index.php?rest_route=\/wp\/v2\/media\/25495"}],"wp:attachment":[{"href":"https:\/\/radiorevelacionfm.cl\/index.php?rest_route=%2Fwp%2Fv2%2Fmedia&parent=25494"}],"wp:term":[{"taxonomy":"category","embeddable":true,"href":"https:\/\/radiorevelacionfm.cl\/index.php?rest_route=%2Fwp%2Fv2%2Fcategories&post=25494"},{"taxonomy":"post_tag","embeddable":true,"href":"https:\/\/radiorevelacionfm.cl\/index.php?rest_route=%2Fwp%2Fv2%2Ftags&post=25494"}],"curies":[{"name":"wp","href":"https:\/\/api.w.org\/{rel}","templated":true}]}}