{"id":25491,"date":"2022-12-16T18:28:54","date_gmt":"2022-12-16T21:28:54","guid":{"rendered":"https:\/\/radiorevelacionfm.cl\/?p=25491"},"modified":"2022-12-16T18:28:54","modified_gmt":"2022-12-16T21:28:54","slug":"aumentan-denuncias-anonimas-por-parte-de-la-comunidad-en-aysen","status":"publish","type":"post","link":"https:\/\/radiorevelacionfm.cl\/?p=25491","title":{"rendered":"Aumentan denuncias an\u00f3nimas por parte de la comunidad en Ays\u00e9n"},"content":{"rendered":"<div class=\"flex_column av_one_full  flex_column_div av-zero-column-padding first  avia-builder-el-0  el_before_av_one_full  avia-builder-el-first  \" style='border-radius:0px; '><div  class='avia-image-container  av-styling-    avia-builder-el-1  avia-builder-el-no-sibling  avia-align-center '  itemprop=\"image\" itemscope=\"itemscope\" itemtype=\"https:\/\/schema.org\/ImageObject\"  ><div class='avia-image-container-inner'><div class='avia-image-overlay-wrap'><img decoding=\"async\" class='wp-image-25492 avia-img-lazy-loading-not-25492 avia_image' src=\"https:\/\/radiorevelacionfm.cl\/wp-content\/uploads\/2022\/12\/dsc_0075-1_optimized.jpg\" alt='' title='dsc_0075-(1)_optimized' height=\"600\" width=\"900\"  itemprop=\"thumbnailUrl\" srcset=\"https:\/\/radiorevelacionfm.cl\/wp-content\/uploads\/2022\/12\/dsc_0075-1_optimized.jpg 900w, https:\/\/radiorevelacionfm.cl\/wp-content\/uploads\/2022\/12\/dsc_0075-1_optimized-300x200.jpg 300w, https:\/\/radiorevelacionfm.cl\/wp-content\/uploads\/2022\/12\/dsc_0075-1_optimized-768x512.jpg 768w, https:\/\/radiorevelacionfm.cl\/wp-content\/uploads\/2022\/12\/dsc_0075-1_optimized-705x470.jpg 705w, https:\/\/radiorevelacionfm.cl\/wp-content\/uploads\/2022\/12\/dsc_0075-1_optimized-600x400.jpg 600w\" sizes=\"(max-width: 900px) 100vw, 900px\" \/><\/div><\/div><\/div><\/div><div class=\"flex_column av_one_full  flex_column_div av-zero-column-padding first  avia-builder-el-2  el_after_av_one_full  el_before_av_one_full  column-top-margin\" style='border-radius:0px; '><section class=\"av_textblock_section \"  itemscope=\"itemscope\" itemtype=\"https:\/\/schema.org\/BlogPosting\" itemprop=\"blogPost\" ><div class='avia_textblock  '   itemprop=\"text\" ><p style=\"text-align: center;\"><strong><span style=\"font-size: 18pt;\">Aumentan denuncias an\u00f3nimas por parte de la comunidad en Ays\u00e9n<\/span><\/strong><\/p>\n<div id=\"gtx-trans\" style=\"position: absolute; left: -50px; top: 4.31534px;\">\n<div class=\"gtx-trans-icon\"><\/div>\n<\/div>\n<\/div><\/section><\/div><div class=\"flex_column av_one_full  flex_column_div av-zero-column-padding first  avia-builder-el-4  el_after_av_one_full  el_before_av_hr  column-top-margin\" style='border-radius:0px; '><section class=\"av_textblock_section \"  itemscope=\"itemscope\" itemtype=\"https:\/\/schema.org\/BlogPosting\" itemprop=\"blogPost\" ><div class='avia_textblock  '   itemprop=\"text\" ><p style=\"text-align: justify;\">La comuna de Ays\u00e9n fue destacada por ser uno de los lugares donde m\u00e1s aument\u00f3 la llamada efectiva del n\u00famero del Programa Denuncia Seguro.<\/p>\n<p style=\"text-align: justify;\">En el \u00faltimo Consejo Comunal de Seguridad P\u00fablica, que cont\u00f3 con la presencia del Coordinador Regional de Seguridad P\u00fablica, Crist\u00f3bal Barcel\u00f3 Veas, se anunci\u00f3 la estad\u00edstica sobre la utilizaci\u00f3n del n\u00famero (*4242) y plataforma de Denuncia Seguro, el programa de la Subsecretar\u00eda de Prevenci\u00f3n del Delito, que consiste en un\u00a0canal para recibir informaci\u00f3n delictual de forma totalmente an\u00f3nima a cualquier hora del d\u00eda.<\/p>\n<p style=\"text-align: justify;\">El coordinador Barcel\u00f3 mencion\u00f3 el importante dato con lo que destaca a la comuna de Ays\u00e9n, \u201cVinimos a anunciar que durante este a\u00f1o la comuna de Ays\u00e9n ha tenido un aumento porcentual de llamadas efectivas con t\u00e9rmino de, finalmente, investigaciones reales y exitosas de parte de la fiscal\u00eda y las polic\u00edas. Estamos hablando de un 233% de aumento de llamadas verdaderas y eso, por supuesto, demuestra un permanente de parte del municipio y en particular del Departamento de Seguridad Ciudadana de Ays\u00e9n, as\u00ed que estamos contentos y los instamos a que sigan en este trabajo\u201d.<\/p>\n<p style=\"text-align: justify;\">Crist\u00f3bal Barcel\u00f3 igual destaca que, el hecho de que se hayan realizado m\u00e1s del doble de denuncias que antes, no significa que hayan aumentado los delitos a la misma escala. \u201cSi nosotros contamos las denuncias a nivel regi\u00f3n o comuna, tanto las an\u00f3nimas y las no lo son, no han tenido un incremento significativo en relaci\u00f3n con el pa\u00eds, estamos hablando de que este a\u00f1o deber\u00edamos tener un porcentaje delictual del 15% al 20%, comparado con el a\u00f1o anterior, siendo un a\u00f1o de pandemia. Ese porcentaje se va a mantener en la comuna, lo significativo de esto es que el aumento ha sido en las denuncias an\u00f3nimas, esto significa que no es un aumento en todas las denuncias que hay en la comuna, sino que solamente en las denuncias an\u00f3nimas\u201d explica el coordinador regional de Seguridad p\u00fablica.<\/p>\n<p style=\"text-align: justify;\">El jefe de la Direcci\u00f3n de Seguridad P\u00fablica y Convivencia de la Municipalidad de Ays\u00e9n, Marco Co\u00f1uecar Villegas, est\u00e1 motivado con las gestiones que su equipo y \u00e9l han podido concretar. \u201cPasamos a ser la comuna que m\u00e1s ha tenido incremento (de llamadas al n\u00famero de denuncia an\u00f3nima), es decir, que m\u00e1s se ha trabajado esta plataforma \u00bfY qu\u00e9 es lo positivo? Que a trav\u00e9s de la plataforma podemos atacar delitos que complican a la ciudadan\u00eda. Esto nos deja contentos porque el trabajo que se est\u00e1 realizando desde la Direcci\u00f3n de Seguridad P\u00fablica est\u00e1 dando resultados\u201d, coment\u00f3 el director de Seguridad P\u00fablica y Convivencia.<\/p>\n<p style=\"text-align: justify;\">El Sr. Co\u00f1uecar tambi\u00e9n explica que los delitos que m\u00e1s aquejan a la ciudadan\u00eda son violencia intrafamiliar, infracci\u00f3n a la ley de drogas e incivilidades (como ruidos molestos o estado de ebriedad en v\u00eda p\u00fablica), esto seg\u00fan una encuesta que se realiz\u00f3 desde la Direcci\u00f3n de Seguridad P\u00fablica, en el cual participaron m\u00e1s de 1800 personas de las localidades de Ays\u00e9n. Por lo mismo, muchas de las denuncias an\u00f3nima que llegan abarcan estos problemas y, por ello, la Direcci\u00f3n tiene como enfoque tomar acciones que ayuden a reducir los delitos que m\u00e1s amargan la vida de los ayseninos.<\/p>\n<\/div><\/section><\/div><div  style='height:50px' class='hr hr-invisible   avia-builder-el-6  el_after_av_one_full  el_before_av_social_share '><span class='hr-inner ' ><span class='hr-inner-style'><\/span><\/span><\/div><\/p>\n<div  class='av-social-sharing-box  avia-builder-el-7  el_after_av_hr  el_before_av_hr  '><div class='av-share-box'><h5 class='av-share-link-description av-no-toc '>Compartir esta noticia<\/h5><ul class='av-share-box-list noLightbox'><li class='av-share-link av-social-link-facebook' ><a target=\"_blank\" aria-label=\"Compartir en Facebook\" href='https:\/\/www.facebook.com\/sharer.php?u=https:\/\/radiorevelacionfm.cl\/?p=25491&#038;t=Aumentan%20denuncias%20an%C3%B3nimas%20por%20parte%20de%20la%20comunidad%20en%20Ays%C3%A9n' aria-hidden='false' data-av_icon='\ue8f3' data-av_iconfont='entypo-fontello' title='' data-avia-related-tooltip='Compartir en Facebook' rel=\"noopener\"><span class='avia_hidden_link_text'>Compartir en Facebook<\/span><\/a><\/li><li class='av-share-link av-social-link-twitter' ><a target=\"_blank\" aria-label=\"Compartir en Twitter\" href='https:\/\/twitter.com\/share?text=Aumentan%20denuncias%20an%C3%B3nimas%20por%20parte%20de%20la%20comunidad%20en%20Ays%C3%A9n&#038;url=https:\/\/radiorevelacionfm.cl\/?p=25491' aria-hidden='false' data-av_icon='\ue8f1' data-av_iconfont='entypo-fontello' title='' data-avia-related-tooltip='Compartir en Twitter' rel=\"noopener\"><span class='avia_hidden_link_text'>Compartir en Twitter<\/span><\/a><\/li><li class='av-share-link av-social-link-whatsapp' ><a target=\"_blank\" aria-label=\"Compartir en Whatsapp\" href='https:\/\/api.whatsapp.com\/send?text=https:\/\/radiorevelacionfm.cl\/?p=25491' aria-hidden='false' data-av_icon='\uf232' data-av_iconfont='entypo-fontello' title='' data-avia-related-tooltip='Compartir en Whatsapp' rel=\"noopener\"><span class='avia_hidden_link_text'>Compartir en Whatsapp<\/span><\/a><\/li><li class='av-share-link av-social-link-linkedin' ><a target=\"_blank\" aria-label=\"Compartir en LinkedIn\" href='https:\/\/linkedin.com\/shareArticle?mini=true&#038;title=Aumentan%20denuncias%20an%C3%B3nimas%20por%20parte%20de%20la%20comunidad%20en%20Ays%C3%A9n&#038;url=https:\/\/radiorevelacionfm.cl\/?p=25491' aria-hidden='false' data-av_icon='\ue8fc' data-av_iconfont='entypo-fontello' title='' data-avia-related-tooltip='Compartir en LinkedIn' rel=\"noopener\"><span class='avia_hidden_link_text'>Compartir en LinkedIn<\/span><\/a><\/li><li class='av-share-link av-social-link-mail' ><a  aria-label=\"Compartir por correo\" href='mailto:?subject=Aumentan%20denuncias%20an%C3%B3nimas%20por%20parte%20de%20la%20comunidad%20en%20Ays%C3%A9n&#038;body=https:\/\/radiorevelacionfm.cl\/?p=25491' aria-hidden='false' data-av_icon='\ue805' data-av_iconfont='entypo-fontello' title='' data-avia-related-tooltip='Compartir por correo'><span class='avia_hidden_link_text'>Compartir por correo<\/span><\/a><\/li><\/ul><\/div><\/div>\n<div  style='height:50px' class='hr hr-invisible   avia-builder-el-8  el_after_av_social_share  el_before_av_comments_list '><span class='hr-inner ' ><span class='hr-inner-style'><\/span><\/span><\/div>\n<div  class='av-buildercomment  av-blog-meta-html-info-disabled av-blog-meta-tag-disabled  '><\/div>\n","protected":false},"excerpt":{"rendered":"","protected":false},"author":1,"featured_media":25492,"comment_status":"open","ping_status":"open","sticky":false,"template":"","format":"standard","meta":{"footnotes":""},"categories":[38],"tags":[],"class_list":["post-25491","post","type-post","status-publish","format-standard","has-post-thumbnail","hentry","category-regional"],"jetpack_featured_media_url":"https:\/\/radiorevelacionfm.cl\/wp-content\/uploads\/2022\/12\/dsc_0075-1_optimized.jpg","_links":{"self":[{"href":"https:\/\/radiorevelacionfm.cl\/index.php?rest_route=\/wp\/v2\/posts\/25491","targetHints":{"allow":["GET"]}}],"collection":[{"href":"https:\/\/radiorevelacionfm.cl\/index.php?rest_route=\/wp\/v2\/posts"}],"about":[{"href":"https:\/\/radiorevelacionfm.cl\/index.php?rest_route=\/wp\/v2\/types\/post"}],"author":[{"embeddable":true,"href":"https:\/\/radiorevelacionfm.cl\/index.php?rest_route=\/wp\/v2\/users\/1"}],"replies":[{"embeddable":true,"href":"https:\/\/radiorevelacionfm.cl\/index.php?rest_route=%2Fwp%2Fv2%2Fcomments&post=25491"}],"version-history":[{"count":2,"href":"https:\/\/radiorevelacionfm.cl\/index.php?rest_route=\/wp\/v2\/posts\/25491\/revisions"}],"predecessor-version":[{"id":25507,"href":"https:\/\/radiorevelacionfm.cl\/index.php?rest_route=\/wp\/v2\/posts\/25491\/revisions\/25507"}],"wp:featuredmedia":[{"embeddable":true,"href":"https:\/\/radiorevelacionfm.cl\/index.php?rest_route=\/wp\/v2\/media\/25492"}],"wp:attachment":[{"href":"https:\/\/radiorevelacionfm.cl\/index.php?rest_route=%2Fwp%2Fv2%2Fmedia&parent=25491"}],"wp:term":[{"taxonomy":"category","embeddable":true,"href":"https:\/\/radiorevelacionfm.cl\/index.php?rest_route=%2Fwp%2Fv2%2Fcategories&post=25491"},{"taxonomy":"post_tag","embeddable":true,"href":"https:\/\/radiorevelacionfm.cl\/index.php?rest_route=%2Fwp%2Fv2%2Ftags&post=25491"}],"curies":[{"name":"wp","href":"https:\/\/api.w.org\/{rel}","templated":true}]}}