{"id":2548,"date":"2021-02-11T19:01:33","date_gmt":"2021-02-11T22:01:33","guid":{"rendered":"https:\/\/radiorevelacionfm.cl\/?p=2548"},"modified":"2021-02-11T19:01:33","modified_gmt":"2021-02-11T22:01:33","slug":"mindep-ind-destaca-trabajo-formativo-que-realiza-el-club-de-basquetbol-aysen","status":"publish","type":"post","link":"https:\/\/radiorevelacionfm.cl\/?p=2548","title":{"rendered":"Mindep-IND destaca trabajo formativo que realiza el Club de B\u00e1squetbol Ays\u00e9n"},"content":{"rendered":"<div class=\"flex_column av_one_full  flex_column_div av-zero-column-padding first  avia-builder-el-0  el_before_av_one_full  avia-builder-el-first  \" style='border-radius:0px; '><div  class='avia-image-container  av-styling-    avia-builder-el-1  avia-builder-el-no-sibling  avia-align-center '  itemprop=\"image\" itemscope=\"itemscope\" itemtype=\"https:\/\/schema.org\/ImageObject\"  ><div class='avia-image-container-inner'><div class='avia-image-overlay-wrap'><img decoding=\"async\" class='wp-image-0 avia-img-lazy-loading-not-0 avia_image' src=\"https:\/\/radiorevelacionfm.cl\/wp-content\/uploads\/2021\/02\/whatsapp-image-2021-02-11-at-12_optimized.23.36.jpeg\" alt='' title=''   itemprop=\"thumbnailUrl\"  \/><\/div><\/div><\/div><\/div><div class=\"flex_column av_one_full  flex_column_div av-zero-column-padding first  avia-builder-el-2  el_after_av_one_full  el_before_av_one_full  column-top-margin\" style='border-radius:0px; '><section class=\"av_textblock_section \"  itemscope=\"itemscope\" itemtype=\"https:\/\/schema.org\/BlogPosting\" itemprop=\"blogPost\" ><div class='avia_textblock  '   itemprop=\"text\" ><p style=\"text-align: center;\"><span style=\"font-size: 18pt;\"><strong>Mindep-IND destaca trabajo formativo que realiza el Club de B\u00e1squetbol Ays\u00e9n<\/strong><\/span><\/p>\n<div id=\"gtx-trans\" style=\"position: absolute; left: -50px; top: 4.31534px;\">\n<div class=\"gtx-trans-icon\"><\/div>\n<\/div>\n<\/div><\/section><\/div><div class=\"flex_column av_one_full  flex_column_div av-zero-column-padding first  avia-builder-el-4  el_after_av_one_full  el_before_av_hr  column-top-margin\" style='border-radius:0px; '><section class=\"av_textblock_section \"  itemscope=\"itemscope\" itemtype=\"https:\/\/schema.org\/BlogPosting\" itemprop=\"blogPost\" ><div class='avia_textblock  '   itemprop=\"text\" ><p style=\"text-align: justify;\">Gracias a un eficiente\u00a0\u00a0trabajo dirigencial y t\u00e9cnico deportivo, el C.B.A. se ha transformado en\u00a0un semillero de nuevos talentos deportivos.<\/p>\n<p style=\"text-align: justify;\">El\u00a0\u00a0emblem\u00e1tico\u00a0\u00a0club de b\u00e1squetbol, ha seguido\u00a0\u00a0su trabajo telem\u00e1ticamente durante la pandemia\u00a0\u00a0con el objetivo de motivar a los j\u00f3venes y mantenerlos activos. Asimismo,\u00a0\u00a0a medida que avanzan en las fases paso a paso, han retomado los entrenamientos presenciales al aire libre,\u00a0\u00a0respetando el aforo establecido y las medidas sanitarias.<\/p>\n<p style=\"text-align: justify;\">Al respecto, el\u00a0\u00a0Seremi del Deporte, Rodrigo Cubilla Retamal se\u00f1al\u00f3,\u00a0\u00a0\u00abpara todos nuestros deportistas y aficionados que disfrutan del baloncesto, el Club de B\u00e1squetbol Ays\u00e9n es un\u00a0\u00a0referente y un verdadero semillero de nuevos jugadores, por esta raz\u00f3n queremos destacar la labor que realizan sus entrenadores y sus dirigentes\u00bb, se\u00f1al\u00f3\u00a0la autoridad.<\/p>\n<p style=\"text-align: justify;\">Asimismo agreg\u00f3, \u00abcomo Ministerio del Deporte y junto al Director Regional del IND los vamos a seguir apoyando por\u00a0\u00a0el excelente trabajo formativo que desarrollan y\u00a0\u00a0que va m\u00e1s all\u00e1\u00a0de lo netamente deportivo, sino que adem\u00e1s han estado permanentemente al lado de los j\u00f3venes durante la pandemia desarrollando un trabajo f\u00edsico y adem\u00e1s de apoyo emocional\u00bb<\/p>\n<p style=\"text-align: justify;\">\u00abEl club comenz\u00f3 el a\u00f1o 2015 con el entrenador Felipe Guzm\u00e1n y un grupo de apoderados que buscaban potenciar el\u00a0\u00a0deporte competitivo en la ciudad y tambi\u00e9n participar fuera de\u00a0\u00e9sta\u00bb, precis\u00f3\u00a0Jonathan Rozas Head Coach del club. Adem\u00e1s, continu\u00f3 \u00abnuestro club tiene muy buen prestigio a nivel escolar y participaci\u00f3n en nacionales por lo que nos sentimos muy orgullosos, pero todo esto no\u00a0\u00a0hubiese sido posible sin el apoyo gigantesco de los apoderados y su gesti\u00f3n,\u00a0\u00a0ya que nuestro club al no tener un financiamiento fijo o permanente debe solicitar\u00a0\u00a0subvenciones directas, tanto a nivel municipal, as\u00ed\u00a0como al\u00a0\u00a0Mindep e Ind y al Gobierno Regional\u00bb.\u00a0\u00a0Al finalizar coment\u00f3\u00bb\u00a0una de nuestras metas es realizar un proceso formativo con categor\u00edas menores de 6 o 7 a\u00f1os ya que jugando aprenden y se encantan con el baloncesto\u00bb, precis\u00f3.<\/p>\n<p style=\"text-align: justify;\">Actualmente, la organizaci\u00f3n deportiva sigue trabajando principalmente con el manejo del estr\u00e9s y ansiedad en el deporte durante la pandemia y con grupos acotados de siete jugadores que realizan principalmente acondicionamiento f\u00edsico y mucho bote del bal\u00f3n, en un parque\u00a0\u00a0al aire libre en Puerto Ays\u00e9n, con la esperanza de retomar los entrenamientos\u00a0\u00a0presenciales y el calendario de torneos deportivos.<\/p>\n<\/div><\/section><\/div><div  style='height:50px' class='hr hr-invisible   avia-builder-el-6  el_after_av_one_full  el_before_av_social_share '><span class='hr-inner ' ><span class='hr-inner-style'><\/span><\/span><\/div><\/p>\n<div  class='av-social-sharing-box  avia-builder-el-7  el_after_av_hr  el_before_av_hr  '><div class='av-share-box'><h5 class='av-share-link-description av-no-toc '>Compartir esta noticia<\/h5><ul class='av-share-box-list noLightbox'><li class='av-share-link av-social-link-facebook' ><a target=\"_blank\" aria-label=\"Compartir en Facebook\" href='https:\/\/www.facebook.com\/sharer.php?u=https:\/\/radiorevelacionfm.cl\/?p=2548&#038;t=Mindep-IND%20destaca%20trabajo%20formativo%20que%20realiza%20el%20Club%20de%20B%C3%A1squetbol%20Ays%C3%A9n' aria-hidden='false' data-av_icon='\ue8f3' data-av_iconfont='entypo-fontello' title='' data-avia-related-tooltip='Compartir en Facebook' rel=\"noopener\"><span class='avia_hidden_link_text'>Compartir en Facebook<\/span><\/a><\/li><li class='av-share-link av-social-link-twitter' ><a target=\"_blank\" aria-label=\"Compartir en Twitter\" href='https:\/\/twitter.com\/share?text=Mindep-IND%20destaca%20trabajo%20formativo%20que%20realiza%20el%20Club%20de%20B%C3%A1squetbol%20Ays%C3%A9n&#038;url=https:\/\/radiorevelacionfm.cl\/?p=2548' aria-hidden='false' data-av_icon='\ue8f1' data-av_iconfont='entypo-fontello' title='' data-avia-related-tooltip='Compartir en Twitter' rel=\"noopener\"><span class='avia_hidden_link_text'>Compartir en Twitter<\/span><\/a><\/li><li class='av-share-link av-social-link-whatsapp' ><a target=\"_blank\" aria-label=\"Compartir en Whatsapp\" href='https:\/\/api.whatsapp.com\/send?text=https:\/\/radiorevelacionfm.cl\/?p=2548' aria-hidden='false' data-av_icon='\uf232' data-av_iconfont='entypo-fontello' title='' data-avia-related-tooltip='Compartir en Whatsapp' rel=\"noopener\"><span class='avia_hidden_link_text'>Compartir en Whatsapp<\/span><\/a><\/li><li class='av-share-link av-social-link-linkedin' ><a target=\"_blank\" aria-label=\"Compartir en LinkedIn\" href='https:\/\/linkedin.com\/shareArticle?mini=true&#038;title=Mindep-IND%20destaca%20trabajo%20formativo%20que%20realiza%20el%20Club%20de%20B%C3%A1squetbol%20Ays%C3%A9n&#038;url=https:\/\/radiorevelacionfm.cl\/?p=2548' aria-hidden='false' data-av_icon='\ue8fc' data-av_iconfont='entypo-fontello' title='' data-avia-related-tooltip='Compartir en LinkedIn' rel=\"noopener\"><span class='avia_hidden_link_text'>Compartir en LinkedIn<\/span><\/a><\/li><li class='av-share-link av-social-link-mail' ><a  aria-label=\"Compartir por correo\" href='mailto:?subject=Mindep-IND%20destaca%20trabajo%20formativo%20que%20realiza%20el%20Club%20de%20B%C3%A1squetbol%20Ays%C3%A9n&#038;body=https:\/\/radiorevelacionfm.cl\/?p=2548' aria-hidden='false' data-av_icon='\ue805' data-av_iconfont='entypo-fontello' title='' data-avia-related-tooltip='Compartir por correo'><span class='avia_hidden_link_text'>Compartir por correo<\/span><\/a><\/li><\/ul><\/div><\/div>\n<div  style='height:50px' class='hr hr-invisible   avia-builder-el-8  el_after_av_social_share  el_before_av_comments_list '><span class='hr-inner ' ><span class='hr-inner-style'><\/span><\/span><\/div>\n<div  class='av-buildercomment  av-blog-meta-html-info-disabled av-blog-meta-tag-disabled  '><\/div>\n","protected":false},"excerpt":{"rendered":"","protected":false},"author":1,"featured_media":0,"comment_status":"open","ping_status":"open","sticky":false,"template":"","format":"standard","meta":{"footnotes":""},"categories":[40],"tags":[],"class_list":["post-2548","post","type-post","status-publish","format-standard","hentry","category-deportes"],"jetpack_featured_media_url":"","_links":{"self":[{"href":"https:\/\/radiorevelacionfm.cl\/index.php?rest_route=\/wp\/v2\/posts\/2548","targetHints":{"allow":["GET"]}}],"collection":[{"href":"https:\/\/radiorevelacionfm.cl\/index.php?rest_route=\/wp\/v2\/posts"}],"about":[{"href":"https:\/\/radiorevelacionfm.cl\/index.php?rest_route=\/wp\/v2\/types\/post"}],"author":[{"embeddable":true,"href":"https:\/\/radiorevelacionfm.cl\/index.php?rest_route=\/wp\/v2\/users\/1"}],"replies":[{"embeddable":true,"href":"https:\/\/radiorevelacionfm.cl\/index.php?rest_route=%2Fwp%2Fv2%2Fcomments&post=2548"}],"version-history":[{"count":1,"href":"https:\/\/radiorevelacionfm.cl\/index.php?rest_route=\/wp\/v2\/posts\/2548\/revisions"}],"predecessor-version":[{"id":2550,"href":"https:\/\/radiorevelacionfm.cl\/index.php?rest_route=\/wp\/v2\/posts\/2548\/revisions\/2550"}],"wp:attachment":[{"href":"https:\/\/radiorevelacionfm.cl\/index.php?rest_route=%2Fwp%2Fv2%2Fmedia&parent=2548"}],"wp:term":[{"taxonomy":"category","embeddable":true,"href":"https:\/\/radiorevelacionfm.cl\/index.php?rest_route=%2Fwp%2Fv2%2Fcategories&post=2548"},{"taxonomy":"post_tag","embeddable":true,"href":"https:\/\/radiorevelacionfm.cl\/index.php?rest_route=%2Fwp%2Fv2%2Ftags&post=2548"}],"curies":[{"name":"wp","href":"https:\/\/api.w.org\/{rel}","templated":true}]}}