{"id":25467,"date":"2022-12-16T10:26:34","date_gmt":"2022-12-16T13:26:34","guid":{"rendered":"https:\/\/radiorevelacionfm.cl\/?p=25467"},"modified":"2022-12-16T10:37:02","modified_gmt":"2022-12-16T13:37:02","slug":"regimiento-n8-chiloe-realizo-una-entretenida-actividad-a-los-ninos-del-colegio-kalem","status":"publish","type":"post","link":"https:\/\/radiorevelacionfm.cl\/?p=25467","title":{"rendered":"Regimiento N\u00b08 \u201cChilo\u00e9\u201d realiz\u00f3 una entretenida actividad a los ni\u00f1os del Colegio Kalem"},"content":{"rendered":"<div class=\"flex_column av_one_full  flex_column_div av-zero-column-padding first  avia-builder-el-0  el_before_av_one_full  avia-builder-el-first  \" style='border-radius:0px; '><div  class='avia-image-container  av-styling-    avia-builder-el-1  avia-builder-el-no-sibling  avia-align-center '  itemprop=\"image\" itemscope=\"itemscope\" itemtype=\"https:\/\/schema.org\/ImageObject\"  ><div class='avia-image-container-inner'><div class='avia-image-overlay-wrap'><img decoding=\"async\" class='wp-image-25471 avia-img-lazy-loading-not-25471 avia_image' src=\"https:\/\/radiorevelacionfm.cl\/wp-content\/uploads\/2022\/12\/dsc_0104-2_optimized-1.jpg\" alt='' title='dsc_0104-(2)_optimized (1)' height=\"600\" width=\"1104\"  itemprop=\"thumbnailUrl\" srcset=\"https:\/\/radiorevelacionfm.cl\/wp-content\/uploads\/2022\/12\/dsc_0104-2_optimized-1.jpg 1104w, https:\/\/radiorevelacionfm.cl\/wp-content\/uploads\/2022\/12\/dsc_0104-2_optimized-1-300x163.jpg 300w, https:\/\/radiorevelacionfm.cl\/wp-content\/uploads\/2022\/12\/dsc_0104-2_optimized-1-1030x560.jpg 1030w, https:\/\/radiorevelacionfm.cl\/wp-content\/uploads\/2022\/12\/dsc_0104-2_optimized-1-768x417.jpg 768w, https:\/\/radiorevelacionfm.cl\/wp-content\/uploads\/2022\/12\/dsc_0104-2_optimized-1-705x383.jpg 705w, https:\/\/radiorevelacionfm.cl\/wp-content\/uploads\/2022\/12\/dsc_0104-2_optimized-1-600x326.jpg 600w\" sizes=\"(max-width: 1104px) 100vw, 1104px\" \/><\/div><\/div><\/div><\/div><div class=\"flex_column av_one_full  flex_column_div av-zero-column-padding first  avia-builder-el-2  el_after_av_one_full  el_before_av_one_full  column-top-margin\" style='border-radius:0px; '><section class=\"av_textblock_section \"  itemscope=\"itemscope\" itemtype=\"https:\/\/schema.org\/BlogPosting\" itemprop=\"blogPost\" ><div class='avia_textblock  '   itemprop=\"text\" ><p style=\"text-align: center;\"><span style=\"font-size: 18pt;\"><strong>Regimiento N\u00b08 \u201cChilo\u00e9\u201d realiz\u00f3 una entretenida actividad a los ni\u00f1os del Colegio Kalem<\/strong><\/span><\/p>\n<div id=\"gtx-trans\" style=\"position: absolute; left: -50px; top: 4.31534px;\">\n<div class=\"gtx-trans-icon\"><\/div>\n<\/div>\n<\/div><\/section><\/div><\/p>\n<div class=\"flex_column av_one_full  flex_column_div av-zero-column-padding first  avia-builder-el-4  el_after_av_one_full  el_before_av_hr  column-top-margin\" style='border-radius:0px; '><section class=\"av_textblock_section \"  itemscope=\"itemscope\" itemtype=\"https:\/\/schema.org\/BlogPosting\" itemprop=\"blogPost\" ><div class='avia_textblock  '   itemprop=\"text\" ><p style=\"text-align: justify;\">Una visita educativa realizaron, los alumnos de los niveles Prek\u00ednder y K\u00ednder del colegio Kalem de la ciudad de Puerto Ays\u00e9n, al Regimiento N\u00b0 8 \u201cChilo\u00e9\u201d.<\/p>\n<p style=\"text-align: justify;\">Esta significativa actividad dio inicio con un recorrido por la muestra hist\u00f3rica de la maquinaria empleada en la construcci\u00f3n de la Carretera Austral, seguido de una muestra de material, un stand de pinta caritas estilo militar y funcionamiento b\u00e1sico de la maquinaria actual que poseen las unidades de Ingenieros del Ej\u00e9rcito.<\/p>\n<p style=\"text-align: justify;\">\u201cHoy queremos agradecer al Regimiento N\u00b08 \u201cChilo\u00e9\u201d porque recibieron a nuestros ni\u00f1os, e hicieron una actividad que para ellos es muy significativa, adem\u00e1s les gust\u00f3 mucho. Lo importante que los ni\u00f1os conozcan y se acerquen a la instituci\u00f3n que colaboran y pertenecen a nuestra localidad\u201d, se\u00f1al\u00f3 Paola D\u00edaz R, Coordinadora de Educaci\u00f3n Inicial Regular del establecimiento educacional.<\/p>\n<p style=\"text-align: justify;\">La actividad tuvo por objetivo dar a conocer la importante labor que desarrolla esta unidad regimentar\u00eda en la regi\u00f3n, adem\u00e1s de implementar una cercan\u00eda con los ni\u00f1os hacia las instituciones que forman parte de la comunidad.<\/p>\n<\/div><\/section><\/div>\n<div  style='height:50px' class='hr hr-invisible   avia-builder-el-6  el_after_av_one_full  el_before_av_social_share '><span class='hr-inner ' ><span class='hr-inner-style'><\/span><\/span><\/div>\n<div  class='av-social-sharing-box  avia-builder-el-7  el_after_av_hr  el_before_av_hr  '><div class='av-share-box'><h5 class='av-share-link-description av-no-toc '>Compartir esta noticia<\/h5><ul class='av-share-box-list noLightbox'><li class='av-share-link av-social-link-facebook' ><a target=\"_blank\" aria-label=\"Compartir en Facebook\" href='https:\/\/www.facebook.com\/sharer.php?u=https:\/\/radiorevelacionfm.cl\/?p=25467&#038;t=Regimiento%20N%C2%B08%20%E2%80%9CChilo%C3%A9%E2%80%9D%20realiz%C3%B3%20una%20entretenida%20actividad%20a%20los%20ni%C3%B1os%20del%20Colegio%20Kalem' aria-hidden='false' data-av_icon='\ue8f3' data-av_iconfont='entypo-fontello' title='' data-avia-related-tooltip='Compartir en Facebook' rel=\"noopener\"><span class='avia_hidden_link_text'>Compartir en Facebook<\/span><\/a><\/li><li class='av-share-link av-social-link-twitter' ><a target=\"_blank\" aria-label=\"Compartir en Twitter\" href='https:\/\/twitter.com\/share?text=Regimiento%20N%C2%B08%20%E2%80%9CChilo%C3%A9%E2%80%9D%20realiz%C3%B3%20una%20entretenida%20actividad%20a%20los%20ni%C3%B1os%20del%20Colegio%20Kalem&#038;url=https:\/\/radiorevelacionfm.cl\/?p=25467' aria-hidden='false' data-av_icon='\ue8f1' data-av_iconfont='entypo-fontello' title='' data-avia-related-tooltip='Compartir en Twitter' rel=\"noopener\"><span class='avia_hidden_link_text'>Compartir en Twitter<\/span><\/a><\/li><li class='av-share-link av-social-link-whatsapp' ><a target=\"_blank\" aria-label=\"Compartir en Whatsapp\" href='https:\/\/api.whatsapp.com\/send?text=https:\/\/radiorevelacionfm.cl\/?p=25467' aria-hidden='false' data-av_icon='\uf232' data-av_iconfont='entypo-fontello' title='' data-avia-related-tooltip='Compartir en Whatsapp' rel=\"noopener\"><span class='avia_hidden_link_text'>Compartir en Whatsapp<\/span><\/a><\/li><li class='av-share-link av-social-link-linkedin' ><a target=\"_blank\" aria-label=\"Compartir en LinkedIn\" href='https:\/\/linkedin.com\/shareArticle?mini=true&#038;title=Regimiento%20N%C2%B08%20%E2%80%9CChilo%C3%A9%E2%80%9D%20realiz%C3%B3%20una%20entretenida%20actividad%20a%20los%20ni%C3%B1os%20del%20Colegio%20Kalem&#038;url=https:\/\/radiorevelacionfm.cl\/?p=25467' aria-hidden='false' data-av_icon='\ue8fc' data-av_iconfont='entypo-fontello' title='' data-avia-related-tooltip='Compartir en LinkedIn' rel=\"noopener\"><span class='avia_hidden_link_text'>Compartir en LinkedIn<\/span><\/a><\/li><li class='av-share-link av-social-link-mail' ><a  aria-label=\"Compartir por correo\" href='mailto:?subject=Regimiento%20N%C2%B08%20%E2%80%9CChilo%C3%A9%E2%80%9D%20realiz%C3%B3%20una%20entretenida%20actividad%20a%20los%20ni%C3%B1os%20del%20Colegio%20Kalem&#038;body=https:\/\/radiorevelacionfm.cl\/?p=25467' aria-hidden='false' data-av_icon='\ue805' data-av_iconfont='entypo-fontello' title='' data-avia-related-tooltip='Compartir por correo'><span class='avia_hidden_link_text'>Compartir por correo<\/span><\/a><\/li><\/ul><\/div><\/div>\n<div  style='height:50px' class='hr hr-invisible   avia-builder-el-8  el_after_av_social_share  el_before_av_comments_list '><span class='hr-inner ' ><span class='hr-inner-style'><\/span><\/span><\/div>\n<div  class='av-buildercomment  av-blog-meta-html-info-disabled av-blog-meta-tag-disabled  '><\/div>\n","protected":false},"excerpt":{"rendered":"","protected":false},"author":1,"featured_media":25471,"comment_status":"open","ping_status":"open","sticky":false,"template":"","format":"standard","meta":{"footnotes":""},"categories":[38],"tags":[],"class_list":["post-25467","post","type-post","status-publish","format-standard","has-post-thumbnail","hentry","category-regional"],"jetpack_featured_media_url":"https:\/\/radiorevelacionfm.cl\/wp-content\/uploads\/2022\/12\/dsc_0104-2_optimized-1.jpg","_links":{"self":[{"href":"https:\/\/radiorevelacionfm.cl\/index.php?rest_route=\/wp\/v2\/posts\/25467","targetHints":{"allow":["GET"]}}],"collection":[{"href":"https:\/\/radiorevelacionfm.cl\/index.php?rest_route=\/wp\/v2\/posts"}],"about":[{"href":"https:\/\/radiorevelacionfm.cl\/index.php?rest_route=\/wp\/v2\/types\/post"}],"author":[{"embeddable":true,"href":"https:\/\/radiorevelacionfm.cl\/index.php?rest_route=\/wp\/v2\/users\/1"}],"replies":[{"embeddable":true,"href":"https:\/\/radiorevelacionfm.cl\/index.php?rest_route=%2Fwp%2Fv2%2Fcomments&post=25467"}],"version-history":[{"count":3,"href":"https:\/\/radiorevelacionfm.cl\/index.php?rest_route=\/wp\/v2\/posts\/25467\/revisions"}],"predecessor-version":[{"id":25470,"href":"https:\/\/radiorevelacionfm.cl\/index.php?rest_route=\/wp\/v2\/posts\/25467\/revisions\/25470"}],"wp:featuredmedia":[{"embeddable":true,"href":"https:\/\/radiorevelacionfm.cl\/index.php?rest_route=\/wp\/v2\/media\/25471"}],"wp:attachment":[{"href":"https:\/\/radiorevelacionfm.cl\/index.php?rest_route=%2Fwp%2Fv2%2Fmedia&parent=25467"}],"wp:term":[{"taxonomy":"category","embeddable":true,"href":"https:\/\/radiorevelacionfm.cl\/index.php?rest_route=%2Fwp%2Fv2%2Fcategories&post=25467"},{"taxonomy":"post_tag","embeddable":true,"href":"https:\/\/radiorevelacionfm.cl\/index.php?rest_route=%2Fwp%2Fv2%2Ftags&post=25467"}],"curies":[{"name":"wp","href":"https:\/\/api.w.org\/{rel}","templated":true}]}}