{"id":25460,"date":"2022-12-15T20:30:23","date_gmt":"2022-12-15T23:30:23","guid":{"rendered":"https:\/\/radiorevelacionfm.cl\/?p=25460"},"modified":"2022-12-15T20:30:23","modified_gmt":"2022-12-15T23:30:23","slug":"realizan-entrega-de-vehiculo-todo-terreno-a-carabineros-de-guaitecas","status":"publish","type":"post","link":"https:\/\/radiorevelacionfm.cl\/?p=25460","title":{"rendered":"Realizan entrega de veh\u00edculo todo terreno a Carabineros de Guaitecas"},"content":{"rendered":"<div class=\"flex_column av_one_full  flex_column_div av-zero-column-padding first  avia-builder-el-0  el_before_av_one_full  avia-builder-el-first  \" style='border-radius:0px; '><div  class='avia-image-container  av-styling-    avia-builder-el-1  avia-builder-el-no-sibling  avia-align-center '  itemprop=\"image\" itemscope=\"itemscope\" itemtype=\"https:\/\/schema.org\/ImageObject\"  ><div class='avia-image-container-inner'><div class='avia-image-overlay-wrap'><img decoding=\"async\" class='wp-image-25461 avia-img-lazy-loading-not-25461 avia_image' src=\"https:\/\/radiorevelacionfm.cl\/wp-content\/uploads\/2022\/12\/vehiculo-guaitecas-1_optimized-1.jpg\" alt='' title='vehiculo-guaitecas-(1)_optimized (1)' height=\"600\" width=\"1066\"  itemprop=\"thumbnailUrl\" srcset=\"https:\/\/radiorevelacionfm.cl\/wp-content\/uploads\/2022\/12\/vehiculo-guaitecas-1_optimized-1.jpg 1066w, https:\/\/radiorevelacionfm.cl\/wp-content\/uploads\/2022\/12\/vehiculo-guaitecas-1_optimized-1-300x169.jpg 300w, https:\/\/radiorevelacionfm.cl\/wp-content\/uploads\/2022\/12\/vehiculo-guaitecas-1_optimized-1-1030x580.jpg 1030w, https:\/\/radiorevelacionfm.cl\/wp-content\/uploads\/2022\/12\/vehiculo-guaitecas-1_optimized-1-768x432.jpg 768w, https:\/\/radiorevelacionfm.cl\/wp-content\/uploads\/2022\/12\/vehiculo-guaitecas-1_optimized-1-705x397.jpg 705w, https:\/\/radiorevelacionfm.cl\/wp-content\/uploads\/2022\/12\/vehiculo-guaitecas-1_optimized-1-600x338.jpg 600w\" sizes=\"(max-width: 1066px) 100vw, 1066px\" \/><\/div><\/div><\/div><\/div><div class=\"flex_column av_one_full  flex_column_div av-zero-column-padding first  avia-builder-el-2  el_after_av_one_full  el_before_av_one_full  column-top-margin\" style='border-radius:0px; '><section class=\"av_textblock_section \"  itemscope=\"itemscope\" itemtype=\"https:\/\/schema.org\/BlogPosting\" itemprop=\"blogPost\" ><div class='avia_textblock  '   itemprop=\"text\" ><p style=\"text-align: center;\"><strong><span style=\"font-size: 18pt;\">Realizan entrega de veh\u00edculo todo terreno a Carabineros de Guaitecas<\/span><\/strong><\/p>\n<div id=\"gtx-trans\" style=\"position: absolute; left: -50px; top: 4.31534px;\">\n<div class=\"gtx-trans-icon\"><\/div>\n<\/div>\n<\/div><\/section><\/div><div class=\"flex_column av_one_full  flex_column_div av-zero-column-padding first  avia-builder-el-4  el_after_av_one_full  el_before_av_hr  column-top-margin\" style='border-radius:0px; '><section class=\"av_textblock_section \"  itemscope=\"itemscope\" itemtype=\"https:\/\/schema.org\/BlogPosting\" itemprop=\"blogPost\" ><div class='avia_textblock  '   itemprop=\"text\" ><p style=\"text-align: justify;\">En el marco de la entrega de una flota de 236 veh\u00edculos policiales que fueron destinados a destacamentos de Carabineros en las 15 Regiones de Chile, la comuna de Guaitecas recibi\u00f3 por parte de las autoridades de Gobierno, una patrulla todo terreno, de \u00faltima generaci\u00f3n.<\/p>\n<p style=\"text-align: justify;\">De este modo y tras el anuncio del reforzamiento de la labor de la polic\u00eda uniformada por parte del Presidente de la Rep\u00fablica Gabriel Boric Font, el Ret\u00e9n de Carabineros de Puerto Melinka, sum\u00f3 un nuevo veh\u00edculo a su dotaci\u00f3n.<\/p>\n<p style=\"text-align: justify;\"><span id=\"more-106972\"><\/span>Durante una ceremonia encabezada por el Delegado Presidencial Regional de Ays\u00e9n, Rodrigo Araya Morales y en el marco de un despliegue del \u201cPrograma Gobierno en Terreno\u201d desarrollado en la comunidad insular, los habitantes del archipi\u00e9lago de las Guaitecas recibieron de muy buena forma la llegada de este nuevo veh\u00edculo que reforzar\u00e1 la labor policial.<\/p>\n<p style=\"text-align: justify;\">As\u00ed lo relev\u00f3 el alcalde de la comuna de Guaitecas, Marcos Silva Miranda, quien hizo hincapi\u00e9 en el trabajo mancomunado de las instituciones de Gobierno y el municipio local, para focalizar los recursos de acuerdo a las necesidades de cada territorio. \u201cSi bien es cierto que los recursos vienen desde el nivel nacional, es evidente que las reuniones de coordinaci\u00f3n en los consejos de seguridad comunales y regionales, nos han permitido poder gestionar y entregar a carabineros estos insumos y herramientas que sin duda, son muy necesarios para nuestra comunidad en materia de seguridad p\u00fablica\u201d, precis\u00f3.<\/p>\n<p style=\"text-align: justify;\">Por su parte, el Delegado Presidencial Regional de Ays\u00e9n, Rodrigo Araya Morales, enfatiz\u00f3 que para el Gobierno del Presidente Boric, la Seguridad P\u00fablica, como tambi\u00e9n la econ\u00f3mica y social, constituyen los ejes centrales en su gesti\u00f3n y, en este sentido, \u201ces muy relevante la labor de las polic\u00edas; para el caso de carabineros en Melinka, la llegada de este nuevo veh\u00edculo ayudar\u00e1 a las labores de prevenci\u00f3n y tambi\u00e9n acudir en forma oportuna al llamado de la comunidad, brindando adem\u00e1s una sensaci\u00f3n de mayor seguridad a los habitantes de la comuna\u201d, recalc\u00f3.<\/p>\n<p style=\"text-align: justify;\">Brindar mejores condiciones de trabajo a los funcionarios de carabineros de Melinka, mejorando los tiempos de respuesta y eficacia en sus procedimientos con la llegada del nuevo veh\u00edculo policial a la isla, fueron los elementos que destac\u00f3 el Comisario de la Segunda Comisar\u00eda de Carabineros, Mayor Patricio Bustos. \u201ceste veh\u00edculo todo terreno nos permitir\u00e1 llegar con m\u00e1s prontitud y rapidez a las demandas de nuestros vecinos, interactuando con ellos para conocer sus necesidades\u201d, acot\u00f3.<\/p>\n<p style=\"text-align: justify;\">En tanto, el Delegado Presidencial Provincial de Ays\u00e9n, Jorge Salfate Aguayo, dijo que \u201ceste era un anhelo muy esperado por parte de carabineros y tambi\u00e9n de los vecinos de Melinka y Repollal; nos sentimos muy orgullosos, porque la llegada de este m\u00f3vil permite contar con el equipamiento suficiente para una mejor labor de la polic\u00eda\u201d, puntualiz\u00f3.<\/p>\n<p style=\"text-align: justify;\">De aqu\u00ed a fin de a\u00f1o, ser\u00e1n en total 706 los autom\u00f3viles nuevos entregados a la instituci\u00f3n de Carabineros por el Gobierno, a lo largo de todo el pa\u00eds.<\/p>\n<div class=\"td-a-rec td-a-rec-id-content_bottom tdi_2 td_block_template_4\">\n<div id=\"101580-1\" style=\"text-align: justify;\"><\/div>\n<\/div>\n<\/div><\/section><\/div><div  style='height:50px' class='hr hr-invisible   avia-builder-el-6  el_after_av_one_full  el_before_av_social_share '><span class='hr-inner ' ><span class='hr-inner-style'><\/span><\/span><\/div><\/p>\n<div  class='av-social-sharing-box  avia-builder-el-7  el_after_av_hr  el_before_av_hr  '><div class='av-share-box'><h5 class='av-share-link-description av-no-toc '>Compartir esta noticia<\/h5><ul class='av-share-box-list noLightbox'><li class='av-share-link av-social-link-facebook' ><a target=\"_blank\" aria-label=\"Compartir en Facebook\" href='https:\/\/www.facebook.com\/sharer.php?u=https:\/\/radiorevelacionfm.cl\/?p=25460&#038;t=Realizan%20entrega%20de%20veh%C3%ADculo%20todo%20terreno%20a%20Carabineros%20de%20Guaitecas' aria-hidden='false' data-av_icon='\ue8f3' data-av_iconfont='entypo-fontello' title='' data-avia-related-tooltip='Compartir en Facebook' rel=\"noopener\"><span class='avia_hidden_link_text'>Compartir en Facebook<\/span><\/a><\/li><li class='av-share-link av-social-link-twitter' ><a target=\"_blank\" aria-label=\"Compartir en Twitter\" href='https:\/\/twitter.com\/share?text=Realizan%20entrega%20de%20veh%C3%ADculo%20todo%20terreno%20a%20Carabineros%20de%20Guaitecas&#038;url=https:\/\/radiorevelacionfm.cl\/?p=25460' aria-hidden='false' data-av_icon='\ue8f1' data-av_iconfont='entypo-fontello' title='' data-avia-related-tooltip='Compartir en Twitter' rel=\"noopener\"><span class='avia_hidden_link_text'>Compartir en Twitter<\/span><\/a><\/li><li class='av-share-link av-social-link-whatsapp' ><a target=\"_blank\" aria-label=\"Compartir en Whatsapp\" href='https:\/\/api.whatsapp.com\/send?text=https:\/\/radiorevelacionfm.cl\/?p=25460' aria-hidden='false' data-av_icon='\uf232' data-av_iconfont='entypo-fontello' title='' data-avia-related-tooltip='Compartir en Whatsapp' rel=\"noopener\"><span class='avia_hidden_link_text'>Compartir en Whatsapp<\/span><\/a><\/li><li class='av-share-link av-social-link-linkedin' ><a target=\"_blank\" aria-label=\"Compartir en LinkedIn\" href='https:\/\/linkedin.com\/shareArticle?mini=true&#038;title=Realizan%20entrega%20de%20veh%C3%ADculo%20todo%20terreno%20a%20Carabineros%20de%20Guaitecas&#038;url=https:\/\/radiorevelacionfm.cl\/?p=25460' aria-hidden='false' data-av_icon='\ue8fc' data-av_iconfont='entypo-fontello' title='' data-avia-related-tooltip='Compartir en LinkedIn' rel=\"noopener\"><span class='avia_hidden_link_text'>Compartir en LinkedIn<\/span><\/a><\/li><li class='av-share-link av-social-link-mail' ><a  aria-label=\"Compartir por correo\" href='mailto:?subject=Realizan%20entrega%20de%20veh%C3%ADculo%20todo%20terreno%20a%20Carabineros%20de%20Guaitecas&#038;body=https:\/\/radiorevelacionfm.cl\/?p=25460' aria-hidden='false' data-av_icon='\ue805' data-av_iconfont='entypo-fontello' title='' data-avia-related-tooltip='Compartir por correo'><span class='avia_hidden_link_text'>Compartir por correo<\/span><\/a><\/li><\/ul><\/div><\/div>\n<div  style='height:50px' class='hr hr-invisible   avia-builder-el-8  el_after_av_social_share  el_before_av_comments_list '><span class='hr-inner ' ><span class='hr-inner-style'><\/span><\/span><\/div>\n<div  class='av-buildercomment  av-blog-meta-html-info-disabled av-blog-meta-tag-disabled  '><\/div>\n","protected":false},"excerpt":{"rendered":"","protected":false},"author":1,"featured_media":25461,"comment_status":"open","ping_status":"open","sticky":false,"template":"","format":"standard","meta":{"footnotes":""},"categories":[36],"tags":[],"class_list":["post-25460","post","type-post","status-publish","format-standard","has-post-thumbnail","hentry","category-policial"],"jetpack_featured_media_url":"https:\/\/radiorevelacionfm.cl\/wp-content\/uploads\/2022\/12\/vehiculo-guaitecas-1_optimized-1.jpg","_links":{"self":[{"href":"https:\/\/radiorevelacionfm.cl\/index.php?rest_route=\/wp\/v2\/posts\/25460","targetHints":{"allow":["GET"]}}],"collection":[{"href":"https:\/\/radiorevelacionfm.cl\/index.php?rest_route=\/wp\/v2\/posts"}],"about":[{"href":"https:\/\/radiorevelacionfm.cl\/index.php?rest_route=\/wp\/v2\/types\/post"}],"author":[{"embeddable":true,"href":"https:\/\/radiorevelacionfm.cl\/index.php?rest_route=\/wp\/v2\/users\/1"}],"replies":[{"embeddable":true,"href":"https:\/\/radiorevelacionfm.cl\/index.php?rest_route=%2Fwp%2Fv2%2Fcomments&post=25460"}],"version-history":[{"count":2,"href":"https:\/\/radiorevelacionfm.cl\/index.php?rest_route=\/wp\/v2\/posts\/25460\/revisions"}],"predecessor-version":[{"id":25463,"href":"https:\/\/radiorevelacionfm.cl\/index.php?rest_route=\/wp\/v2\/posts\/25460\/revisions\/25463"}],"wp:featuredmedia":[{"embeddable":true,"href":"https:\/\/radiorevelacionfm.cl\/index.php?rest_route=\/wp\/v2\/media\/25461"}],"wp:attachment":[{"href":"https:\/\/radiorevelacionfm.cl\/index.php?rest_route=%2Fwp%2Fv2%2Fmedia&parent=25460"}],"wp:term":[{"taxonomy":"category","embeddable":true,"href":"https:\/\/radiorevelacionfm.cl\/index.php?rest_route=%2Fwp%2Fv2%2Fcategories&post=25460"},{"taxonomy":"post_tag","embeddable":true,"href":"https:\/\/radiorevelacionfm.cl\/index.php?rest_route=%2Fwp%2Fv2%2Ftags&post=25460"}],"curies":[{"name":"wp","href":"https:\/\/api.w.org\/{rel}","templated":true}]}}