{"id":25456,"date":"2022-12-16T10:07:29","date_gmt":"2022-12-16T13:07:29","guid":{"rendered":"https:\/\/radiorevelacionfm.cl\/?p=25456"},"modified":"2022-12-16T10:07:29","modified_gmt":"2022-12-16T13:07:29","slug":"con-el-lema-si-ellos-te-ensenaron-a-ti-ahora-tu-ayudales-con-la-pgu-hacen-llamado-a-jovenes-para-que-apoyen-a-adultos-mayores","status":"publish","type":"post","link":"https:\/\/radiorevelacionfm.cl\/?p=25456","title":{"rendered":"Con el lema \u00abSi ellos te ense\u00f1aron a ti, ahora t\u00fa ay\u00fadales con la PGU\u00bb hacen llamado a j\u00f3venes para que apoyen a adultos mayores"},"content":{"rendered":"<div class=\"flex_column av_one_full  flex_column_div av-zero-column-padding first  avia-builder-el-0  el_before_av_one_full  avia-builder-el-first  \" style='border-radius:0px; '><div  class='avia-image-container  av-styling-    avia-builder-el-1  avia-builder-el-no-sibling  avia-align-center '  itemprop=\"image\" itemscope=\"itemscope\" itemtype=\"https:\/\/schema.org\/ImageObject\"  ><div class='avia-image-container-inner'><div class='avia-image-overlay-wrap'><img decoding=\"async\" class='wp-image-25457 avia-img-lazy-loading-not-25457 avia_image' src=\"https:\/\/radiorevelacionfm.cl\/wp-content\/uploads\/2022\/12\/IPS_ApoyoJovenes_PGU_2b-1-1.jpg\" alt='' title='IPS_ApoyoJovenes_PGU_2b (1) (1)' height=\"600\" width=\"822\"  itemprop=\"thumbnailUrl\" srcset=\"https:\/\/radiorevelacionfm.cl\/wp-content\/uploads\/2022\/12\/IPS_ApoyoJovenes_PGU_2b-1-1.jpg 822w, https:\/\/radiorevelacionfm.cl\/wp-content\/uploads\/2022\/12\/IPS_ApoyoJovenes_PGU_2b-1-1-300x219.jpg 300w, https:\/\/radiorevelacionfm.cl\/wp-content\/uploads\/2022\/12\/IPS_ApoyoJovenes_PGU_2b-1-1-768x561.jpg 768w, https:\/\/radiorevelacionfm.cl\/wp-content\/uploads\/2022\/12\/IPS_ApoyoJovenes_PGU_2b-1-1-705x515.jpg 705w, https:\/\/radiorevelacionfm.cl\/wp-content\/uploads\/2022\/12\/IPS_ApoyoJovenes_PGU_2b-1-1-600x438.jpg 600w\" sizes=\"(max-width: 822px) 100vw, 822px\" \/><\/div><\/div><\/div><\/div><div class=\"flex_column av_one_full  flex_column_div av-zero-column-padding first  avia-builder-el-2  el_after_av_one_full  el_before_av_one_full  column-top-margin\" style='border-radius:0px; '><section class=\"av_textblock_section \"  itemscope=\"itemscope\" itemtype=\"https:\/\/schema.org\/BlogPosting\" itemprop=\"blogPost\" ><div class='avia_textblock  '   itemprop=\"text\" ><p style=\"text-align: center;\"><strong><span style=\"font-size: 18pt;\">Con el lema \u00abSi ellos te ense\u00f1aron a ti, ahora t\u00fa ay\u00fadales con la PGU\u00bb hacen llamado a j\u00f3venes para que apoyen a adultos mayores <\/span><\/strong><\/p>\n<div id=\"gtx-trans\" style=\"position: absolute; left: -50px; top: 4.31534px;\">\n<div class=\"gtx-trans-icon\"><\/div>\n<\/div>\n<\/div><\/section><\/div><div class=\"flex_column av_one_full  flex_column_div av-zero-column-padding first  avia-builder-el-4  el_after_av_one_full  el_before_av_hr  column-top-margin\" style='border-radius:0px; '><section class=\"av_textblock_section \"  itemscope=\"itemscope\" itemtype=\"https:\/\/schema.org\/BlogPosting\" itemprop=\"blogPost\" ><div class='avia_textblock  '   itemprop=\"text\" ><p class=\"v1MsoNormal\" style=\"text-align: justify;\"><span lang=\"ES\">Con el lema\u00a0<\/span><span lang=\"ES\">\u00abSi ellos te ense\u00f1aron a ti, ahora t\u00fa ay\u00fadales con la PGU\u00bb<\/span><span lang=\"ES\">, el Seremi del Trabajo y Previsi\u00f3n Social con el Instituto de Previsi\u00f3n Social, IPS, y el Instituto Nacional de la Juventud, realizan un llamado a los j\u00f3venes y nativos digitales para que apoyen a sus padres o abuelos a solicitar la Pensi\u00f3n Garantizada Universal en l\u00ednea a trav\u00e9s de\u00a0<\/span><a title=\"V\u00ednculo a www.chileatiende.cl\" href=\"http:\/\/www.chileatiende.cl\/\" target=\"_blank\" rel=\"noopener noreferrer\"><b><span lang=\"ES\">www.chileatiende.cl\u00a0<\/span><\/b><\/a><span lang=\"ES\">,\u00a0con su Clave\u00danica, si cumplen los requisitos. O bien, los acompa\u00f1en a realizar el tr\u00e1mite de forma presencial en cualquier sucursal ChileAtiende, de lunes a viernes.<\/span><\/p>\n<p class=\"v1MsoNormal\" style=\"text-align: justify;\"><span lang=\"ES\">En este sentido, el Seremi del Trabajo y Previsi\u00f3n Social, Rodrigo D\u00edaz, afirm\u00f3, \u00abNos encontramos en las oficinas de INJUV con\u00a0el IPS para\u00a0hacer una invitaci\u00f3n a los j\u00f3venes a que puedan\u00a0devolverles la mano a nuestros adultos mayores y apoyarlos en la postulaci\u00f3n a la PGU, que es la Pensi\u00f3n Garantizada Universal. Como Ministerio de Trabajo y Previsi\u00f3n Social apoyamos esta actividad ya que para los adultos mayores que cumplen los requisitos, la Pensi\u00f3n Garantizada Universal es un derecho que ellos tienen. En la regi\u00f3n tenemos todav\u00eda 500 adultos mayores que estamos buscando, que el IPS est\u00e1 buscando. Necesitamos que aqu\u00ed toda nuestra sociedad ayude y aqu\u00ed los j\u00f3venes son fundamentales. Insisto en esta devuelta de mano, ellos nos ense\u00f1aron antes y ahora, nosotros los ayudamos porque aqu\u00ed, entre todos, construimos\u00bb, sostuvo.<\/span><\/p>\n<p class=\"v1MsoNormal\" style=\"text-align: justify;\"><span lang=\"ES\">Por su parte, la Directora regional (s) de INJUV, G\u00e9nesis Arias, coment\u00f3, \u00abLa historia nos ha demostrado que son los j\u00f3venes los primeros en movilizarse siempre en ayudar a su comunidad, as\u00ed que esta vez no dudamos que los j\u00f3venes van a poder brindar apoyo y asistencia, ya sea a sus adultos mayores, a los vecinos, a sus padres. As\u00ed\u00a0que la invitaci\u00f3n es a que los j\u00f3venes puedan conocer de qu\u00e9 se trata la PGU\u00a0y ayudar a sus adultos mayores\u00bb.\u00a0<\/span><\/p>\n<p style=\"text-align: justify;\"><span lang=\"ES\">Con respecto al tr\u00e1mite, la Jefa Sucursal Coyhaique IPS ChileAtiende, Daniela Catal\u00e1n, detall\u00f3, \u00abLa idea es que los j\u00f3venes puedan ayudar a\u00a0los adultos mayores a trav\u00e9s de nuestras plataformas de\u00a0internet, como son la p\u00e1gina de ChileAtiende,\u00a0<\/span><a href=\"https:\/\/nam02.safelinks.protection.outlook.com\/?url=http%3A%2F%2Fwww.chileatiende.cl%2F&amp;data=05%7C01%7Cmvicuna%40mintrab.gob.cl%7C9ffccfa89d4d4166a07808dad3cd3554%7C41dc440fbc404e55ad44bbe521f6a188%7C0%7C0%7C638055178220544527%7CUnknown%7CTWFpbGZsb3d8eyJWIjoiMC4wLjAwMDAiLCJQIjoiV2luMzIiLCJBTiI6Ik1haWwiLCJXVCI6Mn0%3D%7C1000%7C%7C%7C&amp;sdata=wpJ%2FBklNeouVf4RCb7K8bqKeBiCfSrQ%2FnWtg%2FSPzSzE%3D&amp;reserved=0\" target=\"_blank\" rel=\"noopener noreferrer\"><span lang=\"ES\">www.chileatiende.cl<\/span><\/a><span lang=\"ES\">, a postular con su Clave \u00danica si cumplen los requisitos. Tambi\u00e9n\u00a0tenemos Facebook, Instagram y Twitter, para que se puedan conectar y los ayuden a trav\u00e9s de sus celulares, a sus vecinos, adultos mayores y familiares m\u00e1s cercanos\u00bb. \u00a0<\/span><\/p>\n<p class=\"v1MsoNormal\" style=\"text-align: justify;\"><span lang=\"ES\">El llamado a los m\u00e1s j\u00f3venes es pedirles que gu\u00eden a sus padres o abuelos que, cumpliendo los requisitos, a\u00fan no han solicitado la PGU, ya sea por sus brechas tecnol\u00f3gicas o porque presentan alguna dificultad para desplazarse. Cabe recordar que, si la persona tiene 65 o m\u00e1s a\u00f1os, est\u00e9 pensionada o no, y cumple las dem\u00e1s condiciones que exige la norma, puede hacer la solicitud por Internet, con su Clave\u00danica, todos los d\u00edas, incluidos fines de semana.<\/span><\/p>\n<p class=\"v1MsoNormal\" style=\"text-align: justify;\"><b><span lang=\"ES-TRAD\">C\u00f3mo hacer la solicitud<\/span><\/b><\/p>\n<p class=\"v1gmail-MsoListParagraphCxSpFirst\" style=\"text-align: justify;\"><span lang=\"ES\">\u00b7\u00a0\u00a0\u00a0\u00a0\u00a0\u00a0\u00a0\u00a0\u00a0<\/span><span lang=\"ES\">En l\u00ednea, por el sitio\u00a0<\/span><a title=\"V\u00ednculo a www.chileatiende.cl\" href=\"http:\/\/www.chileatiende.cl\/\" target=\"_blank\" rel=\"noopener noreferrer\"><b><span lang=\"ES\">www.chileatiende.cl<\/span><\/b><\/a><span lang=\"ES\">, con la Clave\u00danica.<\/span><\/p>\n<p class=\"v1gmail-MsoListParagraphCxSpMiddle\" style=\"text-align: justify;\"><span lang=\"ES\">\u00b7\u00a0\u00a0\u00a0\u00a0\u00a0\u00a0\u00a0\u00a0\u00a0<\/span><span lang=\"ES\">En sucursales ChileAtiende del Instituto de Previsi\u00f3n Social, IPS.<\/span><\/p>\n<p class=\"v1gmail-MsoListParagraphCxSpMiddle\" style=\"text-align: justify;\"><span lang=\"ES\">\u00b7\u00a0\u00a0\u00a0\u00a0\u00a0\u00a0\u00a0\u00a0\u00a0<\/span><span lang=\"ES\">Municipalidades.<\/span><\/p>\n<p class=\"v1gmail-MsoListParagraphCxSpLast\" style=\"text-align: justify;\"><span lang=\"ES\">\u00b7\u00a0\u00a0\u00a0\u00a0\u00a0\u00a0\u00a0\u00a0\u00a0<\/span><span lang=\"ES\">AFP o compa\u00f1\u00edas de seguros, si el adulto mayor est\u00e1 afiliado a una de esas entidades.<\/span><\/p>\n<p class=\"v1MsoNormal\" style=\"text-align: justify;\"><b><span lang=\"ES-TRAD\">Principales requisitos<\/span><\/b><\/p>\n<ul style=\"text-align: justify;\" type=\"disc\">\n<li class=\"v1MsoNormal\"><span lang=\"ES-TRAD\">Tener 65 o m\u00e1s a\u00f1os. \u00a0<\/span><\/li>\n<li class=\"v1MsoNormal\"><span lang=\"ES-TRAD\">No integrar un grupo familiar perteneciente al 10 % m\u00e1s rico de la poblaci\u00f3n de 65 o m\u00e1s a\u00f1os.\u00a0Esto se analiza despu\u00e9s de ingresada la solicitud.<\/span><\/li>\n<li class=\"v1MsoNormal\"><span lang=\"ES-TRAD\">Acreditar residencia en Chile por 20 a\u00f1os continuos o discontinuos, desde los 20 a\u00f1os de edad.\u00a0Tambi\u00e9n al menos cuatro a\u00f1os, de los \u00faltimos cinco anteriores a la solicitud del beneficio.<\/span><\/li>\n<li class=\"v1MsoNormal\"><span lang=\"ES-TRAD\">Contar con una pensi\u00f3n base calculada menor a la pensi\u00f3n superior indicada en la Ley, seg\u00fan la forma de c\u00e1lculo definida en la normativa.<\/span><\/li>\n<\/ul>\n<p class=\"v1MsoNormal\" style=\"text-align: justify;\"><span lang=\"ES\">Los requisitos m\u00e1s detallados se pueden consultar en\u00a0<\/span><a title=\"V\u00ednculo a www.chileatiende.cl\" href=\"http:\/\/www.chileatiende.cl\/\" target=\"_blank\" rel=\"noopener noreferrer\"><span lang=\"ES\">www.chileatiende.cl<\/span><\/a><span lang=\"ES\">. Es preciso se\u00f1alar que a las personas afiliadas o pensionadas de Dipreca y Capredena no les corresponde este beneficio.<\/span><\/p>\n<p class=\"v1MsoNormal\" style=\"text-align: justify;\"><span lang=\"ES\">Es importante recordar que, para acceder a la PGU, primero debe ser solicitada.<\/span><\/p>\n<p class=\"v1MsoNormal\" style=\"text-align: justify;\"><span lang=\"ES\">Para resolver dudas sobre la Pensi\u00f3n Garantizada Universal, tal como mencion\u00f3 Daniela Catal\u00e1n, se puede consultar en redes sociales @ChileAtiende en\u00a0<\/span><a title=\"V\u00ednculo a Facebook ChileAtiende.\" href=\"https:\/\/www.facebook.com\/ChileAtiende\" target=\"_blank\" rel=\"noopener noreferrer\"><span lang=\"ES\">Facebook<\/span><\/a><span lang=\"ES\">,\u00a0<\/span><a title=\"V\u00ednculo a Twitter ChileAtiende.\" href=\"https:\/\/twitter.com\/ChileAtiende\" target=\"_blank\" rel=\"noopener noreferrer\"><span lang=\"ES\">Twitter<\/span><\/a><span lang=\"ES\">\u00a0e\u00a0<\/span><a title=\"V\u00ednculo a Instagram Chileatiende.\" href=\"https:\/\/www.instagram.com\/chileatiende\/?hl=es\" target=\"_blank\" rel=\"noopener noreferrer\"><span lang=\"ES\">Instagram<\/span><\/a><span lang=\"ES\">, o llamando al Call Center 101, de lunes a viernes.<\/span><\/p>\n<\/div><\/section><\/div><div  style='height:50px' class='hr hr-invisible   avia-builder-el-6  el_after_av_one_full  el_before_av_social_share '><span class='hr-inner ' ><span class='hr-inner-style'><\/span><\/span><\/div><\/p>\n<div  class='av-social-sharing-box  avia-builder-el-7  el_after_av_hr  el_before_av_hr  '><div class='av-share-box'><h5 class='av-share-link-description av-no-toc '>Compartir esta noticia<\/h5><ul class='av-share-box-list noLightbox'><li class='av-share-link av-social-link-facebook' ><a target=\"_blank\" aria-label=\"Compartir en Facebook\" href='https:\/\/www.facebook.com\/sharer.php?u=https:\/\/radiorevelacionfm.cl\/?p=25456&#038;t=Con%20el%20lema%20%C2%ABSi%20ellos%20te%20ense%C3%B1aron%20a%20ti%2C%20ahora%20t%C3%BA%20ay%C3%BAdales%20con%20la%20PGU%C2%BB%20hacen%20llamado%20a%20j%C3%B3venes%20para%20que%20apoyen%20a%20adultos%20mayores' aria-hidden='false' data-av_icon='\ue8f3' data-av_iconfont='entypo-fontello' title='' data-avia-related-tooltip='Compartir en Facebook' rel=\"noopener\"><span class='avia_hidden_link_text'>Compartir en Facebook<\/span><\/a><\/li><li class='av-share-link av-social-link-twitter' ><a target=\"_blank\" aria-label=\"Compartir en Twitter\" href='https:\/\/twitter.com\/share?text=Con%20el%20lema%20%C2%ABSi%20ellos%20te%20ense%C3%B1aron%20a%20ti%2C%20ahora%20t%C3%BA%20ay%C3%BAdales%20con%20la%20PGU%C2%BB%20hacen%20llamado%20a%20j%C3%B3venes%20para%20que%20apoyen%20a%20adultos%20mayores&#038;url=https:\/\/radiorevelacionfm.cl\/?p=25456' aria-hidden='false' data-av_icon='\ue8f1' data-av_iconfont='entypo-fontello' title='' data-avia-related-tooltip='Compartir en Twitter' rel=\"noopener\"><span class='avia_hidden_link_text'>Compartir en Twitter<\/span><\/a><\/li><li class='av-share-link av-social-link-whatsapp' ><a target=\"_blank\" aria-label=\"Compartir en Whatsapp\" href='https:\/\/api.whatsapp.com\/send?text=https:\/\/radiorevelacionfm.cl\/?p=25456' aria-hidden='false' data-av_icon='\uf232' data-av_iconfont='entypo-fontello' title='' data-avia-related-tooltip='Compartir en Whatsapp' rel=\"noopener\"><span class='avia_hidden_link_text'>Compartir en Whatsapp<\/span><\/a><\/li><li class='av-share-link av-social-link-linkedin' ><a target=\"_blank\" aria-label=\"Compartir en LinkedIn\" href='https:\/\/linkedin.com\/shareArticle?mini=true&#038;title=Con%20el%20lema%20%C2%ABSi%20ellos%20te%20ense%C3%B1aron%20a%20ti%2C%20ahora%20t%C3%BA%20ay%C3%BAdales%20con%20la%20PGU%C2%BB%20hacen%20llamado%20a%20j%C3%B3venes%20para%20que%20apoyen%20a%20adultos%20mayores&#038;url=https:\/\/radiorevelacionfm.cl\/?p=25456' aria-hidden='false' data-av_icon='\ue8fc' data-av_iconfont='entypo-fontello' title='' data-avia-related-tooltip='Compartir en LinkedIn' rel=\"noopener\"><span class='avia_hidden_link_text'>Compartir en LinkedIn<\/span><\/a><\/li><li class='av-share-link av-social-link-mail' ><a  aria-label=\"Compartir por correo\" href='mailto:?subject=Con%20el%20lema%20%C2%ABSi%20ellos%20te%20ense%C3%B1aron%20a%20ti%2C%20ahora%20t%C3%BA%20ay%C3%BAdales%20con%20la%20PGU%C2%BB%20hacen%20llamado%20a%20j%C3%B3venes%20para%20que%20apoyen%20a%20adultos%20mayores&#038;body=https:\/\/radiorevelacionfm.cl\/?p=25456' aria-hidden='false' data-av_icon='\ue805' data-av_iconfont='entypo-fontello' title='' data-avia-related-tooltip='Compartir por correo'><span class='avia_hidden_link_text'>Compartir por correo<\/span><\/a><\/li><\/ul><\/div><\/div>\n<div  style='height:50px' class='hr hr-invisible   avia-builder-el-8  el_after_av_social_share  el_before_av_comments_list '><span class='hr-inner ' ><span class='hr-inner-style'><\/span><\/span><\/div>\n<div  class='av-buildercomment  av-blog-meta-html-info-disabled av-blog-meta-tag-disabled  '><\/div>\n","protected":false},"excerpt":{"rendered":"","protected":false},"author":1,"featured_media":25457,"comment_status":"open","ping_status":"open","sticky":false,"template":"","format":"standard","meta":{"footnotes":""},"categories":[38],"tags":[],"class_list":["post-25456","post","type-post","status-publish","format-standard","has-post-thumbnail","hentry","category-regional"],"jetpack_featured_media_url":"https:\/\/radiorevelacionfm.cl\/wp-content\/uploads\/2022\/12\/IPS_ApoyoJovenes_PGU_2b-1-1.jpg","_links":{"self":[{"href":"https:\/\/radiorevelacionfm.cl\/index.php?rest_route=\/wp\/v2\/posts\/25456","targetHints":{"allow":["GET"]}}],"collection":[{"href":"https:\/\/radiorevelacionfm.cl\/index.php?rest_route=\/wp\/v2\/posts"}],"about":[{"href":"https:\/\/radiorevelacionfm.cl\/index.php?rest_route=\/wp\/v2\/types\/post"}],"author":[{"embeddable":true,"href":"https:\/\/radiorevelacionfm.cl\/index.php?rest_route=\/wp\/v2\/users\/1"}],"replies":[{"embeddable":true,"href":"https:\/\/radiorevelacionfm.cl\/index.php?rest_route=%2Fwp%2Fv2%2Fcomments&post=25456"}],"version-history":[{"count":2,"href":"https:\/\/radiorevelacionfm.cl\/index.php?rest_route=\/wp\/v2\/posts\/25456\/revisions"}],"predecessor-version":[{"id":25466,"href":"https:\/\/radiorevelacionfm.cl\/index.php?rest_route=\/wp\/v2\/posts\/25456\/revisions\/25466"}],"wp:featuredmedia":[{"embeddable":true,"href":"https:\/\/radiorevelacionfm.cl\/index.php?rest_route=\/wp\/v2\/media\/25457"}],"wp:attachment":[{"href":"https:\/\/radiorevelacionfm.cl\/index.php?rest_route=%2Fwp%2Fv2%2Fmedia&parent=25456"}],"wp:term":[{"taxonomy":"category","embeddable":true,"href":"https:\/\/radiorevelacionfm.cl\/index.php?rest_route=%2Fwp%2Fv2%2Fcategories&post=25456"},{"taxonomy":"post_tag","embeddable":true,"href":"https:\/\/radiorevelacionfm.cl\/index.php?rest_route=%2Fwp%2Fv2%2Ftags&post=25456"}],"curies":[{"name":"wp","href":"https:\/\/api.w.org\/{rel}","templated":true}]}}