{"id":25452,"date":"2022-12-16T09:50:15","date_gmt":"2022-12-16T12:50:15","guid":{"rendered":"https:\/\/radiorevelacionfm.cl\/?p=25452"},"modified":"2022-12-16T09:50:15","modified_gmt":"2022-12-16T12:50:15","slug":"dia-nacional-contra-el-femicidio-pdi-realiza-un-llamado-a-detener-la-violencia-a-tiempo-para-evitar-femicidios","status":"publish","type":"post","link":"https:\/\/radiorevelacionfm.cl\/?p=25452","title":{"rendered":"D\u00eda Nacional Contra el Femicidio: PDI realiza un llamado a detener la violencia a tiempo para evitar femicidios"},"content":{"rendered":"<div class=\"flex_column av_one_full  flex_column_div av-zero-column-padding first  avia-builder-el-0  el_before_av_one_full  avia-builder-el-first  \" style='border-radius:0px; '><div  class='avia-image-container  av-styling-    avia-builder-el-1  avia-builder-el-no-sibling  avia-align-center '  itemprop=\"image\" itemscope=\"itemscope\" itemtype=\"https:\/\/schema.org\/ImageObject\"  ><div class='avia-image-container-inner'><div class='avia-image-overlay-wrap'><img decoding=\"async\" class='wp-image-25454 avia-img-lazy-loading-not-25454 avia_image' src=\"https:\/\/radiorevelacionfm.cl\/wp-content\/uploads\/2022\/12\/campana-femicidio_optimized-2_optimized-1.jpg\" alt='' title='campa\u00f1a-femicidio_optimized-(2)_optimized (1)' height=\"600\" width=\"1139\"  itemprop=\"thumbnailUrl\" srcset=\"https:\/\/radiorevelacionfm.cl\/wp-content\/uploads\/2022\/12\/campana-femicidio_optimized-2_optimized-1.jpg 1139w, https:\/\/radiorevelacionfm.cl\/wp-content\/uploads\/2022\/12\/campana-femicidio_optimized-2_optimized-1-300x158.jpg 300w, https:\/\/radiorevelacionfm.cl\/wp-content\/uploads\/2022\/12\/campana-femicidio_optimized-2_optimized-1-1030x543.jpg 1030w, https:\/\/radiorevelacionfm.cl\/wp-content\/uploads\/2022\/12\/campana-femicidio_optimized-2_optimized-1-768x405.jpg 768w, https:\/\/radiorevelacionfm.cl\/wp-content\/uploads\/2022\/12\/campana-femicidio_optimized-2_optimized-1-710x375.jpg 710w, https:\/\/radiorevelacionfm.cl\/wp-content\/uploads\/2022\/12\/campana-femicidio_optimized-2_optimized-1-705x371.jpg 705w, https:\/\/radiorevelacionfm.cl\/wp-content\/uploads\/2022\/12\/campana-femicidio_optimized-2_optimized-1-600x316.jpg 600w\" sizes=\"(max-width: 1139px) 100vw, 1139px\" \/><\/div><\/div><\/div><\/div><div class=\"flex_column av_one_full  flex_column_div av-zero-column-padding first  avia-builder-el-2  el_after_av_one_full  el_before_av_one_full  column-top-margin\" style='border-radius:0px; '><section class=\"av_textblock_section \"  itemscope=\"itemscope\" itemtype=\"https:\/\/schema.org\/BlogPosting\" itemprop=\"blogPost\" ><div class='avia_textblock  '   itemprop=\"text\" ><p style=\"text-align: center;\"><strong><span style=\"font-size: 18pt;\">D\u00eda Nacional Contra el Femicidio: PDI realiza un llamado a detener la violencia a tiempo para evitar femicidios<\/span><\/strong><\/p>\n<div id=\"gtx-trans\" style=\"position: absolute; left: -50px; top: 4.31534px;\">\n<div class=\"gtx-trans-icon\"><\/div>\n<\/div>\n<\/div><\/section><\/div><div class=\"flex_column av_one_full  flex_column_div av-zero-column-padding first  avia-builder-el-4  el_after_av_one_full  el_before_av_hr  column-top-margin\" style='border-radius:0px; '><section class=\"av_textblock_section \"  itemscope=\"itemscope\" itemtype=\"https:\/\/schema.org\/BlogPosting\" itemprop=\"blogPost\" ><div class='avia_textblock  '   itemprop=\"text\" ><p style=\"text-align: justify;\">En el marco de la tercera conmemoraci\u00f3n del D\u00eda Nacional Contra el Femicidio declarado en la Ley N\u00b021.282 del 19 de diciembre de 2020, la Polic\u00eda de Investigaciones de Chile, a trav\u00e9s de una campa\u00f1a activa en redes sociales, busca sumarse a visibilizar este delito como la expresi\u00f3n m\u00e1xima de violencia contra las mujeres.<\/p>\n<p style=\"text-align: justify;\">Sumado a ello, ante la promulgaci\u00f3n de la Ley N\u00b021.212, m\u00e1s conocida como Ley Gabriela, la PDI ha fortalecido su trabajo investigativo bajo las nuevas incorporaciones de este cuerpo legal, adem\u00e1s, participa activamente del \u201cCircuito Intersectorial de Femicidio\u201d con distintas instituciones para poner en pr\u00e1ctica el Convenio y Protocolo Intersectorial de Femicidios y acuerdan acciones efectivas para enfrentar este delito.<\/p>\n<p style=\"text-align: justify;\">Uno de los aspectos m\u00e1s importantes de la nueva legislaci\u00f3n, explica el jefe de la Brigada de Homicidios Coyhaique, subprefecto Mauro Guti\u00e9rrez, es que \u201cdesde el a\u00f1o 2021 el concepto de femicidio en Chile cambi\u00f3. La definici\u00f3n tradicional era la de ser el \u00faltimo eslab\u00f3n de violencia a mujeres heterosexuales que han compartido un mismo techo con su victimario. Hoy, la definici\u00f3n de femicidio tambi\u00e9n considera las v\u00edctimas de violencia en el pololeo, es decir, sin convivencia, y el asesinato por el solo hecho de ser mujeres, incluyendo orientaci\u00f3n sexual, identidad o expresi\u00f3n de g\u00e9nero\u201d.<\/p>\n<p style=\"text-align: justify;\">Durante los \u00faltimos cinco a\u00f1os, la PDI en Ays\u00e9n solo ha mantenido una investigaci\u00f3n por el delito de femicidio, hecho ocurrido en el a\u00f1o 2020, y algunos casos de femicidios frustrados, no obstante, para la PDI es relevante entregar informaci\u00f3n sobre este fen\u00f3meno delictivo en la regi\u00f3n.<\/p>\n<p style=\"text-align: justify;\">Sobre esto, el jefe de la brigada especializada explica que, \u201csi bien no hemos tenido delitos de femicidios consumados durante los dos \u00faltimos a\u00f1os, esto no quiere decir que no exista violencia contra la mujer en esta regi\u00f3n. De hecho, como PDI hemos detectado diversas expresiones de violencia de g\u00e9nero, incluyendo violencia intrafamiliar, casos que para nuestra polic\u00eda son relevantes de investigar y entregar una respuesta concreta a la ciudadan\u00eda\u201d, puntualiz\u00f3 el subprefecto Mauro Guti\u00e9rrez.<\/p>\n<p style=\"text-align: justify;\">Para reiterar la importancia de enfrentar este fen\u00f3meno a tiempo, el subprefecto Mauro Guti\u00e9rrez indic\u00f3 que \u201ces esencial que el entorno m\u00e1s cercano de aquellas mujeres que se encuentran siendo v\u00edctimas de violencia, denuncien a tiempo este tipo de acciones. Para ello, pueden acercarse a cualquier complejo policial de la PDI, con el fin de entregar informaci\u00f3n y antecedentes sobre alg\u00fan caso determinado\u201d.<\/p>\n<p style=\"text-align: justify;\">Finalmente, el oficial policial reforz\u00f3 que, en cualquier caso, \u201cpara evitar los femicidios es necesario denunciar la violencia de g\u00e9nero, no podemos esperar que otro femicidio nos se\u00f1ale la importancia de evitar la violencia hacia la mujer\u201d, invitando, adem\u00e1s, a visitar las redes sociales de la PDI para conocer la campa\u00f1a \u00ab\u00a1Alto, no m\u00e1s! Todos juntos contra el femicidio. No esperemos el pr\u00f3ximo femicidio, detengamos la violencia a tiempo\u00bb.<\/p>\n<\/div><\/section><\/div><div  style='height:50px' class='hr hr-invisible   avia-builder-el-6  el_after_av_one_full  el_before_av_social_share '><span class='hr-inner ' ><span class='hr-inner-style'><\/span><\/span><\/div><\/p>\n<div  class='av-social-sharing-box  avia-builder-el-7  el_after_av_hr  el_before_av_hr  '><div class='av-share-box'><h5 class='av-share-link-description av-no-toc '>Compartir esta noticia<\/h5><ul class='av-share-box-list noLightbox'><li class='av-share-link av-social-link-facebook' ><a target=\"_blank\" aria-label=\"Compartir en Facebook\" href='https:\/\/www.facebook.com\/sharer.php?u=https:\/\/radiorevelacionfm.cl\/?p=25452&#038;t=D%C3%ADa%20Nacional%20Contra%20el%20Femicidio%3A%20PDI%20realiza%20un%20llamado%20a%20detener%20la%20violencia%20a%20tiempo%20para%20evitar%20femicidios' aria-hidden='false' data-av_icon='\ue8f3' data-av_iconfont='entypo-fontello' title='' data-avia-related-tooltip='Compartir en Facebook' rel=\"noopener\"><span class='avia_hidden_link_text'>Compartir en Facebook<\/span><\/a><\/li><li class='av-share-link av-social-link-twitter' ><a target=\"_blank\" aria-label=\"Compartir en Twitter\" href='https:\/\/twitter.com\/share?text=D%C3%ADa%20Nacional%20Contra%20el%20Femicidio%3A%20PDI%20realiza%20un%20llamado%20a%20detener%20la%20violencia%20a%20tiempo%20para%20evitar%20femicidios&#038;url=https:\/\/radiorevelacionfm.cl\/?p=25452' aria-hidden='false' data-av_icon='\ue8f1' data-av_iconfont='entypo-fontello' title='' data-avia-related-tooltip='Compartir en Twitter' rel=\"noopener\"><span class='avia_hidden_link_text'>Compartir en Twitter<\/span><\/a><\/li><li class='av-share-link av-social-link-whatsapp' ><a target=\"_blank\" aria-label=\"Compartir en Whatsapp\" href='https:\/\/api.whatsapp.com\/send?text=https:\/\/radiorevelacionfm.cl\/?p=25452' aria-hidden='false' data-av_icon='\uf232' data-av_iconfont='entypo-fontello' title='' data-avia-related-tooltip='Compartir en Whatsapp' rel=\"noopener\"><span class='avia_hidden_link_text'>Compartir en Whatsapp<\/span><\/a><\/li><li class='av-share-link av-social-link-linkedin' ><a target=\"_blank\" aria-label=\"Compartir en LinkedIn\" href='https:\/\/linkedin.com\/shareArticle?mini=true&#038;title=D%C3%ADa%20Nacional%20Contra%20el%20Femicidio%3A%20PDI%20realiza%20un%20llamado%20a%20detener%20la%20violencia%20a%20tiempo%20para%20evitar%20femicidios&#038;url=https:\/\/radiorevelacionfm.cl\/?p=25452' aria-hidden='false' data-av_icon='\ue8fc' data-av_iconfont='entypo-fontello' title='' data-avia-related-tooltip='Compartir en LinkedIn' rel=\"noopener\"><span class='avia_hidden_link_text'>Compartir en LinkedIn<\/span><\/a><\/li><li class='av-share-link av-social-link-mail' ><a  aria-label=\"Compartir por correo\" href='mailto:?subject=D%C3%ADa%20Nacional%20Contra%20el%20Femicidio%3A%20PDI%20realiza%20un%20llamado%20a%20detener%20la%20violencia%20a%20tiempo%20para%20evitar%20femicidios&#038;body=https:\/\/radiorevelacionfm.cl\/?p=25452' aria-hidden='false' data-av_icon='\ue805' data-av_iconfont='entypo-fontello' title='' data-avia-related-tooltip='Compartir por correo'><span class='avia_hidden_link_text'>Compartir por correo<\/span><\/a><\/li><\/ul><\/div><\/div>\n<div  style='height:50px' class='hr hr-invisible   avia-builder-el-8  el_after_av_social_share  el_before_av_comments_list '><span class='hr-inner ' ><span class='hr-inner-style'><\/span><\/span><\/div>\n<div  class='av-buildercomment  av-blog-meta-html-info-disabled av-blog-meta-tag-disabled  '><\/div>\n","protected":false},"excerpt":{"rendered":"","protected":false},"author":1,"featured_media":25454,"comment_status":"open","ping_status":"open","sticky":false,"template":"","format":"standard","meta":{"footnotes":""},"categories":[36],"tags":[],"class_list":["post-25452","post","type-post","status-publish","format-standard","has-post-thumbnail","hentry","category-policial"],"jetpack_featured_media_url":"https:\/\/radiorevelacionfm.cl\/wp-content\/uploads\/2022\/12\/campana-femicidio_optimized-2_optimized-1.jpg","_links":{"self":[{"href":"https:\/\/radiorevelacionfm.cl\/index.php?rest_route=\/wp\/v2\/posts\/25452","targetHints":{"allow":["GET"]}}],"collection":[{"href":"https:\/\/radiorevelacionfm.cl\/index.php?rest_route=\/wp\/v2\/posts"}],"about":[{"href":"https:\/\/radiorevelacionfm.cl\/index.php?rest_route=\/wp\/v2\/types\/post"}],"author":[{"embeddable":true,"href":"https:\/\/radiorevelacionfm.cl\/index.php?rest_route=\/wp\/v2\/users\/1"}],"replies":[{"embeddable":true,"href":"https:\/\/radiorevelacionfm.cl\/index.php?rest_route=%2Fwp%2Fv2%2Fcomments&post=25452"}],"version-history":[{"count":2,"href":"https:\/\/radiorevelacionfm.cl\/index.php?rest_route=\/wp\/v2\/posts\/25452\/revisions"}],"predecessor-version":[{"id":25465,"href":"https:\/\/radiorevelacionfm.cl\/index.php?rest_route=\/wp\/v2\/posts\/25452\/revisions\/25465"}],"wp:featuredmedia":[{"embeddable":true,"href":"https:\/\/radiorevelacionfm.cl\/index.php?rest_route=\/wp\/v2\/media\/25454"}],"wp:attachment":[{"href":"https:\/\/radiorevelacionfm.cl\/index.php?rest_route=%2Fwp%2Fv2%2Fmedia&parent=25452"}],"wp:term":[{"taxonomy":"category","embeddable":true,"href":"https:\/\/radiorevelacionfm.cl\/index.php?rest_route=%2Fwp%2Fv2%2Fcategories&post=25452"},{"taxonomy":"post_tag","embeddable":true,"href":"https:\/\/radiorevelacionfm.cl\/index.php?rest_route=%2Fwp%2Fv2%2Ftags&post=25452"}],"curies":[{"name":"wp","href":"https:\/\/api.w.org\/{rel}","templated":true}]}}