{"id":25443,"date":"2022-12-16T09:34:26","date_gmt":"2022-12-16T12:34:26","guid":{"rendered":"https:\/\/radiorevelacionfm.cl\/?p=25443"},"modified":"2022-12-16T09:34:26","modified_gmt":"2022-12-16T12:34:26","slug":"seremi-de-desarrollo-social-y-familia-capacita-a-municipalidades-en-materias-de-inversion-publica","status":"publish","type":"post","link":"https:\/\/radiorevelacionfm.cl\/?p=25443","title":{"rendered":"Seremi de Desarrollo Social y Familia capacita a municipalidades en materias de inversi\u00f3n p\u00fablica"},"content":{"rendered":"<div class=\"flex_column av_one_full  flex_column_div av-zero-column-padding first  avia-builder-el-0  el_before_av_one_full  avia-builder-el-first  \" style='border-radius:0px; '><div  class='avia-image-container  av-styling-    avia-builder-el-1  avia-builder-el-no-sibling  avia-align-center '  itemprop=\"image\" itemscope=\"itemscope\" itemtype=\"https:\/\/schema.org\/ImageObject\"  ><div class='avia-image-container-inner'><div class='avia-image-overlay-wrap'><img decoding=\"async\" class='wp-image-25444 avia-img-lazy-loading-not-25444 avia_image' src=\"https:\/\/radiorevelacionfm.cl\/wp-content\/uploads\/2022\/12\/cisnes-1_optimized.jpeg\" alt='' title='cisnes-(1)_optimized' height=\"600\" width=\"1067\"  itemprop=\"thumbnailUrl\" srcset=\"https:\/\/radiorevelacionfm.cl\/wp-content\/uploads\/2022\/12\/cisnes-1_optimized.jpeg 1067w, https:\/\/radiorevelacionfm.cl\/wp-content\/uploads\/2022\/12\/cisnes-1_optimized-300x169.jpeg 300w, https:\/\/radiorevelacionfm.cl\/wp-content\/uploads\/2022\/12\/cisnes-1_optimized-1030x579.jpeg 1030w, https:\/\/radiorevelacionfm.cl\/wp-content\/uploads\/2022\/12\/cisnes-1_optimized-768x432.jpeg 768w, https:\/\/radiorevelacionfm.cl\/wp-content\/uploads\/2022\/12\/cisnes-1_optimized-705x396.jpeg 705w, https:\/\/radiorevelacionfm.cl\/wp-content\/uploads\/2022\/12\/cisnes-1_optimized-600x337.jpeg 600w\" sizes=\"(max-width: 1067px) 100vw, 1067px\" \/><\/div><\/div><\/div><\/div><div class=\"flex_column av_one_full  flex_column_div av-zero-column-padding first  avia-builder-el-2  el_after_av_one_full  el_before_av_one_full  column-top-margin\" style='border-radius:0px; '><section class=\"av_textblock_section \"  itemscope=\"itemscope\" itemtype=\"https:\/\/schema.org\/BlogPosting\" itemprop=\"blogPost\" ><div class='avia_textblock  '   itemprop=\"text\" ><p style=\"text-align: center;\"><strong><span style=\"font-size: 18pt;\">Seremi de Desarrollo Social y Familia capacita a municipalidades en materias de inversi\u00f3n p\u00fablica<\/span><\/strong><\/p>\n<div id=\"gtx-trans\" style=\"position: absolute; left: -50px; top: 4.31534px;\">\n<div class=\"gtx-trans-icon\"><\/div>\n<\/div>\n<\/div><\/section><\/div><div class=\"flex_column av_one_full  flex_column_div av-zero-column-padding first  avia-builder-el-4  el_after_av_one_full  el_before_av_hr  column-top-margin\" style='border-radius:0px; '><section class=\"av_textblock_section \"  itemscope=\"itemscope\" itemtype=\"https:\/\/schema.org\/BlogPosting\" itemprop=\"blogPost\" ><div class='avia_textblock  '   itemprop=\"text\" ><p style=\"text-align: justify;\">En Puerto Cisnes culmin\u00f3 el ciclo de talleres de capacitaci\u00f3n asociados al Sistema Nacional de Inversiones del a\u00f1o 2022 impartido por analistas del Departamento de Inversiones de la Seremi de Desarrollo Social y Familia y en el cual se capacit\u00f3 a funcionarios del Gobierno Regional y de 8 de los 10 municipios de la Regi\u00f3n de Ays\u00e9n. La principal materia abordada por el ciclo que tambi\u00e9n se realiz\u00f3 en Coyhaique y Tortel fue el Sistema Nacional de Inversiones que rige los procesos de formulaci\u00f3n, evaluaci\u00f3n t\u00e9cnica econ\u00f3mica, priorizaci\u00f3n, identificaci\u00f3n presupuestaria y ejecuci\u00f3n de cada una de las iniciativas de inversi\u00f3n p\u00fablica en la regi\u00f3n.<\/p>\n<p style=\"text-align: justify;\">Los talleres fueron enfocados a los equipos SECPLAN de las municipalidades que son los encargados de formular los estudios, proyectos y programas y luego, ingresarlos a evaluaci\u00f3n para gestionar la recomendaci\u00f3n t\u00e9cnica econ\u00f3mica, que es, en la mayor parte de la inversi\u00f3n p\u00fablica, un requisito para optar a financiamiento p\u00fablico, ya sea de los distintos Ministerios (presupuestos sectoriales) o del Gobierno Regional (presupuesto regional).<\/p>\n<p style=\"text-align: justify;\">Seg\u00fan Karina Acevedo Auad, Seremi de Desarrollo Social y Familia, para lograr una mayor participaci\u00f3n y facilitar la participaci\u00f3n de la mayor cantidad de funcionarios, se realizaron 3 encuentros, en las ciudades de Coyhaique, Tortel y Puerto Cisnes, donde concurrieron 29 funcionarios\/as de 8 comunas, m\u00e1s Gobierno Regional. \u201cEn estas reuniones, adem\u00e1s de una primera jornada de capacitaci\u00f3n, se realiz\u00f3 una segunda jornada en la tarde, con un espacio de tiempo, para que cada Municipalidad presente inquietudes respecto a proyectos nuevos, que se encuentran en evaluaci\u00f3n y\/o proyectados a ingresar para el a\u00f1o 2023\u201d.<\/p>\n<p style=\"text-align: justify;\">\u00a0Para la autoridad este tipo de acciones cumple con el objetivo de tener una relaci\u00f3n m\u00e1s cercana con los equipos formuladores, focalizando la acci\u00f3n en los gobiernos locales que disponen de una mirada del territorio m\u00e1s aterrizada a las problem\u00e1ticas de las comunidades, que se traducen en proyectos concretos que postulan a financiamiento p\u00fablico. En estas reuniones, no s\u00f3lo se contribuy\u00f3 a mejorar el conocimiento de los equipos municipales en cuanto a la normativa vigente del Sistema Nacional de Inversiones, sino que adem\u00e1s, se abordaron las inquietudes metodol\u00f3gicas que tienen los funcionarios municipales para presentar futuros proyectos de inversi\u00f3n p\u00fablica, en una relaci\u00f3n m\u00e1s directa con el equipo de analistas ministeriales.<\/p>\n<p style=\"text-align: justify;\">Cabe se\u00f1alar que, adem\u00e1s de esta instancia, por gestiones realizadas por la propia Seremi ante el nivel central, \u201cse ha logrado que se dicte un curso de Formulaci\u00f3n de Programas Sociales, que se focalizar\u00e1 en Municipios, Gobierno Regional y en las instituciones vinculadas al \u00e1rea social. Este curso se realizar\u00e1 entre el 19 a 21 de diciembre, en Coyhaique y es relevante, dado que aborda una metodolog\u00eda de formulaci\u00f3n de este tipo de iniciativas y programas, pues estamos convencidos que el progreso no es s\u00f3lo cemento e infraestructura y donde nuestras instituciones locales y regionales no hab\u00edan tenido capacitaci\u00f3n desde hace m\u00e1s de una d\u00e9cada, situaci\u00f3n que ha motivado una alta participaci\u00f3n, superando los 30 inscritos\u201d finaliz\u00f3 la SEREMI de Desarrollo Social y Familia de la Regi\u00f3n de Ays\u00e9n.<\/p>\n<\/div><\/section><\/div><div  style='height:50px' class='hr hr-invisible   avia-builder-el-6  el_after_av_one_full  el_before_av_social_share '><span class='hr-inner ' ><span class='hr-inner-style'><\/span><\/span><\/div><\/p>\n<div  class='av-social-sharing-box  avia-builder-el-7  el_after_av_hr  el_before_av_hr  '><div class='av-share-box'><h5 class='av-share-link-description av-no-toc '>Compartir esta noticia<\/h5><ul class='av-share-box-list noLightbox'><li class='av-share-link av-social-link-facebook' ><a target=\"_blank\" aria-label=\"Compartir en Facebook\" href='https:\/\/www.facebook.com\/sharer.php?u=https:\/\/radiorevelacionfm.cl\/?p=25443&#038;t=Seremi%20de%20Desarrollo%20Social%20y%20Familia%20capacita%20a%20municipalidades%20en%20materias%20de%20inversi%C3%B3n%20p%C3%BAblica' aria-hidden='false' data-av_icon='\ue8f3' data-av_iconfont='entypo-fontello' title='' data-avia-related-tooltip='Compartir en Facebook' rel=\"noopener\"><span class='avia_hidden_link_text'>Compartir en Facebook<\/span><\/a><\/li><li class='av-share-link av-social-link-twitter' ><a target=\"_blank\" aria-label=\"Compartir en Twitter\" href='https:\/\/twitter.com\/share?text=Seremi%20de%20Desarrollo%20Social%20y%20Familia%20capacita%20a%20municipalidades%20en%20materias%20de%20inversi%C3%B3n%20p%C3%BAblica&#038;url=https:\/\/radiorevelacionfm.cl\/?p=25443' aria-hidden='false' data-av_icon='\ue8f1' data-av_iconfont='entypo-fontello' title='' data-avia-related-tooltip='Compartir en Twitter' rel=\"noopener\"><span class='avia_hidden_link_text'>Compartir en Twitter<\/span><\/a><\/li><li class='av-share-link av-social-link-whatsapp' ><a target=\"_blank\" aria-label=\"Compartir en Whatsapp\" href='https:\/\/api.whatsapp.com\/send?text=https:\/\/radiorevelacionfm.cl\/?p=25443' aria-hidden='false' data-av_icon='\uf232' data-av_iconfont='entypo-fontello' title='' data-avia-related-tooltip='Compartir en Whatsapp' rel=\"noopener\"><span class='avia_hidden_link_text'>Compartir en Whatsapp<\/span><\/a><\/li><li class='av-share-link av-social-link-linkedin' ><a target=\"_blank\" aria-label=\"Compartir en LinkedIn\" href='https:\/\/linkedin.com\/shareArticle?mini=true&#038;title=Seremi%20de%20Desarrollo%20Social%20y%20Familia%20capacita%20a%20municipalidades%20en%20materias%20de%20inversi%C3%B3n%20p%C3%BAblica&#038;url=https:\/\/radiorevelacionfm.cl\/?p=25443' aria-hidden='false' data-av_icon='\ue8fc' data-av_iconfont='entypo-fontello' title='' data-avia-related-tooltip='Compartir en LinkedIn' rel=\"noopener\"><span class='avia_hidden_link_text'>Compartir en LinkedIn<\/span><\/a><\/li><li class='av-share-link av-social-link-mail' ><a  aria-label=\"Compartir por correo\" href='mailto:?subject=Seremi%20de%20Desarrollo%20Social%20y%20Familia%20capacita%20a%20municipalidades%20en%20materias%20de%20inversi%C3%B3n%20p%C3%BAblica&#038;body=https:\/\/radiorevelacionfm.cl\/?p=25443' aria-hidden='false' data-av_icon='\ue805' data-av_iconfont='entypo-fontello' title='' data-avia-related-tooltip='Compartir por correo'><span class='avia_hidden_link_text'>Compartir por correo<\/span><\/a><\/li><\/ul><\/div><\/div>\n<div  style='height:50px' class='hr hr-invisible   avia-builder-el-8  el_after_av_social_share  el_before_av_comments_list '><span class='hr-inner ' ><span class='hr-inner-style'><\/span><\/span><\/div>\n<div  class='av-buildercomment  av-blog-meta-html-info-disabled av-blog-meta-tag-disabled  '><\/div>\n","protected":false},"excerpt":{"rendered":"","protected":false},"author":1,"featured_media":25444,"comment_status":"open","ping_status":"open","sticky":false,"template":"","format":"standard","meta":{"footnotes":""},"categories":[38],"tags":[],"class_list":["post-25443","post","type-post","status-publish","format-standard","has-post-thumbnail","hentry","category-regional"],"jetpack_featured_media_url":"https:\/\/radiorevelacionfm.cl\/wp-content\/uploads\/2022\/12\/cisnes-1_optimized.jpeg","_links":{"self":[{"href":"https:\/\/radiorevelacionfm.cl\/index.php?rest_route=\/wp\/v2\/posts\/25443","targetHints":{"allow":["GET"]}}],"collection":[{"href":"https:\/\/radiorevelacionfm.cl\/index.php?rest_route=\/wp\/v2\/posts"}],"about":[{"href":"https:\/\/radiorevelacionfm.cl\/index.php?rest_route=\/wp\/v2\/types\/post"}],"author":[{"embeddable":true,"href":"https:\/\/radiorevelacionfm.cl\/index.php?rest_route=\/wp\/v2\/users\/1"}],"replies":[{"embeddable":true,"href":"https:\/\/radiorevelacionfm.cl\/index.php?rest_route=%2Fwp%2Fv2%2Fcomments&post=25443"}],"version-history":[{"count":2,"href":"https:\/\/radiorevelacionfm.cl\/index.php?rest_route=\/wp\/v2\/posts\/25443\/revisions"}],"predecessor-version":[{"id":25464,"href":"https:\/\/radiorevelacionfm.cl\/index.php?rest_route=\/wp\/v2\/posts\/25443\/revisions\/25464"}],"wp:featuredmedia":[{"embeddable":true,"href":"https:\/\/radiorevelacionfm.cl\/index.php?rest_route=\/wp\/v2\/media\/25444"}],"wp:attachment":[{"href":"https:\/\/radiorevelacionfm.cl\/index.php?rest_route=%2Fwp%2Fv2%2Fmedia&parent=25443"}],"wp:term":[{"taxonomy":"category","embeddable":true,"href":"https:\/\/radiorevelacionfm.cl\/index.php?rest_route=%2Fwp%2Fv2%2Fcategories&post=25443"},{"taxonomy":"post_tag","embeddable":true,"href":"https:\/\/radiorevelacionfm.cl\/index.php?rest_route=%2Fwp%2Fv2%2Ftags&post=25443"}],"curies":[{"name":"wp","href":"https:\/\/api.w.org\/{rel}","templated":true}]}}