{"id":25439,"date":"2022-12-15T17:39:09","date_gmt":"2022-12-15T20:39:09","guid":{"rendered":"https:\/\/radiorevelacionfm.cl\/?p=25439"},"modified":"2022-12-15T17:39:09","modified_gmt":"2022-12-15T20:39:09","slug":"senadora-ordenes-afirmo-que-situacion-de-caminos-es-igual-de-critica-que-la-de-las-barcazas-estos-temas-requieren-prioridad-del-gobierno","status":"publish","type":"post","link":"https:\/\/radiorevelacionfm.cl\/?p=25439","title":{"rendered":"Senadora Ordenes afirm\u00f3 que situaci\u00f3n de caminos es igual de cr\u00edtica que la de las barcazas \u201cestos temas requieren prioridad del Gobierno\u201d"},"content":{"rendered":"<div class=\"flex_column av_one_full  flex_column_div av-zero-column-padding first  avia-builder-el-0  el_before_av_one_full  avia-builder-el-first  \" style='border-radius:0px; '><div  class='avia-image-container  av-styling-    avia-builder-el-1  avia-builder-el-no-sibling  avia-align-center '  itemprop=\"image\" itemscope=\"itemscope\" itemtype=\"https:\/\/schema.org\/ImageObject\"  ><div class='avia-image-container-inner'><div class='avia-image-overlay-wrap'><img decoding=\"async\" class='wp-image-25440 avia-img-lazy-loading-not-25440 avia_image' src=\"https:\/\/radiorevelacionfm.cl\/wp-content\/uploads\/2022\/12\/caminos3-1_optimized.jpg\" alt='' title='caminos3-(1)_optimized' height=\"600\" width=\"756\"  itemprop=\"thumbnailUrl\" srcset=\"https:\/\/radiorevelacionfm.cl\/wp-content\/uploads\/2022\/12\/caminos3-1_optimized.jpg 756w, https:\/\/radiorevelacionfm.cl\/wp-content\/uploads\/2022\/12\/caminos3-1_optimized-300x238.jpg 300w, https:\/\/radiorevelacionfm.cl\/wp-content\/uploads\/2022\/12\/caminos3-1_optimized-705x560.jpg 705w, https:\/\/radiorevelacionfm.cl\/wp-content\/uploads\/2022\/12\/caminos3-1_optimized-600x476.jpg 600w\" sizes=\"(max-width: 756px) 100vw, 756px\" \/><\/div><\/div><\/div><\/div><div class=\"flex_column av_one_full  flex_column_div av-zero-column-padding first  avia-builder-el-2  el_after_av_one_full  el_before_av_one_full  column-top-margin\" style='border-radius:0px; '><section class=\"av_textblock_section \"  itemscope=\"itemscope\" itemtype=\"https:\/\/schema.org\/BlogPosting\" itemprop=\"blogPost\" ><div class='avia_textblock  '   itemprop=\"text\" ><p style=\"text-align: center;\"><strong><span style=\"font-size: 18pt;\">Senadora Ordenes afirm\u00f3 que situaci\u00f3n de caminos es igual de cr\u00edtica que la de las barcazas \u201cestos temas requieren prioridad del Gobierno\u201d<\/span><\/strong><\/p>\n<div id=\"gtx-trans\" style=\"position: absolute; left: -50px; top: 4.31534px;\">\n<div class=\"gtx-trans-icon\"><\/div>\n<\/div>\n<\/div><\/section><\/div><div class=\"flex_column av_one_full  flex_column_div av-zero-column-padding first  avia-builder-el-4  el_after_av_one_full  el_before_av_hr  column-top-margin\" style='border-radius:0px; '><section class=\"av_textblock_section \"  itemscope=\"itemscope\" itemtype=\"https:\/\/schema.org\/BlogPosting\" itemprop=\"blogPost\" ><div class='avia_textblock  '   itemprop=\"text\" ><p style=\"text-align: justify;\">La Parlamentaria, remarc\u00f3 que, junto a la conectividad terrestre se debe continuar avanzando en establecer condiciones adecuadas para la conectividad mar\u00edtima y lacustre en bien los vecinos y vecinas de todo el territorio regional.<\/p>\n<p style=\"text-align: justify;\">Durante estos \u00faltimos d\u00edas la conectividad sigue siendo un tema que amerita ser enfrentado con soluciones concretas y oportunas, ya que, tiene varias aristas desde el punto de vista mar\u00edtimo, lacustre y terrestre. Es precisamente en esto \u00faltimo, donde la ciudadan\u00eda se expresa permanentemente, ya que, existen caminos que conectan a algunas localidades y comunas de la regi\u00f3n, que hoy est\u00e1n intransitables.<\/p>\n<p style=\"text-align: justify;\">Esta es una materia que muchos vecinos, vecinas y dirigentes han planteado a la Senadora, Ximena Ordenes Neira, quien ha realizado una serie de gestiones, dialogo con autoridades del nivel central, buscado que esta preocupante situaci\u00f3n sea abordada como corresponde.<\/p>\n<p style=\"text-align: justify;\">\u201cLa condici\u00f3n de los caminos en la regi\u00f3n de Ays\u00e9n es cr\u00edtica, por un lado, est\u00e1 la ruta 7, la carretera austral, que es nuestra red estructurante, pero claramente hacia el sur de la regi\u00f3n tiene condiciones inapropiadas para el tr\u00e1nsito de veh\u00edculos y pasajeros. Por otro lado, la red secundaria tambi\u00e9n est\u00e1 presentando problemas graves y lo hemos visto en los reclamos que surgen de vecinos alrededor de la ciudad de Ays\u00e9n, lo mismo en la ciudad de Coyhaique, el tema del socav\u00f3n camino pavimentado hacia las Bandurrias, que hoy d\u00eda, adem\u00e1s, tiene inhabilitada una v\u00eda y esto requiere de una soluci\u00f3n\u201d.<\/p>\n<p style=\"text-align: justify;\">La Senadora Ordenes, afirm\u00f3 que debe existir un plan por parte del MOP, que permita mitigar los efectos y consecuencias que el mal estado de los caminos trae para la comunidad.<\/p>\n<p style=\"text-align: justify;\">\u201cAlgo que comprometa a Obras Publicas, especialmente a Vialidad, con un plan para ver c\u00f3mo se mitiga la situaci\u00f3n actual de los caminos, esto est\u00e1 afectando el desarrollo de la regi\u00f3n, est\u00e1 afectando significativamente la calidad de vida, especialmente de los habitantes de las comunas m\u00e1s aisladas de la regi\u00f3n de Ays\u00e9n. Por esa raz\u00f3n, nos hemos comunicado con el Ministro de Obras P\u00fablicas, esperamos que se concrete prontamente una visita para ver este tema y el de conectividad en general\u201d.<\/p>\n<p style=\"text-align: justify;\">La Ruta 7, Camino Seis Lagunas, Pasarela Rio Pangal, Lago Los Palos, Tejas Verdes \u2013 Las Bandurrias, Puente La Cruz, EL Queulat, El Salto \u2013 Lago Riesco, Rio Blanco \u2013 Rio C\u00f3ndor, Reserva Coyhaique, Pasarela Pinuer \u2013 Puente Osses, El Claro, Coyhaique \u2013 Cerro Negro, son algunos de los sectores que necesitan de manera urgente ser intervenidos.<\/p>\n<p style=\"text-align: justify;\">Adem\u00e1s, un tema que la Senadora Ximena Ordenes, ha puesto sobre la mesa y ha insistido a nivel central y regional que sea abordado con la celeridad que la comunidad requiere es, la conectividad lacustre y mar\u00edtima.<\/p>\n<p style=\"text-align: justify;\">\u201cYa llevamos un buen tiempo hablando de la conectividad lacustre, mar\u00edtima, con fallas en las barcazas constantemente, desde el fiordo Mitchel, pasando por el Lago General Carrera hasta el cruce desde la regi\u00f3n de Los Lagos hacia Ays\u00e9n. Hoy existe un plan, me parece que es importante, pero claramente tienen que haber soluciones concretas para lo urgente y me parece que, en eso, la condici\u00f3n de los caminos es una prioridad que tiene que ser abordada prontamente por el Gobierno\u201d, sentenci\u00f3 la autoridad.<\/p>\n<\/div><\/section><\/div><div  style='height:50px' class='hr hr-invisible   avia-builder-el-6  el_after_av_one_full  el_before_av_social_share '><span class='hr-inner ' ><span class='hr-inner-style'><\/span><\/span><\/div><\/p>\n<div  class='av-social-sharing-box  avia-builder-el-7  el_after_av_hr  el_before_av_hr  '><div class='av-share-box'><h5 class='av-share-link-description av-no-toc '>Compartir esta noticia<\/h5><ul class='av-share-box-list noLightbox'><li class='av-share-link av-social-link-facebook' ><a target=\"_blank\" aria-label=\"Compartir en Facebook\" href='https:\/\/www.facebook.com\/sharer.php?u=https:\/\/radiorevelacionfm.cl\/?p=25439&#038;t=Senadora%20Ordenes%20afirm%C3%B3%20que%20situaci%C3%B3n%20de%20caminos%20es%20igual%20de%20cr%C3%ADtica%20que%20la%20de%20las%20barcazas%20%E2%80%9Cestos%20temas%20requieren%20prioridad%20del%20Gobierno%E2%80%9D' aria-hidden='false' data-av_icon='\ue8f3' data-av_iconfont='entypo-fontello' title='' data-avia-related-tooltip='Compartir en Facebook' rel=\"noopener\"><span class='avia_hidden_link_text'>Compartir en Facebook<\/span><\/a><\/li><li class='av-share-link av-social-link-twitter' ><a target=\"_blank\" aria-label=\"Compartir en Twitter\" href='https:\/\/twitter.com\/share?text=Senadora%20Ordenes%20afirm%C3%B3%20que%20situaci%C3%B3n%20de%20caminos%20es%20igual%20de%20cr%C3%ADtica%20que%20la%20de%20las%20barcazas%20%E2%80%9Cestos%20temas%20requieren%20prioridad%20del%20Gobierno%E2%80%9D&#038;url=https:\/\/radiorevelacionfm.cl\/?p=25439' aria-hidden='false' data-av_icon='\ue8f1' data-av_iconfont='entypo-fontello' title='' data-avia-related-tooltip='Compartir en Twitter' rel=\"noopener\"><span class='avia_hidden_link_text'>Compartir en Twitter<\/span><\/a><\/li><li class='av-share-link av-social-link-whatsapp' ><a target=\"_blank\" aria-label=\"Compartir en Whatsapp\" href='https:\/\/api.whatsapp.com\/send?text=https:\/\/radiorevelacionfm.cl\/?p=25439' aria-hidden='false' data-av_icon='\uf232' data-av_iconfont='entypo-fontello' title='' data-avia-related-tooltip='Compartir en Whatsapp' rel=\"noopener\"><span class='avia_hidden_link_text'>Compartir en Whatsapp<\/span><\/a><\/li><li class='av-share-link av-social-link-linkedin' ><a target=\"_blank\" aria-label=\"Compartir en LinkedIn\" href='https:\/\/linkedin.com\/shareArticle?mini=true&#038;title=Senadora%20Ordenes%20afirm%C3%B3%20que%20situaci%C3%B3n%20de%20caminos%20es%20igual%20de%20cr%C3%ADtica%20que%20la%20de%20las%20barcazas%20%E2%80%9Cestos%20temas%20requieren%20prioridad%20del%20Gobierno%E2%80%9D&#038;url=https:\/\/radiorevelacionfm.cl\/?p=25439' aria-hidden='false' data-av_icon='\ue8fc' data-av_iconfont='entypo-fontello' title='' data-avia-related-tooltip='Compartir en LinkedIn' rel=\"noopener\"><span class='avia_hidden_link_text'>Compartir en LinkedIn<\/span><\/a><\/li><li class='av-share-link av-social-link-mail' ><a  aria-label=\"Compartir por correo\" href='mailto:?subject=Senadora%20Ordenes%20afirm%C3%B3%20que%20situaci%C3%B3n%20de%20caminos%20es%20igual%20de%20cr%C3%ADtica%20que%20la%20de%20las%20barcazas%20%E2%80%9Cestos%20temas%20requieren%20prioridad%20del%20Gobierno%E2%80%9D&#038;body=https:\/\/radiorevelacionfm.cl\/?p=25439' aria-hidden='false' data-av_icon='\ue805' data-av_iconfont='entypo-fontello' title='' data-avia-related-tooltip='Compartir por correo'><span class='avia_hidden_link_text'>Compartir por correo<\/span><\/a><\/li><\/ul><\/div><\/div>\n<div  style='height:50px' class='hr hr-invisible   avia-builder-el-8  el_after_av_social_share  el_before_av_comments_list '><span class='hr-inner ' ><span class='hr-inner-style'><\/span><\/span><\/div>\n<div  class='av-buildercomment  av-blog-meta-html-info-disabled av-blog-meta-tag-disabled  '><\/div>\n","protected":false},"excerpt":{"rendered":"","protected":false},"author":1,"featured_media":25440,"comment_status":"open","ping_status":"open","sticky":false,"template":"","format":"standard","meta":{"footnotes":""},"categories":[35],"tags":[],"class_list":["post-25439","post","type-post","status-publish","format-standard","has-post-thumbnail","hentry","category-politica"],"jetpack_featured_media_url":"https:\/\/radiorevelacionfm.cl\/wp-content\/uploads\/2022\/12\/caminos3-1_optimized.jpg","_links":{"self":[{"href":"https:\/\/radiorevelacionfm.cl\/index.php?rest_route=\/wp\/v2\/posts\/25439","targetHints":{"allow":["GET"]}}],"collection":[{"href":"https:\/\/radiorevelacionfm.cl\/index.php?rest_route=\/wp\/v2\/posts"}],"about":[{"href":"https:\/\/radiorevelacionfm.cl\/index.php?rest_route=\/wp\/v2\/types\/post"}],"author":[{"embeddable":true,"href":"https:\/\/radiorevelacionfm.cl\/index.php?rest_route=\/wp\/v2\/users\/1"}],"replies":[{"embeddable":true,"href":"https:\/\/radiorevelacionfm.cl\/index.php?rest_route=%2Fwp%2Fv2%2Fcomments&post=25439"}],"version-history":[{"count":2,"href":"https:\/\/radiorevelacionfm.cl\/index.php?rest_route=\/wp\/v2\/posts\/25439\/revisions"}],"predecessor-version":[{"id":25446,"href":"https:\/\/radiorevelacionfm.cl\/index.php?rest_route=\/wp\/v2\/posts\/25439\/revisions\/25446"}],"wp:featuredmedia":[{"embeddable":true,"href":"https:\/\/radiorevelacionfm.cl\/index.php?rest_route=\/wp\/v2\/media\/25440"}],"wp:attachment":[{"href":"https:\/\/radiorevelacionfm.cl\/index.php?rest_route=%2Fwp%2Fv2%2Fmedia&parent=25439"}],"wp:term":[{"taxonomy":"category","embeddable":true,"href":"https:\/\/radiorevelacionfm.cl\/index.php?rest_route=%2Fwp%2Fv2%2Fcategories&post=25439"},{"taxonomy":"post_tag","embeddable":true,"href":"https:\/\/radiorevelacionfm.cl\/index.php?rest_route=%2Fwp%2Fv2%2Ftags&post=25439"}],"curies":[{"name":"wp","href":"https:\/\/api.w.org\/{rel}","templated":true}]}}