{"id":25434,"date":"2022-12-16T11:32:44","date_gmt":"2022-12-16T14:32:44","guid":{"rendered":"https:\/\/radiorevelacionfm.cl\/?p=25434"},"modified":"2022-12-16T11:32:44","modified_gmt":"2022-12-16T14:32:44","slug":"sandoval-se-reunio-con-contralor-general-de-la-republica-por-las-precarias-condiciones-de-conectividad-que-sufre-la-comunidad-de-chile-chico","status":"publish","type":"post","link":"https:\/\/radiorevelacionfm.cl\/?p=25434","title":{"rendered":"Sandoval se reuni\u00f3 con Contralor General de la Rep\u00fablica por las precarias condiciones de conectividad que sufre la comunidad de Chile Chico"},"content":{"rendered":"<div class=\"flex_column av_one_full  flex_column_div av-zero-column-padding first  avia-builder-el-0  el_before_av_one_full  avia-builder-el-first  \" style='border-radius:0px; '><div  class='avia-image-container  av-styling-    avia-builder-el-1  avia-builder-el-no-sibling  avia-align-center '  itemprop=\"image\" itemscope=\"itemscope\" itemtype=\"https:\/\/schema.org\/ImageObject\"  ><div class='avia-image-container-inner'><div class='avia-image-overlay-wrap'><img decoding=\"async\" class='wp-image-25435 avia-img-lazy-loading-not-25435 avia_image' src=\"https:\/\/radiorevelacionfm.cl\/wp-content\/uploads\/2022\/12\/senador-sandoval-y-contralor-general-1-1.jpg\" alt='' title='senador sandoval y contralor general (1) (1)' height=\"600\" width=\"880\"  itemprop=\"thumbnailUrl\" srcset=\"https:\/\/radiorevelacionfm.cl\/wp-content\/uploads\/2022\/12\/senador-sandoval-y-contralor-general-1-1.jpg 880w, https:\/\/radiorevelacionfm.cl\/wp-content\/uploads\/2022\/12\/senador-sandoval-y-contralor-general-1-1-300x205.jpg 300w, https:\/\/radiorevelacionfm.cl\/wp-content\/uploads\/2022\/12\/senador-sandoval-y-contralor-general-1-1-768x524.jpg 768w, https:\/\/radiorevelacionfm.cl\/wp-content\/uploads\/2022\/12\/senador-sandoval-y-contralor-general-1-1-705x481.jpg 705w, https:\/\/radiorevelacionfm.cl\/wp-content\/uploads\/2022\/12\/senador-sandoval-y-contralor-general-1-1-600x409.jpg 600w\" sizes=\"(max-width: 880px) 100vw, 880px\" \/><\/div><\/div><\/div><\/div><div class=\"flex_column av_one_full  flex_column_div av-zero-column-padding first  avia-builder-el-2  el_after_av_one_full  el_before_av_one_full  column-top-margin\" style='border-radius:0px; '><section class=\"av_textblock_section \"  itemscope=\"itemscope\" itemtype=\"https:\/\/schema.org\/BlogPosting\" itemprop=\"blogPost\" ><div class='avia_textblock  '   itemprop=\"text\" ><p style=\"text-align: center;\"><strong><span style=\"font-size: 18pt;\">Sandoval se reuni\u00f3 con Contralor General de la Rep\u00fablica por las precarias condiciones de conectividad que sufre la comunidad de Chile Chico<\/span><\/strong><\/p>\n<div id=\"gtx-trans\" style=\"position: absolute; left: -50px; top: 4.31534px;\">\n<div class=\"gtx-trans-icon\"><\/div>\n<\/div>\n<\/div><\/section><\/div><div class=\"flex_column av_one_full  flex_column_div av-zero-column-padding first  avia-builder-el-4  el_after_av_one_full  el_before_av_hr  column-top-margin\" style='border-radius:0px; '><section class=\"av_textblock_section \"  itemscope=\"itemscope\" itemtype=\"https:\/\/schema.org\/BlogPosting\" itemprop=\"blogPost\" ><div class='avia_textblock  '   itemprop=\"text\" ><p style=\"text-align: justify;\">El parlamentario pidi\u00f3 un pronunciamiento de dicho organismo por las precarias condiciones de la conectividad lacustre que sufre la comunidad de Chile Chico.<\/p>\n<p style=\"text-align: justify;\">\u201cLas quejas, las denuncias y demandas de las comunidades no pueden quedar en letra muerta\u201d. Con estas palabras, el senador David Sandoval, se refiere a los serios problemas de conectividad lacustre en que d\u00eda a d\u00eda sufren los vecinos de Chile Chico y la necesidad de buscar medidas de fondo que resuelvan el problema.<\/p>\n<p style=\"text-align: justify;\">Y esto, luego de que esta semana, el parlamentario se reuniera con el Contralor General de la Rep\u00fablica, Jorge Berm\u00fadez, a quien entreg\u00f3 un documento en el que solicita un pronunciamiento de dicho \u00f3rgano, dadas las condiciones en que se transporta la comunidad chilechiquense. \u201cUna importante audiencia con el contralor, para manifestar la inquietud que tienen las comunidades en relaci\u00f3n a la indefensi\u00f3n en que se encuentran, como pasa con la conectividad lacustre en el Lago General Carrera\u201d, se\u00f1al\u00f3.<\/p>\n<p style=\"text-align: justify;\">En la presentaci\u00f3n, el legislador da cuenta de los sucesivos problemas que se han generado en el transporte lacustre, entre ellos las fallas de la barcaza Pilchero, el bus que se debi\u00f3 utilizar en la embarcaci\u00f3n Chelenco, adem\u00e1s de otros hechos anexos como como el de agosto de este a\u00f1o cuando una avioneta que, rumbo a Chile Chico, debi\u00f3 retornar al aer\u00f3dromo Teniente Vidal de Coyhaique, por problemas en su tren de aterrizaje. \u201cEsta suma de hechos generaron este grado de problemas tan graves para la comunidad, que podr\u00edan haber desencadenado una tragedia que estar\u00edamos lamentando\u201d, subray\u00f3.<\/p>\n<p style=\"text-align: justify;\">Junto a ello, agreg\u00f3, las quejas tambi\u00e9n tienen que ver con la forma de hacer gesti\u00f3n p\u00fablica en la regi\u00f3n, se\u00f1alando que las comunidades plantean y reclaman sus problemas, haci\u00e9ndose reuniones que muchas veces quedan en nada. \u201cEl contralor tuvo una gran recepci\u00f3n de lo que se\u00f1al\u00e1bamos, adem\u00e1s de comprometer una visita formal a la regi\u00f3n de Ays\u00e9n en la primera quincena del mes de enero pr\u00f3ximo, lo que ser\u00e1 un hito importante. La contralor\u00eda es un organismo prestigiado por su funci\u00f3n y labor, y el propio contralor tuvo una recepci\u00f3n positiva a estos planteamientos\u201d, indic\u00f3.<\/p>\n<p style=\"text-align: justify;\">El parlamentario recalc\u00f3 que esto es parte del inter\u00e9s por mejorar las condiciones de vida de los vecinos, enfatizando que \u201cexiste la obligaci\u00f3n y la responsabilidad ineludible de la autoridad por responder en tiempo y en forma adecuado a ello\u201d.<\/p>\n<p style=\"text-align: justify;\">Sobre la reuni\u00f3n, el contralor Jorge Berm\u00fadez se\u00f1al\u00f3 que fue una reuni\u00f3n muy productiva \u201cporque nos hizo ver los problemas que est\u00e1 teniendo la regi\u00f3n en de conectividad, tanto en el Lago General Carrera como por la v\u00eda terrestre y tambi\u00e9n la vulnerabilidad que existe a prop\u00f3sito de la conectividad a\u00e9rea\u201d.<\/p>\n<p style=\"text-align: justify;\">\u201cNosotros somos sensibles a esos temas, est\u00e1 dentro del plan estrat\u00e9gico de la Contralor\u00eda poder incorporar este tipo de materias, en todas sus funciones: tanto en materia auditora, que son labores que ya estamos realizando en la regi\u00f3n; y desde el punto de vista jur\u00eddico, donde se apurar\u00e1n algunos procesos que se est\u00e1n llevando adelante\u201d, agreg\u00f3.<\/p>\n<p style=\"text-align: justify;\">Finalmente, indic\u00f3 que en la visita que realice a la regi\u00f3n, intentar\u00e1 reunirse con las autoridades responsables en estas materias \u201cpara ver de qu\u00e9 manera podemos colaborar a que esto se agilice\u201d.<\/p>\n<\/div><\/section><\/div><div  style='height:50px' class='hr hr-invisible   avia-builder-el-6  el_after_av_one_full  el_before_av_social_share '><span class='hr-inner ' ><span class='hr-inner-style'><\/span><\/span><\/div><\/p>\n<div  class='av-social-sharing-box  avia-builder-el-7  el_after_av_hr  el_before_av_hr  '><div class='av-share-box'><h5 class='av-share-link-description av-no-toc '>Compartir esta noticia<\/h5><ul class='av-share-box-list noLightbox'><li class='av-share-link av-social-link-facebook' ><a target=\"_blank\" aria-label=\"Compartir en Facebook\" href='https:\/\/www.facebook.com\/sharer.php?u=https:\/\/radiorevelacionfm.cl\/?p=25434&#038;t=Sandoval%20se%20reuni%C3%B3%20con%20Contralor%20General%20de%20la%20Rep%C3%BAblica%20por%20las%20precarias%20condiciones%20de%20conectividad%20que%20sufre%20la%20comunidad%20de%20Chile%20Chico' aria-hidden='false' data-av_icon='\ue8f3' data-av_iconfont='entypo-fontello' title='' data-avia-related-tooltip='Compartir en Facebook' rel=\"noopener\"><span class='avia_hidden_link_text'>Compartir en Facebook<\/span><\/a><\/li><li class='av-share-link av-social-link-twitter' ><a target=\"_blank\" aria-label=\"Compartir en Twitter\" href='https:\/\/twitter.com\/share?text=Sandoval%20se%20reuni%C3%B3%20con%20Contralor%20General%20de%20la%20Rep%C3%BAblica%20por%20las%20precarias%20condiciones%20de%20conectividad%20que%20sufre%20la%20comunidad%20de%20Chile%20Chico&#038;url=https:\/\/radiorevelacionfm.cl\/?p=25434' aria-hidden='false' data-av_icon='\ue8f1' data-av_iconfont='entypo-fontello' title='' data-avia-related-tooltip='Compartir en Twitter' rel=\"noopener\"><span class='avia_hidden_link_text'>Compartir en Twitter<\/span><\/a><\/li><li class='av-share-link av-social-link-whatsapp' ><a target=\"_blank\" aria-label=\"Compartir en Whatsapp\" href='https:\/\/api.whatsapp.com\/send?text=https:\/\/radiorevelacionfm.cl\/?p=25434' aria-hidden='false' data-av_icon='\uf232' data-av_iconfont='entypo-fontello' title='' data-avia-related-tooltip='Compartir en Whatsapp' rel=\"noopener\"><span class='avia_hidden_link_text'>Compartir en Whatsapp<\/span><\/a><\/li><li class='av-share-link av-social-link-linkedin' ><a target=\"_blank\" aria-label=\"Compartir en LinkedIn\" href='https:\/\/linkedin.com\/shareArticle?mini=true&#038;title=Sandoval%20se%20reuni%C3%B3%20con%20Contralor%20General%20de%20la%20Rep%C3%BAblica%20por%20las%20precarias%20condiciones%20de%20conectividad%20que%20sufre%20la%20comunidad%20de%20Chile%20Chico&#038;url=https:\/\/radiorevelacionfm.cl\/?p=25434' aria-hidden='false' data-av_icon='\ue8fc' data-av_iconfont='entypo-fontello' title='' data-avia-related-tooltip='Compartir en LinkedIn' rel=\"noopener\"><span class='avia_hidden_link_text'>Compartir en LinkedIn<\/span><\/a><\/li><li class='av-share-link av-social-link-mail' ><a  aria-label=\"Compartir por correo\" href='mailto:?subject=Sandoval%20se%20reuni%C3%B3%20con%20Contralor%20General%20de%20la%20Rep%C3%BAblica%20por%20las%20precarias%20condiciones%20de%20conectividad%20que%20sufre%20la%20comunidad%20de%20Chile%20Chico&#038;body=https:\/\/radiorevelacionfm.cl\/?p=25434' aria-hidden='false' data-av_icon='\ue805' data-av_iconfont='entypo-fontello' title='' data-avia-related-tooltip='Compartir por correo'><span class='avia_hidden_link_text'>Compartir por correo<\/span><\/a><\/li><\/ul><\/div><\/div>\n<div  style='height:50px' class='hr hr-invisible   avia-builder-el-8  el_after_av_social_share  el_before_av_comments_list '><span class='hr-inner ' ><span class='hr-inner-style'><\/span><\/span><\/div>\n<div  class='av-buildercomment  av-blog-meta-html-info-disabled av-blog-meta-tag-disabled  '><\/div>\n","protected":false},"excerpt":{"rendered":"","protected":false},"author":1,"featured_media":25435,"comment_status":"open","ping_status":"open","sticky":false,"template":"","format":"standard","meta":{"footnotes":""},"categories":[35],"tags":[],"class_list":["post-25434","post","type-post","status-publish","format-standard","has-post-thumbnail","hentry","category-politica"],"jetpack_featured_media_url":"https:\/\/radiorevelacionfm.cl\/wp-content\/uploads\/2022\/12\/senador-sandoval-y-contralor-general-1-1.jpg","_links":{"self":[{"href":"https:\/\/radiorevelacionfm.cl\/index.php?rest_route=\/wp\/v2\/posts\/25434","targetHints":{"allow":["GET"]}}],"collection":[{"href":"https:\/\/radiorevelacionfm.cl\/index.php?rest_route=\/wp\/v2\/posts"}],"about":[{"href":"https:\/\/radiorevelacionfm.cl\/index.php?rest_route=\/wp\/v2\/types\/post"}],"author":[{"embeddable":true,"href":"https:\/\/radiorevelacionfm.cl\/index.php?rest_route=\/wp\/v2\/users\/1"}],"replies":[{"embeddable":true,"href":"https:\/\/radiorevelacionfm.cl\/index.php?rest_route=%2Fwp%2Fv2%2Fcomments&post=25434"}],"version-history":[{"count":2,"href":"https:\/\/radiorevelacionfm.cl\/index.php?rest_route=\/wp\/v2\/posts\/25434\/revisions"}],"predecessor-version":[{"id":25477,"href":"https:\/\/radiorevelacionfm.cl\/index.php?rest_route=\/wp\/v2\/posts\/25434\/revisions\/25477"}],"wp:featuredmedia":[{"embeddable":true,"href":"https:\/\/radiorevelacionfm.cl\/index.php?rest_route=\/wp\/v2\/media\/25435"}],"wp:attachment":[{"href":"https:\/\/radiorevelacionfm.cl\/index.php?rest_route=%2Fwp%2Fv2%2Fmedia&parent=25434"}],"wp:term":[{"taxonomy":"category","embeddable":true,"href":"https:\/\/radiorevelacionfm.cl\/index.php?rest_route=%2Fwp%2Fv2%2Fcategories&post=25434"},{"taxonomy":"post_tag","embeddable":true,"href":"https:\/\/radiorevelacionfm.cl\/index.php?rest_route=%2Fwp%2Fv2%2Ftags&post=25434"}],"curies":[{"name":"wp","href":"https:\/\/api.w.org\/{rel}","templated":true}]}}