{"id":25431,"date":"2022-12-15T19:56:32","date_gmt":"2022-12-15T22:56:32","guid":{"rendered":"https:\/\/radiorevelacionfm.cl\/?p=25431"},"modified":"2022-12-15T19:56:32","modified_gmt":"2022-12-15T22:56:32","slug":"inauguran-nuevas-oficinas-de-la-corporacion-de-asistencia-judicial-en-puerto-aysen","status":"publish","type":"post","link":"https:\/\/radiorevelacionfm.cl\/?p=25431","title":{"rendered":"Inauguran nuevas oficinas de la Corporaci\u00f3n de Asistencia Judicial en Puerto Ays\u00e9n"},"content":{"rendered":"<div class=\"flex_column av_one_full  flex_column_div av-zero-column-padding first  avia-builder-el-0  el_before_av_one_full  avia-builder-el-first  \" style='border-radius:0px; '><div  class='avia-image-container  av-styling-    avia-builder-el-1  avia-builder-el-no-sibling  avia-align-center '  itemprop=\"image\" itemscope=\"itemscope\" itemtype=\"https:\/\/schema.org\/ImageObject\"  ><div class='avia-image-container-inner'><div class='avia-image-overlay-wrap'><img decoding=\"async\" class='wp-image-25432 avia-img-lazy-loading-not-25432 avia_image' src=\"https:\/\/radiorevelacionfm.cl\/wp-content\/uploads\/2022\/12\/caj-aysen-2-1_optimized-1.jpg\" alt='' title='caj-aysen-2-(1)_optimized (1)' height=\"600\" width=\"1115\"  itemprop=\"thumbnailUrl\" srcset=\"https:\/\/radiorevelacionfm.cl\/wp-content\/uploads\/2022\/12\/caj-aysen-2-1_optimized-1.jpg 1115w, https:\/\/radiorevelacionfm.cl\/wp-content\/uploads\/2022\/12\/caj-aysen-2-1_optimized-1-300x161.jpg 300w, https:\/\/radiorevelacionfm.cl\/wp-content\/uploads\/2022\/12\/caj-aysen-2-1_optimized-1-1030x554.jpg 1030w, https:\/\/radiorevelacionfm.cl\/wp-content\/uploads\/2022\/12\/caj-aysen-2-1_optimized-1-768x413.jpg 768w, https:\/\/radiorevelacionfm.cl\/wp-content\/uploads\/2022\/12\/caj-aysen-2-1_optimized-1-705x379.jpg 705w, https:\/\/radiorevelacionfm.cl\/wp-content\/uploads\/2022\/12\/caj-aysen-2-1_optimized-1-600x323.jpg 600w\" sizes=\"(max-width: 1115px) 100vw, 1115px\" \/><\/div><\/div><\/div><\/div><div class=\"flex_column av_one_full  flex_column_div av-zero-column-padding first  avia-builder-el-2  el_after_av_one_full  el_before_av_one_full  column-top-margin\" style='border-radius:0px; '><section class=\"av_textblock_section \"  itemscope=\"itemscope\" itemtype=\"https:\/\/schema.org\/BlogPosting\" itemprop=\"blogPost\" ><div class='avia_textblock  '   itemprop=\"text\" ><p style=\"text-align: center;\"><strong><span style=\"font-size: 18pt;\">Inauguran nuevas oficinas de la Corporaci\u00f3n de Asistencia Judicial en Puerto Ays\u00e9n<\/span><\/strong><\/p>\n<div id=\"gtx-trans\" style=\"position: absolute; left: -50px; top: 4.31534px;\">\n<div class=\"gtx-trans-icon\"><\/div>\n<\/div>\n<\/div><\/section><\/div><div class=\"flex_column av_one_full  flex_column_div av-zero-column-padding first  avia-builder-el-4  el_after_av_one_full  el_before_av_hr  column-top-margin\" style='border-radius:0px; '><section class=\"av_textblock_section \"  itemscope=\"itemscope\" itemtype=\"https:\/\/schema.org\/BlogPosting\" itemprop=\"blogPost\" ><div class='avia_textblock  '   itemprop=\"text\" ><p style=\"text-align: justify;\">Con el prop\u00f3sito de garantizar el acceso a la justicia de las y los vecinos, junto con entregar mejores condiciones para funcionarios y funcionarias, autoridades inauguraron las nuevas dependencias que albergar\u00e1n el Consultorio Jur\u00eddico y la Oficina de Defensa Laboral (ODL) de la Corporaci\u00f3n de Asistencia Judicial (CAJ) en la ciudad de Puerto Ays\u00e9n.<\/p>\n<p style=\"text-align: justify;\">El hito institucional fue encabezado por la presidenta del Honorable Consejo Directivo de la CAJ Biob\u00edo, Claudia Soto Candia y el Delegado Presidencial Regional (s) en Ays\u00e9n, Seremi de Justicia y Derechos Humanos en la Regi\u00f3n, Samuel Navarro Castro; quienes fueron acompa\u00f1ados por el Director General (s) de la CAJ, Julio D\u00edaz de Arcaya Baro y la Directora Regional, Mar\u00eda Francisca Vilches G\u00e1lvez, junto a representantes del municipio local, entre otros invitados.<\/p>\n<p style=\"text-align: justify;\">Sobre este avance, Soto Candia destac\u00f3 que \u201cesto es fruto del trabajo conjunto del Seremi de Justicia en la Regi\u00f3n de Ays\u00e9n y la Directora Regional, quienes nos relevaron la necesidad de un cambio, gracias a eso pudimos venir y conocer el terreno esa necesidad\u201d.<\/p>\n<p style=\"text-align: justify;\">Dentro de los principales avances destacan un aumento del espacio de trabajo a 180 metros cuadrados, para una mejor atenci\u00f3n de las y los usuarios.<\/p>\n<p style=\"text-align: justify;\">En ese sentido, Samuel Navarro Castro expres\u00f3 que \u201cnos parece relevante avanzar en otorgar condiciones dignas de trabajo tanto para los trabajadores y trabajadoras que prestan el servicio de acercar la Justicia a la gente y tambi\u00e9n para los vecinos y vecinas de Puerto Ays\u00e9n que concurren cuando tienen un problema jur\u00eddico a pedir asistencia judicial, de esta forma los vecinos de Puerto Ays\u00e9n ac\u00e1 en calle Carrera, casi esquina Juan Dougnac, pueden venir a requerir asistencia jur\u00eddica gratuita con profesionales de alta calidad para poder enfrentar cualquier conflicto con la Justicia\u201d.<\/p>\n<p style=\"text-align: justify;\">El jefe del Consultorio Jur\u00eddico Civil y de Familia en Puerto Ays\u00e9n, abogado Ervis Bahamondes Olavarr\u00eda valor\u00f3 las gestiones y agreg\u00f3 que \u201cla Corporaci\u00f3n tiene una visi\u00f3n sobre que se nos reconozca en brindar una atenci\u00f3n cercana y que se nos reconozca como agentes modernos en el sistema de Justicia y para que ello fuera as\u00ed el cambio de infraestructura era un elemento esencial, por eso estamos agradecidos\u201d.<\/p>\n<p style=\"text-align: justify;\">Finalmente, cabe mencionar que en total son cinco los funcionarios que trabajar\u00e1n en el inmueble. Dos corresponden a la ODL y otros tres al Consultorio Jur\u00eddico (Civil y Familia), integrado por un abogado jefe, abogado auxiliar y una secretaria.<\/p>\n<\/div><\/section><\/div><div  style='height:50px' class='hr hr-invisible   avia-builder-el-6  el_after_av_one_full  el_before_av_social_share '><span class='hr-inner ' ><span class='hr-inner-style'><\/span><\/span><\/div><\/p>\n<div  class='av-social-sharing-box  avia-builder-el-7  el_after_av_hr  el_before_av_hr  '><div class='av-share-box'><h5 class='av-share-link-description av-no-toc '>Compartir esta noticia<\/h5><ul class='av-share-box-list noLightbox'><li class='av-share-link av-social-link-facebook' ><a target=\"_blank\" aria-label=\"Compartir en Facebook\" href='https:\/\/www.facebook.com\/sharer.php?u=https:\/\/radiorevelacionfm.cl\/?p=25431&#038;t=Inauguran%20nuevas%20oficinas%20de%20la%20Corporaci%C3%B3n%20de%20Asistencia%20Judicial%20en%20Puerto%20Ays%C3%A9n' aria-hidden='false' data-av_icon='\ue8f3' data-av_iconfont='entypo-fontello' title='' data-avia-related-tooltip='Compartir en Facebook' rel=\"noopener\"><span class='avia_hidden_link_text'>Compartir en Facebook<\/span><\/a><\/li><li class='av-share-link av-social-link-twitter' ><a target=\"_blank\" aria-label=\"Compartir en Twitter\" href='https:\/\/twitter.com\/share?text=Inauguran%20nuevas%20oficinas%20de%20la%20Corporaci%C3%B3n%20de%20Asistencia%20Judicial%20en%20Puerto%20Ays%C3%A9n&#038;url=https:\/\/radiorevelacionfm.cl\/?p=25431' aria-hidden='false' data-av_icon='\ue8f1' data-av_iconfont='entypo-fontello' title='' data-avia-related-tooltip='Compartir en Twitter' rel=\"noopener\"><span class='avia_hidden_link_text'>Compartir en Twitter<\/span><\/a><\/li><li class='av-share-link av-social-link-whatsapp' ><a target=\"_blank\" aria-label=\"Compartir en Whatsapp\" href='https:\/\/api.whatsapp.com\/send?text=https:\/\/radiorevelacionfm.cl\/?p=25431' aria-hidden='false' data-av_icon='\uf232' data-av_iconfont='entypo-fontello' title='' data-avia-related-tooltip='Compartir en Whatsapp' rel=\"noopener\"><span class='avia_hidden_link_text'>Compartir en Whatsapp<\/span><\/a><\/li><li class='av-share-link av-social-link-linkedin' ><a target=\"_blank\" aria-label=\"Compartir en LinkedIn\" href='https:\/\/linkedin.com\/shareArticle?mini=true&#038;title=Inauguran%20nuevas%20oficinas%20de%20la%20Corporaci%C3%B3n%20de%20Asistencia%20Judicial%20en%20Puerto%20Ays%C3%A9n&#038;url=https:\/\/radiorevelacionfm.cl\/?p=25431' aria-hidden='false' data-av_icon='\ue8fc' data-av_iconfont='entypo-fontello' title='' data-avia-related-tooltip='Compartir en LinkedIn' rel=\"noopener\"><span class='avia_hidden_link_text'>Compartir en LinkedIn<\/span><\/a><\/li><li class='av-share-link av-social-link-mail' ><a  aria-label=\"Compartir por correo\" href='mailto:?subject=Inauguran%20nuevas%20oficinas%20de%20la%20Corporaci%C3%B3n%20de%20Asistencia%20Judicial%20en%20Puerto%20Ays%C3%A9n&#038;body=https:\/\/radiorevelacionfm.cl\/?p=25431' aria-hidden='false' data-av_icon='\ue805' data-av_iconfont='entypo-fontello' title='' data-avia-related-tooltip='Compartir por correo'><span class='avia_hidden_link_text'>Compartir por correo<\/span><\/a><\/li><\/ul><\/div><\/div>\n<div  style='height:50px' class='hr hr-invisible   avia-builder-el-8  el_after_av_social_share  el_before_av_comments_list '><span class='hr-inner ' ><span class='hr-inner-style'><\/span><\/span><\/div>\n<div  class='av-buildercomment  av-blog-meta-html-info-disabled av-blog-meta-tag-disabled  '><\/div>\n","protected":false},"excerpt":{"rendered":"","protected":false},"author":1,"featured_media":25432,"comment_status":"open","ping_status":"open","sticky":false,"template":"","format":"standard","meta":{"footnotes":""},"categories":[55],"tags":[],"class_list":["post-25431","post","type-post","status-publish","format-standard","has-post-thumbnail","hentry","category-justicia"],"jetpack_featured_media_url":"https:\/\/radiorevelacionfm.cl\/wp-content\/uploads\/2022\/12\/caj-aysen-2-1_optimized-1.jpg","_links":{"self":[{"href":"https:\/\/radiorevelacionfm.cl\/index.php?rest_route=\/wp\/v2\/posts\/25431","targetHints":{"allow":["GET"]}}],"collection":[{"href":"https:\/\/radiorevelacionfm.cl\/index.php?rest_route=\/wp\/v2\/posts"}],"about":[{"href":"https:\/\/radiorevelacionfm.cl\/index.php?rest_route=\/wp\/v2\/types\/post"}],"author":[{"embeddable":true,"href":"https:\/\/radiorevelacionfm.cl\/index.php?rest_route=\/wp\/v2\/users\/1"}],"replies":[{"embeddable":true,"href":"https:\/\/radiorevelacionfm.cl\/index.php?rest_route=%2Fwp%2Fv2%2Fcomments&post=25431"}],"version-history":[{"count":2,"href":"https:\/\/radiorevelacionfm.cl\/index.php?rest_route=\/wp\/v2\/posts\/25431\/revisions"}],"predecessor-version":[{"id":25459,"href":"https:\/\/radiorevelacionfm.cl\/index.php?rest_route=\/wp\/v2\/posts\/25431\/revisions\/25459"}],"wp:featuredmedia":[{"embeddable":true,"href":"https:\/\/radiorevelacionfm.cl\/index.php?rest_route=\/wp\/v2\/media\/25432"}],"wp:attachment":[{"href":"https:\/\/radiorevelacionfm.cl\/index.php?rest_route=%2Fwp%2Fv2%2Fmedia&parent=25431"}],"wp:term":[{"taxonomy":"category","embeddable":true,"href":"https:\/\/radiorevelacionfm.cl\/index.php?rest_route=%2Fwp%2Fv2%2Fcategories&post=25431"},{"taxonomy":"post_tag","embeddable":true,"href":"https:\/\/radiorevelacionfm.cl\/index.php?rest_route=%2Fwp%2Fv2%2Ftags&post=25431"}],"curies":[{"name":"wp","href":"https:\/\/api.w.org\/{rel}","templated":true}]}}