{"id":25428,"date":"2022-12-15T16:45:47","date_gmt":"2022-12-15T19:45:47","guid":{"rendered":"https:\/\/radiorevelacionfm.cl\/?p=25428"},"modified":"2022-12-15T16:51:08","modified_gmt":"2022-12-15T19:51:08","slug":"juzgado-de-puerto-cisnes-retoma-itinerancias-presenciales-con-visita-a-la-localidad-de-la-junta","status":"publish","type":"post","link":"https:\/\/radiorevelacionfm.cl\/?p=25428","title":{"rendered":"Juzgado de Puerto Cisnes retoma itinerancias presenciales con visita a la localidad de La Junta"},"content":{"rendered":"<div class=\"flex_column av_one_full  flex_column_div av-zero-column-padding first  avia-builder-el-0  el_before_av_one_full  avia-builder-el-first  \" style='border-radius:0px; '><div  class='avia-image-container  av-styling-    avia-builder-el-1  avia-builder-el-no-sibling  avia-align-center '  itemprop=\"image\" itemscope=\"itemscope\" itemtype=\"https:\/\/schema.org\/ImageObject\"  ><div class='avia-image-container-inner'><div class='avia-image-overlay-wrap'><img decoding=\"async\" class='wp-image-25429 avia-img-lazy-loading-not-25429 avia_image' src=\"https:\/\/radiorevelacionfm.cl\/wp-content\/uploads\/2022\/12\/foto-1-itinerancia-1_optimized.jpg\" alt='' title='foto-1-itinerancia-(1)_optimized' height=\"600\" width=\"1299\"  itemprop=\"thumbnailUrl\" srcset=\"https:\/\/radiorevelacionfm.cl\/wp-content\/uploads\/2022\/12\/foto-1-itinerancia-1_optimized.jpg 1299w, https:\/\/radiorevelacionfm.cl\/wp-content\/uploads\/2022\/12\/foto-1-itinerancia-1_optimized-300x139.jpg 300w, https:\/\/radiorevelacionfm.cl\/wp-content\/uploads\/2022\/12\/foto-1-itinerancia-1_optimized-1030x476.jpg 1030w, https:\/\/radiorevelacionfm.cl\/wp-content\/uploads\/2022\/12\/foto-1-itinerancia-1_optimized-768x355.jpg 768w, https:\/\/radiorevelacionfm.cl\/wp-content\/uploads\/2022\/12\/foto-1-itinerancia-1_optimized-705x326.jpg 705w, https:\/\/radiorevelacionfm.cl\/wp-content\/uploads\/2022\/12\/foto-1-itinerancia-1_optimized-600x277.jpg 600w\" sizes=\"(max-width: 1299px) 100vw, 1299px\" \/><\/div><\/div><\/div><\/div>\n<div class=\"flex_column av_one_full  flex_column_div av-zero-column-padding first  avia-builder-el-2  el_after_av_one_full  el_before_av_one_full  column-top-margin\" style='border-radius:0px; '><section class=\"av_textblock_section \"  itemscope=\"itemscope\" itemtype=\"https:\/\/schema.org\/BlogPosting\" itemprop=\"blogPost\" ><div class='avia_textblock  '   itemprop=\"text\" ><p style=\"text-align: center;\"><strong><span style=\"font-size: 18pt;\">Juzgado de Puerto Cisnes retoma itinerancias presenciales con visita a la localidad de La Junta<\/span><\/strong><\/p>\n<div id=\"gtx-trans\" style=\"position: absolute; left: -50px; top: 4.31534px;\">\n<div class=\"gtx-trans-icon\"><\/div>\n<\/div>\n<\/div><\/section><\/div>\n<div class=\"flex_column av_one_full  flex_column_div av-zero-column-padding first  avia-builder-el-4  el_after_av_one_full  el_before_av_hr  column-top-margin\" style='border-radius:0px; '><section class=\"av_textblock_section \"  itemscope=\"itemscope\" itemtype=\"https:\/\/schema.org\/BlogPosting\" itemprop=\"blogPost\" ><div class='avia_textblock  '   itemprop=\"text\" ><p class=\"v1MsoNormal\" style=\"text-align: justify;\">Durante el lunes 12 y martes 13 de diciembre, el Juzgado de Letras, Garant\u00eda y Familia de Puerto Cisnes se constituy\u00f3 en la localidad de La Junta, en la zona norte de Ays\u00e9n, para retomar presencialmente los requerimientos de la comunidad en materia de justicia.<\/p>\n<p class=\"v1MsoNormal\" style=\"text-align: justify;\">La instancia fue encabezada por el magistrado Fernando Acu\u00f1a Guti\u00e9rrez, quien junto a los funcionarios Mauricio Garrido Campos y Marco Antonio Robles Molina, desarrollaron diversas diligencias en materia de familia, que consistieron en revisi\u00f3n de medidas de protecci\u00f3n a menores, entrevistas reservadas, etc.<\/p>\n<p class=\"v1MsoNormal\" style=\"text-align: justify;\">Respecto a las actividades llevadas a cabo, el juez sostuvo que: \u00abHemos hecho diversas coordinaciones para mejorar el trabajo intersectorial tanto en el \u00e1mbito de educaci\u00f3n, salud y servicios comunitarios, de manera que se faciliten los servicios para los habitantes de esta zona. Como Poder Judicial estamos a su servicio y para ello debemos hacer todos los esfuerzos necesarios para que sientan que somos un aporte en la resoluci\u00f3n de conflictos y la paz social y por ende un poder del Estado m\u00e1s cercano\u00bb.<\/p>\n<p class=\"v1MsoNormal\" style=\"text-align: justify;\">En la itinerancia, adem\u00e1s, la delegaci\u00f3n judicial sostuvo reuniones con representantes de la delegaci\u00f3n municipal para plantear problem\u00e1ticas respecto a conectividad digital para los habitantes de este territorio, en referencia a habilitar un lugar con internet para efectuar la toma de declaraciones v\u00eda telem\u00e1tica y evitar el desplazamiento hasta la comuna de Cisnes.<\/p>\n<p class=\"v1MsoNormal\" style=\"text-align: justify;\">En la instancia, tambi\u00e9n se realizaron coordinaciones con el Departamento Social de dicha entidad para la elaboraci\u00f3n de informes sociales en causas de relaci\u00f3n directa y regular y alimentos.<\/p>\n<p class=\"v1MsoNormal\" style=\"text-align: justify;\">De igual manera, el juez Acu\u00f1a se reuni\u00f3 con funcionarios de la Tenencia de Carabineros de La Junta, para determinar las problem\u00e1ticas respecto a conectividad con localidades ale\u00f1adas, en especial en cuanto a notificaciones judiciales y tambi\u00e9n para verificar la actual infraestructura en las que permanecen los detenidos previa audiencia de control de detenci\u00f3n.<\/p>\n<p class=\"v1MsoNormal\" style=\"text-align: justify;\">En materia de denuncias por medidas de protecci\u00f3n a ni\u00f1os, ni\u00f1as y adolescentes, el magistrado visit\u00f3 las instalaciones de la Escuela Eusebio Ibar de la localidad, para coordinar instancias donde existan casos que no necesitan ser judicializados y puedan ser resueltos a trav\u00e9s del protocolo de convivencia escolar, entre otras materias.<\/p>\n<p class=\"v1MsoNormal\" style=\"text-align: justify;\">En este contexto, tambi\u00e9n se realiz\u00f3 un encuentro con autoridades del Cesfam para conocer de las atenciones de salud que se llev\u00e1n a cabo a personas vulnerables y dar a conocer procedimientos por denuncia en casos de medidas de protecci\u00f3n y sobre malos tratos a personas adultas.<\/p>\n<p class=\"v1MsoNormal\" style=\"text-align: justify;\">El d\u00eda martes la jornada culmin\u00f3 con una extensa entrevista en Radio Serran\u00eda de la Junta, instancia donde el magistrado Fernando Acu\u00f1a coment\u00f3 los objetivos de la visita y respondi\u00f3 dudas y consultas respecto al trabajo judicial, y tambi\u00e9n plante\u00f3 las diversas necesidades que aquejan a este territorio con el fin de mejorar el servicio de administraci\u00f3n de justicia en la zona norte de Ays\u00e9n.<\/p>\n<\/div><\/section><\/div><div  style='height:50px' class='hr hr-invisible   avia-builder-el-6  el_after_av_one_full  el_before_av_social_share '><span class='hr-inner ' ><span class='hr-inner-style'><\/span><\/span><\/div><\/p>\n<div  class='av-social-sharing-box  avia-builder-el-7  el_after_av_hr  el_before_av_hr  '><div class='av-share-box'><h5 class='av-share-link-description av-no-toc '>Compartir esta noticia<\/h5><ul class='av-share-box-list noLightbox'><li class='av-share-link av-social-link-facebook' ><a target=\"_blank\" aria-label=\"Compartir en Facebook\" href='https:\/\/www.facebook.com\/sharer.php?u=https:\/\/radiorevelacionfm.cl\/?p=25428&#038;t=Juzgado%20de%20Puerto%20Cisnes%20retoma%20itinerancias%20presenciales%20con%20visita%20a%20la%20localidad%20de%20La%20Junta' aria-hidden='false' data-av_icon='\ue8f3' data-av_iconfont='entypo-fontello' title='' data-avia-related-tooltip='Compartir en Facebook' rel=\"noopener\"><span class='avia_hidden_link_text'>Compartir en Facebook<\/span><\/a><\/li><li class='av-share-link av-social-link-twitter' ><a target=\"_blank\" aria-label=\"Compartir en Twitter\" href='https:\/\/twitter.com\/share?text=Juzgado%20de%20Puerto%20Cisnes%20retoma%20itinerancias%20presenciales%20con%20visita%20a%20la%20localidad%20de%20La%20Junta&#038;url=https:\/\/radiorevelacionfm.cl\/?p=25428' aria-hidden='false' data-av_icon='\ue8f1' data-av_iconfont='entypo-fontello' title='' data-avia-related-tooltip='Compartir en Twitter' rel=\"noopener\"><span class='avia_hidden_link_text'>Compartir en Twitter<\/span><\/a><\/li><li class='av-share-link av-social-link-whatsapp' ><a target=\"_blank\" aria-label=\"Compartir en Whatsapp\" href='https:\/\/api.whatsapp.com\/send?text=https:\/\/radiorevelacionfm.cl\/?p=25428' aria-hidden='false' data-av_icon='\uf232' data-av_iconfont='entypo-fontello' title='' data-avia-related-tooltip='Compartir en Whatsapp' rel=\"noopener\"><span class='avia_hidden_link_text'>Compartir en Whatsapp<\/span><\/a><\/li><li class='av-share-link av-social-link-linkedin' ><a target=\"_blank\" aria-label=\"Compartir en LinkedIn\" href='https:\/\/linkedin.com\/shareArticle?mini=true&#038;title=Juzgado%20de%20Puerto%20Cisnes%20retoma%20itinerancias%20presenciales%20con%20visita%20a%20la%20localidad%20de%20La%20Junta&#038;url=https:\/\/radiorevelacionfm.cl\/?p=25428' aria-hidden='false' data-av_icon='\ue8fc' data-av_iconfont='entypo-fontello' title='' data-avia-related-tooltip='Compartir en LinkedIn' rel=\"noopener\"><span class='avia_hidden_link_text'>Compartir en LinkedIn<\/span><\/a><\/li><li class='av-share-link av-social-link-mail' ><a  aria-label=\"Compartir por correo\" href='mailto:?subject=Juzgado%20de%20Puerto%20Cisnes%20retoma%20itinerancias%20presenciales%20con%20visita%20a%20la%20localidad%20de%20La%20Junta&#038;body=https:\/\/radiorevelacionfm.cl\/?p=25428' aria-hidden='false' data-av_icon='\ue805' data-av_iconfont='entypo-fontello' title='' data-avia-related-tooltip='Compartir por correo'><span class='avia_hidden_link_text'>Compartir por correo<\/span><\/a><\/li><\/ul><\/div><\/div>\n<div  style='height:50px' class='hr hr-invisible   avia-builder-el-8  el_after_av_social_share  el_before_av_comments_list '><span class='hr-inner ' ><span class='hr-inner-style'><\/span><\/span><\/div>\n<div  class='av-buildercomment  av-blog-meta-html-info-disabled av-blog-meta-tag-disabled  '><\/div>\n","protected":false},"excerpt":{"rendered":"","protected":false},"author":1,"featured_media":25429,"comment_status":"open","ping_status":"open","sticky":false,"template":"","format":"standard","meta":{"footnotes":""},"categories":[55],"tags":[],"class_list":["post-25428","post","type-post","status-publish","format-standard","has-post-thumbnail","hentry","category-justicia"],"jetpack_featured_media_url":"https:\/\/radiorevelacionfm.cl\/wp-content\/uploads\/2022\/12\/foto-1-itinerancia-1_optimized.jpg","_links":{"self":[{"href":"https:\/\/radiorevelacionfm.cl\/index.php?rest_route=\/wp\/v2\/posts\/25428","targetHints":{"allow":["GET"]}}],"collection":[{"href":"https:\/\/radiorevelacionfm.cl\/index.php?rest_route=\/wp\/v2\/posts"}],"about":[{"href":"https:\/\/radiorevelacionfm.cl\/index.php?rest_route=\/wp\/v2\/types\/post"}],"author":[{"embeddable":true,"href":"https:\/\/radiorevelacionfm.cl\/index.php?rest_route=\/wp\/v2\/users\/1"}],"replies":[{"embeddable":true,"href":"https:\/\/radiorevelacionfm.cl\/index.php?rest_route=%2Fwp%2Fv2%2Fcomments&post=25428"}],"version-history":[{"count":3,"href":"https:\/\/radiorevelacionfm.cl\/index.php?rest_route=\/wp\/v2\/posts\/25428\/revisions"}],"predecessor-version":[{"id":25437,"href":"https:\/\/radiorevelacionfm.cl\/index.php?rest_route=\/wp\/v2\/posts\/25428\/revisions\/25437"}],"wp:featuredmedia":[{"embeddable":true,"href":"https:\/\/radiorevelacionfm.cl\/index.php?rest_route=\/wp\/v2\/media\/25429"}],"wp:attachment":[{"href":"https:\/\/radiorevelacionfm.cl\/index.php?rest_route=%2Fwp%2Fv2%2Fmedia&parent=25428"}],"wp:term":[{"taxonomy":"category","embeddable":true,"href":"https:\/\/radiorevelacionfm.cl\/index.php?rest_route=%2Fwp%2Fv2%2Fcategories&post=25428"},{"taxonomy":"post_tag","embeddable":true,"href":"https:\/\/radiorevelacionfm.cl\/index.php?rest_route=%2Fwp%2Fv2%2Ftags&post=25428"}],"curies":[{"name":"wp","href":"https:\/\/api.w.org\/{rel}","templated":true}]}}