{"id":25423,"date":"2022-12-15T16:16:29","date_gmt":"2022-12-15T19:16:29","guid":{"rendered":"https:\/\/radiorevelacionfm.cl\/?p=25423"},"modified":"2022-12-15T16:16:29","modified_gmt":"2022-12-15T19:16:29","slug":"carabineros-saca-de-circulacion-a-tres-sujetos-con-ordenes-judiciales-pendiente-dos-de-ellos-suman-27-detenciones","status":"publish","type":"post","link":"https:\/\/radiorevelacionfm.cl\/?p=25423","title":{"rendered":"Carabineros saca de circulaci\u00f3n a tres sujetos con \u00f3rdenes judiciales pendiente: dos de ellos suman 27 detenciones"},"content":{"rendered":"<div class=\"flex_column av_one_full  flex_column_div av-zero-column-padding first  avia-builder-el-0  el_before_av_one_full  avia-builder-el-first  \" style='border-radius:0px; '><div  class='avia-image-container  av-styling-    avia-builder-el-1  avia-builder-el-no-sibling  avia-align-center '  itemprop=\"image\" itemscope=\"itemscope\" itemtype=\"https:\/\/schema.org\/ImageObject\"  ><div class='avia-image-container-inner'><div class='avia-image-overlay-wrap'><img decoding=\"async\" class='wp-image-25425 avia-img-lazy-loading-not-25425 avia_image' src=\"https:\/\/radiorevelacionfm.cl\/wp-content\/uploads\/2022\/12\/carabineros-3-1_optimized.jpg\" alt='' title='carabineros-(3)-(1)_optimized' height=\"600\" width=\"818\"  itemprop=\"thumbnailUrl\" srcset=\"https:\/\/radiorevelacionfm.cl\/wp-content\/uploads\/2022\/12\/carabineros-3-1_optimized.jpg 818w, https:\/\/radiorevelacionfm.cl\/wp-content\/uploads\/2022\/12\/carabineros-3-1_optimized-300x220.jpg 300w, https:\/\/radiorevelacionfm.cl\/wp-content\/uploads\/2022\/12\/carabineros-3-1_optimized-768x563.jpg 768w, https:\/\/radiorevelacionfm.cl\/wp-content\/uploads\/2022\/12\/carabineros-3-1_optimized-705x517.jpg 705w, https:\/\/radiorevelacionfm.cl\/wp-content\/uploads\/2022\/12\/carabineros-3-1_optimized-600x440.jpg 600w\" sizes=\"(max-width: 818px) 100vw, 818px\" \/><\/div><\/div><\/div><\/div><div class=\"flex_column av_one_full  flex_column_div av-zero-column-padding first  avia-builder-el-2  el_after_av_one_full  el_before_av_one_full  column-top-margin\" style='border-radius:0px; '><section class=\"av_textblock_section \"  itemscope=\"itemscope\" itemtype=\"https:\/\/schema.org\/BlogPosting\" itemprop=\"blogPost\" ><div class='avia_textblock  '   itemprop=\"text\" ><p style=\"text-align: center;\"><span style=\"font-size: 18pt;\"><b><span lang=\"ES\">Carabineros saca de circulaci\u00f3n a tres sujetos con \u00f3rdenes judiciales pendiente: dos de ellos suman 27 detenciones<\/span><\/b><\/span><\/p>\n<div id=\"gtx-trans\" style=\"position: absolute; left: -50px; top: 4.31534px;\">\n<div class=\"gtx-trans-icon\"><\/div>\n<\/div>\n<\/div><\/section><\/div><div class=\"flex_column av_one_full  flex_column_div av-zero-column-padding first  avia-builder-el-4  el_after_av_one_full  el_before_av_hr  column-top-margin\" style='border-radius:0px; '><section class=\"av_textblock_section \"  itemscope=\"itemscope\" itemtype=\"https:\/\/schema.org\/BlogPosting\" itemprop=\"blogPost\" ><div class='avia_textblock  '   itemprop=\"text\" ><p class=\"v1MsoNormal\" style=\"text-align: justify;\"><span lang=\"ES\">El Jefe de Zona Ays\u00e9n, General Patricio Javier Santos Poblete indic\u00f3 que dos de estos hechos se desarrollan en el contexto de ingesta alcoh\u00f3lica, situaci\u00f3n que pudo ser detectada a tiempo a trav\u00e9s del control, previniendo con ello la ocurrencia de otros delitos.<\/span><\/p>\n<p class=\"v1MsoNormal\" style=\"text-align: justify;\"><span lang=\"ES\">El Oficial General llam\u00f3 a la familia a no abandonar su rol en el proceso formativo de los j\u00f3venes a trav\u00e9s de la entrega de valores, permitiendo su integraci\u00f3n de manera constructiva a la sociedad.<\/span><\/p>\n<p class=\"v1MsoNormal\" style=\"text-align: justify;\"><span lang=\"ES\">A diario Carabineros desarrolla m\u00faltiples patrullajes, servicios focalizados sobre la base de la georreferenciaci\u00f3n de los delitos en virtud de las denuncias y antecedentes aportados por la comunidad, con la finalidad de prevenir transgresiones a las disposiciones legales vigentes, actuar en flagrancia y materializar detenciones de aquellas personas que mantengan \u00f3rdenes judiciales pendientes.<\/span><\/p>\n<p class=\"v1MsoNormal\" style=\"text-align: justify;\"><span lang=\"ES\">En uno de los hechos, Carabineros de dotaci\u00f3n de la 5ta. Comisar\u00eda de Control del Orden P\u00fablico (COP) control\u00f3 a un grupo de individuos, quienes se encontraban ingiriendo alcohol en la v\u00eda p\u00fablica en la intersecci\u00f3n de las calles Simpson con Ca\u00f1ete en la ciudad de Coyhaique, pudiendo detectar \u2013tras la verificaci\u00f3n de antecedentes- que uno de estos manten\u00eda una orden de aprehensi\u00f3n vigente emanada del Juzgado de Garant\u00eda de esta ciudad por infracci\u00f3n al Art 64 de la Ley Org\u00e1nica del Banco Central, sobre falsificaci\u00f3n de billetes.<\/span><\/p>\n<p class=\"v1MsoNormal\" style=\"text-align: justify;\"><span lang=\"ES\">El sujeto registra 13 detenciones previas por diferentes delitos, antecedentes que fueron puestos en conocimiento de la Fiscal\u00eda.<\/span><\/p>\n<p class=\"v1MsoNormal\" style=\"text-align: justify;\"><span lang=\"ES\">Paralelamente, Carabineros infraccion\u00f3 a ocho individuos por ingesta de alcohol en la v\u00eda p\u00fablica, situaci\u00f3n que por ley se encuentra prohibida.<\/span><\/p>\n<p class=\"v1MsoNormal\" style=\"text-align: justify;\"><b><span lang=\"ES\">Testigo con orden pendiente<\/span><\/b><\/p>\n<p class=\"v1MsoNormal\" style=\"text-align: justify;\"><span lang=\"ES\">En otro hecho, Carabineros concurri\u00f3 al servicio de urgencia del hospital regional de Coyhaique tras el ingreso de una persona lesionada por arma blanca.<\/span><\/p>\n<p class=\"v1MsoNormal\" style=\"text-align: justify;\"><span lang=\"ES\">Tras verificar que momentos antes junto a otros sujetos inger\u00edan bebidas alcoh\u00f3licas, un desconocido ingres\u00f3 al inmueble agrediendo a la v\u00edctima con un elemento cortopunzante, para acto seguido huir del lugar.<\/span><\/p>\n<p class=\"v1MsoNormal\" style=\"text-align: justify;\"><span lang=\"ES\">Tras consultar los antecedentes, Carabineros se percat\u00f3 que uno de los sujetos manten\u00eda una orden de detenci\u00f3n pendiente por conducci\u00f3n en estado de ebriedad, siendo detenido y puesto a disposici\u00f3n de los tribunales competentes.<\/span><\/p>\n<p class=\"v1MsoNormal\" style=\"text-align: justify;\"><span lang=\"ES\">Frente a ambos hechos, el Jefe de la XI Zona de Carabineros Ays\u00e9n, General Patricio Javier Santos Poblete, indic\u00f3 que acciones como la anteriormente descrita, pudo ser detectada a tiempo a trav\u00e9s del control, previniendo con ello la ocurrencia de otros delitos.<\/span><\/p>\n<p class=\"v1MsoNormal\" style=\"text-align: justify;\"><span lang=\"ES\">\u00abEn tal sentido, la denuncia oportuna por parte de nuestros vecinos, sumado al trabajo coordinado con las autoridades y la comunidad, permiti\u00f3 actuar en hechos que presentan como constante el consumo de alcohol. Carabineros previene controlando. Como sociedad, resulta fundamental actuar en el ex-ante, intervenir a trav\u00e9s del control informal. En tal sentido, la familia no debe abandonar su rol en el proceso formativo de los j\u00f3venes a trav\u00e9s de la entrega de valores y el cumplimientos de reglas en el hogar, no claudicar en la educaci\u00f3n de estos para que en un futuro pr\u00f3ximo se integren de manera constructiva a la sociedad y evitar as\u00ed que caigan en rutinas delictuales. Los carabineros actuamos en el control formal, es decir, cuando el control informal que le compete a las familias y grupos de referencia no logr\u00f3 modelar el proceso de socializaci\u00f3n de los j\u00f3venes\u00bb, reflexion\u00f3 el Oficial General.<\/span><\/p>\n<p class=\"v1MsoNormal\" style=\"text-align: justify;\"><b><span lang=\"ES\">14 detenciones<\/span><\/b><\/p>\n<p class=\"v1MsoNormal\" style=\"text-align: justify;\"><span lang=\"ES\">En este mismo \u00e1mbito, un patrullaje a pie efectuado por parte de personal de dotaci\u00f3n de la 5ta. Comisar\u00eda COP -quienes a diario contribuyen y brindan apoyo a la 1ra. Comisar\u00eda de Coyhaique y 2da. Comisar\u00eda de Puerto Ays\u00e9n en el resguardo de la seguridad en el sector central y \u00e1rea comercial- quienes al efectuar la fiscalizaci\u00f3n de un sujeto, pudieron advertir que este manten\u00eda una orden de detenci\u00f3n vigente.<\/span><\/p>\n<p class=\"v1MsoNormal\" style=\"text-align: justify;\"><span lang=\"ES\">El sujeto posee 14 detenciones previas por diferentes delitos, entre estos: robo en bienes nacionales de uso p\u00fablico, desacato, infracci\u00f3n a normas higi\u00e9nicas y de salubridad, robo en lugar no habitado, da\u00f1os simples, hurto simple, robo de veh\u00edculo motorizado y microtr\u00e1fico, antecedentes que fueron puestos en conocimientos de la Fiscal\u00eda.<\/span><\/p>\n<p style=\"text-align: justify;\"><span lang=\"ES\">Frente a lo anterior el General Santos, indic\u00f3 que Carabineros continuar\u00e1 controlando donde la evidencia lo determine y donde la comunidad lo demande, generando flujos din\u00e1micos de patrullajes en distintos sectores, marcando presencia, previendo y brindando seguridad a la comunidad.<\/span><\/p>\n<\/div><\/section><\/div><div  style='height:50px' class='hr hr-invisible   avia-builder-el-6  el_after_av_one_full  el_before_av_social_share '><span class='hr-inner ' ><span class='hr-inner-style'><\/span><\/span><\/div><\/p>\n<div  class='av-social-sharing-box  avia-builder-el-7  el_after_av_hr  el_before_av_hr  '><div class='av-share-box'><h5 class='av-share-link-description av-no-toc '>Compartir esta noticia<\/h5><ul class='av-share-box-list noLightbox'><li class='av-share-link av-social-link-facebook' ><a target=\"_blank\" aria-label=\"Compartir en Facebook\" href='https:\/\/www.facebook.com\/sharer.php?u=https:\/\/radiorevelacionfm.cl\/?p=25423&#038;t=Carabineros%20saca%20de%20circulaci%C3%B3n%20a%20tres%20sujetos%20con%20%C3%B3rdenes%20judiciales%20pendiente%3A%20dos%20de%20ellos%20suman%2027%20detenciones' aria-hidden='false' data-av_icon='\ue8f3' data-av_iconfont='entypo-fontello' title='' data-avia-related-tooltip='Compartir en Facebook' rel=\"noopener\"><span class='avia_hidden_link_text'>Compartir en Facebook<\/span><\/a><\/li><li class='av-share-link av-social-link-twitter' ><a target=\"_blank\" aria-label=\"Compartir en Twitter\" href='https:\/\/twitter.com\/share?text=Carabineros%20saca%20de%20circulaci%C3%B3n%20a%20tres%20sujetos%20con%20%C3%B3rdenes%20judiciales%20pendiente%3A%20dos%20de%20ellos%20suman%2027%20detenciones&#038;url=https:\/\/radiorevelacionfm.cl\/?p=25423' aria-hidden='false' data-av_icon='\ue8f1' data-av_iconfont='entypo-fontello' title='' data-avia-related-tooltip='Compartir en Twitter' rel=\"noopener\"><span class='avia_hidden_link_text'>Compartir en Twitter<\/span><\/a><\/li><li class='av-share-link av-social-link-whatsapp' ><a target=\"_blank\" aria-label=\"Compartir en Whatsapp\" href='https:\/\/api.whatsapp.com\/send?text=https:\/\/radiorevelacionfm.cl\/?p=25423' aria-hidden='false' data-av_icon='\uf232' data-av_iconfont='entypo-fontello' title='' data-avia-related-tooltip='Compartir en Whatsapp' rel=\"noopener\"><span class='avia_hidden_link_text'>Compartir en Whatsapp<\/span><\/a><\/li><li class='av-share-link av-social-link-linkedin' ><a target=\"_blank\" aria-label=\"Compartir en LinkedIn\" href='https:\/\/linkedin.com\/shareArticle?mini=true&#038;title=Carabineros%20saca%20de%20circulaci%C3%B3n%20a%20tres%20sujetos%20con%20%C3%B3rdenes%20judiciales%20pendiente%3A%20dos%20de%20ellos%20suman%2027%20detenciones&#038;url=https:\/\/radiorevelacionfm.cl\/?p=25423' aria-hidden='false' data-av_icon='\ue8fc' data-av_iconfont='entypo-fontello' title='' data-avia-related-tooltip='Compartir en LinkedIn' rel=\"noopener\"><span class='avia_hidden_link_text'>Compartir en LinkedIn<\/span><\/a><\/li><li class='av-share-link av-social-link-mail' ><a  aria-label=\"Compartir por correo\" href='mailto:?subject=Carabineros%20saca%20de%20circulaci%C3%B3n%20a%20tres%20sujetos%20con%20%C3%B3rdenes%20judiciales%20pendiente%3A%20dos%20de%20ellos%20suman%2027%20detenciones&#038;body=https:\/\/radiorevelacionfm.cl\/?p=25423' aria-hidden='false' data-av_icon='\ue805' data-av_iconfont='entypo-fontello' title='' data-avia-related-tooltip='Compartir por correo'><span class='avia_hidden_link_text'>Compartir por correo<\/span><\/a><\/li><\/ul><\/div><\/div>\n<div  style='height:50px' class='hr hr-invisible   avia-builder-el-8  el_after_av_social_share  el_before_av_comments_list '><span class='hr-inner ' ><span class='hr-inner-style'><\/span><\/span><\/div>\n<div  class='av-buildercomment  av-blog-meta-html-info-disabled av-blog-meta-tag-disabled  '><\/div>\n","protected":false},"excerpt":{"rendered":"","protected":false},"author":1,"featured_media":25425,"comment_status":"open","ping_status":"open","sticky":false,"template":"","format":"standard","meta":{"footnotes":""},"categories":[36],"tags":[],"class_list":["post-25423","post","type-post","status-publish","format-standard","has-post-thumbnail","hentry","category-policial"],"jetpack_featured_media_url":"https:\/\/radiorevelacionfm.cl\/wp-content\/uploads\/2022\/12\/carabineros-3-1_optimized.jpg","_links":{"self":[{"href":"https:\/\/radiorevelacionfm.cl\/index.php?rest_route=\/wp\/v2\/posts\/25423","targetHints":{"allow":["GET"]}}],"collection":[{"href":"https:\/\/radiorevelacionfm.cl\/index.php?rest_route=\/wp\/v2\/posts"}],"about":[{"href":"https:\/\/radiorevelacionfm.cl\/index.php?rest_route=\/wp\/v2\/types\/post"}],"author":[{"embeddable":true,"href":"https:\/\/radiorevelacionfm.cl\/index.php?rest_route=\/wp\/v2\/users\/1"}],"replies":[{"embeddable":true,"href":"https:\/\/radiorevelacionfm.cl\/index.php?rest_route=%2Fwp%2Fv2%2Fcomments&post=25423"}],"version-history":[{"count":2,"href":"https:\/\/radiorevelacionfm.cl\/index.php?rest_route=\/wp\/v2\/posts\/25423\/revisions"}],"predecessor-version":[{"id":25427,"href":"https:\/\/radiorevelacionfm.cl\/index.php?rest_route=\/wp\/v2\/posts\/25423\/revisions\/25427"}],"wp:featuredmedia":[{"embeddable":true,"href":"https:\/\/radiorevelacionfm.cl\/index.php?rest_route=\/wp\/v2\/media\/25425"}],"wp:attachment":[{"href":"https:\/\/radiorevelacionfm.cl\/index.php?rest_route=%2Fwp%2Fv2%2Fmedia&parent=25423"}],"wp:term":[{"taxonomy":"category","embeddable":true,"href":"https:\/\/radiorevelacionfm.cl\/index.php?rest_route=%2Fwp%2Fv2%2Fcategories&post=25423"},{"taxonomy":"post_tag","embeddable":true,"href":"https:\/\/radiorevelacionfm.cl\/index.php?rest_route=%2Fwp%2Fv2%2Ftags&post=25423"}],"curies":[{"name":"wp","href":"https:\/\/api.w.org\/{rel}","templated":true}]}}