{"id":25414,"date":"2022-12-15T15:04:10","date_gmt":"2022-12-15T18:04:10","guid":{"rendered":"https:\/\/radiorevelacionfm.cl\/?p=25414"},"modified":"2022-12-15T15:04:10","modified_gmt":"2022-12-15T18:04:10","slug":"iniciativa-de-escuela-litoral-austral-entre-los-10-proyectos-ganadores-de-elige-innovar-en-su-3ra-edicion","status":"publish","type":"post","link":"https:\/\/radiorevelacionfm.cl\/?p=25414","title":{"rendered":"Iniciativa de Escuela Litoral Austral entre los 10 proyectos ganadores de \u201cElige Innovar\u201d en su 3ra edici\u00f3n"},"content":{"rendered":"<div class=\"flex_column av_one_full  flex_column_div av-zero-column-padding first  avia-builder-el-0  el_before_av_one_full  avia-builder-el-first  \" style='border-radius:0px; '><div  class='avia-image-container  av-styling-    avia-builder-el-1  avia-builder-el-no-sibling  avia-align-center '  itemprop=\"image\" itemscope=\"itemscope\" itemtype=\"https:\/\/schema.org\/ImageObject\"  ><div class='avia-image-container-inner'><div class='avia-image-overlay-wrap'><img decoding=\"async\" class='wp-image-25416 avia-img-lazy-loading-not-25416 avia_image' src=\"https:\/\/radiorevelacionfm.cl\/wp-content\/uploads\/2022\/12\/unnamed-12-1-1-2.jpg\" alt='' title='unnamed (12) (1) (1) (2)' height=\"598\" width=\"898\"  itemprop=\"thumbnailUrl\" srcset=\"https:\/\/radiorevelacionfm.cl\/wp-content\/uploads\/2022\/12\/unnamed-12-1-1-2.jpg 898w, https:\/\/radiorevelacionfm.cl\/wp-content\/uploads\/2022\/12\/unnamed-12-1-1-2-300x200.jpg 300w, https:\/\/radiorevelacionfm.cl\/wp-content\/uploads\/2022\/12\/unnamed-12-1-1-2-768x511.jpg 768w, https:\/\/radiorevelacionfm.cl\/wp-content\/uploads\/2022\/12\/unnamed-12-1-1-2-705x469.jpg 705w, https:\/\/radiorevelacionfm.cl\/wp-content\/uploads\/2022\/12\/unnamed-12-1-1-2-600x400.jpg 600w\" sizes=\"(max-width: 898px) 100vw, 898px\" \/><\/div><\/div><\/div><\/div><div class=\"flex_column av_one_full  flex_column_div av-zero-column-padding first  avia-builder-el-2  el_after_av_one_full  el_before_av_one_full  column-top-margin\" style='border-radius:0px; '><section class=\"av_textblock_section \"  itemscope=\"itemscope\" itemtype=\"https:\/\/schema.org\/BlogPosting\" itemprop=\"blogPost\" ><div class='avia_textblock  '   itemprop=\"text\" ><p style=\"text-align: center;\"><strong><span style=\"font-size: 18pt;\">Iniciativa de Escuela Litoral Austral entre los 10 proyectos ganadores de \u201cElige Innovar\u201d en su 3ra edici\u00f3n<\/span><\/strong><\/p>\n<div id=\"gtx-trans\" style=\"position: absolute; left: -50px; top: 4.31534px;\">\n<div class=\"gtx-trans-icon\"><\/div>\n<\/div>\n<\/div><\/section><\/div><div class=\"flex_column av_one_full  flex_column_div av-zero-column-padding first  avia-builder-el-4  el_after_av_one_full  el_before_av_hr  column-top-margin\" style='border-radius:0px; '><section class=\"av_textblock_section \"  itemscope=\"itemscope\" itemtype=\"https:\/\/schema.org\/BlogPosting\" itemprop=\"blogPost\" ><div class='avia_textblock  '   itemprop=\"text\" ><div style=\"text-align: justify;\">Tras semanas de ardua selecci\u00f3n, \u201cElige Innovar, premio a la innovaci\u00f3n docente\u201d \u2013galard\u00f3n impulsado por Elige Educar, daleProfe, Fundaci\u00f3n VTR,\u00a0 Centro de Innovaci\u00f3n Mineduc y que cuenta con el apoyo de Unesco\u2013, dio a conocer los 10 equipos educativos ganadores\u00a0 que est\u00e1n desarrollando proyectos innovadores de manera colaborativa e integral en todo el pa\u00eds.<\/div>\n<p dir=\"ltr\" style=\"text-align: justify;\">Los equipos ganadores, recibir\u00e1n $1.000.000 de pesos para financiar y potenciar su proyecto de innovaci\u00f3n educativa de manos de la organizaci\u00f3n daleProfe, adem\u00e1s de un programa de mentor\u00edas para fortalecer las iniciativas e impulsar su implementaci\u00f3n durante el a\u00f1o 2023.<\/p>\n<p dir=\"ltr\" style=\"text-align: justify;\">Este programa de mentor\u00edas estar\u00e1 a cargo de la Fundaci\u00f3n Edupoiesis y consta de un mes de formaci\u00f3n, que incluye talleres y sesiones personalizadas con seguimiento de un tutor por equipo, cuya finalidad es fortalecer sus conocimientos sobre la innovaci\u00f3n pedag\u00f3gica.<\/p>\n<p dir=\"ltr\" style=\"text-align: justify;\">\u00abQueremos visibilizar aquellas pr\u00e1cticas que son experiencias concretas de la transformaci\u00f3n que es necesaria para los y las estudiantes del siglo XXI porque estas pueden contagiar a muchas m\u00e1s comunidades a innovar, a transformar.\u00a0 La innovaci\u00f3n es un proceso, es contextual, es colaborativo entre estudiantes, docentes,\u00a0comunidades educativas, y es con y para las y los estudiantes. Desde Elige Innovar queremos ampliar la innovaci\u00f3n educativa y qu\u00e9 mejor manera que sea desde la voz de sus expertos que son los docentes y equipos educativos\u00bb, afirm\u00f3 la Coordinadora de Elige Innovar, Fernanda Mansilla.<\/p>\n<p dir=\"ltr\" style=\"text-align: justify;\">Por su parte, el Director del Centro de Innovaci\u00f3n del Mineduc \u2013organizaci\u00f3n gubernamental que este a\u00f1o se sum\u00f3 como organizador e impulsor de Elige Innovar\u2013, Mart\u00edn C\u00e1ceres, destac\u00f3 la importancia de la innovaci\u00f3n docente y el gran trabajo que los equipos educativos realizan hoy en todos los rincones de Chile.<\/p>\n<p>\u201cElige Innovar es parte de una serie de iniciativas que estamos articulando desde el Centro de Innovaci\u00f3n del Ministerio de Educaci\u00f3n para identificar y potenciar el trabajo creativo, colaborativo y profesional que realizan las comunidades educativas para resolver problem\u00e1ticas de su entorno, relacionadas con el aprendizaje integral de las y los estudiantes. Las experiencias que conocimos en este proceso demuestran que es posible abordar los tremendos desaf\u00edos que tenemos desde la perspectiva de la innovaci\u00f3n, y que tenemos mucho que aprender de los mismos equipos de docentes\u201d, recalc\u00f3.<\/p>\n<p dir=\"ltr\" style=\"text-align: justify;\">La ceremonia de premiaci\u00f3n de Elige Innovar se llevar\u00e1 a cabo el 12 de enero donde se entregar\u00e1 el reconocimiento \u201cInnovaci\u00f3n Transformadora\u201d a uno de los equipos finalistas de la categor\u00eda general. Asimismo, se entregar\u00e1 la distinci\u00f3n \u201cImaginaci\u00f3n Digital\u201d a uno de los equipos finalistas de la categor\u00eda digital.<\/p>\n<p dir=\"ltr\"><strong>CATEGOR\u00cdA \u201cIMAGINACI\u00d3N DIGITAL\u201d<\/strong><\/p>\n<p dir=\"ltr\" style=\"text-align: justify;\" role=\"presentation\"><strong>Patagones directo a las estrellas<\/strong><\/p>\n<ul style=\"text-align: justify;\">\n<li dir=\"ltr\" aria-level=\"1\">\n<p dir=\"ltr\" role=\"presentation\">Establecimiento: Escuela Litoral Austral.<\/p>\n<\/li>\n<li dir=\"ltr\" aria-level=\"1\">\n<p dir=\"ltr\" role=\"presentation\">Regi\u00f3n: Regi\u00f3n de Ays\u00e9n (XI)<\/p>\n<\/li>\n<li dir=\"ltr\" aria-level=\"1\">\n<p dir=\"ltr\" role=\"presentation\">Equipo: Marcel Iv\u00e1n Barrientos Opazo, Profesor en educaci\u00f3n General B\u00e1sica; Jessica Fabiola Aravena Bahamonde, Profesor en educaci\u00f3n General B\u00e1sica; Ana M. Rojas \u00c1vila, Profesora de Educaci\u00f3n Diferencial.<\/p>\n<\/li>\n<\/ul>\n<p dir=\"ltr\" style=\"text-align: justify;\">Vivimos en la XI Regio\u0301n, en la ciudad de Puerto Ayse\u0301n, y nuestro mayor problema es que vivimos en una isla geogr\u00e1fica; el acceso no es fa\u0301cil. Esto ha generado por mucho tiempo la premisa de que no se esta\u0301 a la par de otros establecimientos y niveles educativos de otros sectores del pai\u0301s. La Escuela Litoral Austral, siempre ha estado abierta a la innovacio\u0301n y evolucio\u0301n educativa; desde el an\u0303o 2016 se adquirio\u0301 y asumio\u0301 un sello en nuestro proyecto educativo.<\/p>\n<p dir=\"ltr\" style=\"text-align: justify;\">Desde ese momento se comenzo\u0301 a implementar una serie de talleres especi\u0301ficos, acordes a los requerimientos y solicitudes de nuestros estudiantes: Co\u0301mic digital, disen\u0303o 3D, realidad aumentada y disen\u0303o web, donde los alumnos fueron gestores de sus propios aprendizajes. Asi\u0301 nacieron los T.I.E.N.T, Talleres de Innovacio\u0301n y Exploracio\u0301n de Nuevas Tecnologi\u0301as. Esto permiti\u00f3 visibilizar la incorporacio\u0301n de tecnologi\u0301a para generar cambios significativos en el aprendizaje para y por nuestros estudiantes. Esta propuesta ha recibido reconocimientos, posicionamiento y premios nacionales e internacionales, no solo por materia tecnolo\u0301gica o de innovaci\u00f3n, sino tambie\u0301n por ser actividades transversales al ge\u0301nero y edad de los participantes.<\/p>\n<p style=\"text-align: justify;\">El programa se emit\u00eda en directo cada semana, primero a trav\u00e9s de Facebook y luego en su propio canal de YouTube. Los temas eran variados, pero Emilia TV buscaba educar a sus estudiantes en una serie de cuestiones que estaban en la vanguardia de la vida cotidiana, como la identidad de g\u00e9nero y la salud mental. El contenido creado y publicado en Emilia TV fue el resultado de una estrecha colaboraci\u00f3n entre alumnos, profesores, padres y equipos de apoyo formados para ayudar en el proyecto.<\/p>\n<p style=\"text-align: justify;\">Cuando las escuelas volvieron a abrir sus puertas, la Escuela Emilia Lascar descubri\u00f3 que la pandemia hab\u00eda ahogado la autoestima de los alumnos. Para ayudar a revitalizar y motivar a sus alumnos, decidi\u00f3 incorporar Emilia TV en sus clases formales, dando a los estudiantes una forma m\u00e1s vigorosa de comprometerse con sus estudios.<\/p>\n<p style=\"text-align: justify;\">La Escuela Emilia Lascar utilizar\u00e1 los fondos del Premio a la Mejor Escuela del Mundo para crear un estudio de medios de comunicaci\u00f3n en el que los alumnos puedan aprender m\u00e1s sobre los medios de comunicaci\u00f3n y crear sus propios contenidos audiovisuales con la mejor tecnolog\u00eda y herramientas disponibles.<\/p>\n<\/div><\/section><\/div><div  style='height:50px' class='hr hr-invisible   avia-builder-el-6  el_after_av_one_full  el_before_av_social_share '><span class='hr-inner ' ><span class='hr-inner-style'><\/span><\/span><\/div><\/p>\n<div  class='av-social-sharing-box  avia-builder-el-7  el_after_av_hr  el_before_av_hr  '><div class='av-share-box'><h5 class='av-share-link-description av-no-toc '>Compartir esta noticia<\/h5><ul class='av-share-box-list noLightbox'><li class='av-share-link av-social-link-facebook' ><a target=\"_blank\" aria-label=\"Compartir en Facebook\" href='https:\/\/www.facebook.com\/sharer.php?u=https:\/\/radiorevelacionfm.cl\/?p=25414&#038;t=Iniciativa%20de%20Escuela%20Litoral%20Austral%20entre%20los%2010%20proyectos%20ganadores%20de%20%E2%80%9CElige%20Innovar%E2%80%9D%20en%20su%203ra%20edici%C3%B3n' aria-hidden='false' data-av_icon='\ue8f3' data-av_iconfont='entypo-fontello' title='' data-avia-related-tooltip='Compartir en Facebook' rel=\"noopener\"><span class='avia_hidden_link_text'>Compartir en Facebook<\/span><\/a><\/li><li class='av-share-link av-social-link-twitter' ><a target=\"_blank\" aria-label=\"Compartir en Twitter\" href='https:\/\/twitter.com\/share?text=Iniciativa%20de%20Escuela%20Litoral%20Austral%20entre%20los%2010%20proyectos%20ganadores%20de%20%E2%80%9CElige%20Innovar%E2%80%9D%20en%20su%203ra%20edici%C3%B3n&#038;url=https:\/\/radiorevelacionfm.cl\/?p=25414' aria-hidden='false' data-av_icon='\ue8f1' data-av_iconfont='entypo-fontello' title='' data-avia-related-tooltip='Compartir en Twitter' rel=\"noopener\"><span class='avia_hidden_link_text'>Compartir en Twitter<\/span><\/a><\/li><li class='av-share-link av-social-link-whatsapp' ><a target=\"_blank\" aria-label=\"Compartir en Whatsapp\" href='https:\/\/api.whatsapp.com\/send?text=https:\/\/radiorevelacionfm.cl\/?p=25414' aria-hidden='false' data-av_icon='\uf232' data-av_iconfont='entypo-fontello' title='' data-avia-related-tooltip='Compartir en Whatsapp' rel=\"noopener\"><span class='avia_hidden_link_text'>Compartir en Whatsapp<\/span><\/a><\/li><li class='av-share-link av-social-link-linkedin' ><a target=\"_blank\" aria-label=\"Compartir en LinkedIn\" href='https:\/\/linkedin.com\/shareArticle?mini=true&#038;title=Iniciativa%20de%20Escuela%20Litoral%20Austral%20entre%20los%2010%20proyectos%20ganadores%20de%20%E2%80%9CElige%20Innovar%E2%80%9D%20en%20su%203ra%20edici%C3%B3n&#038;url=https:\/\/radiorevelacionfm.cl\/?p=25414' aria-hidden='false' data-av_icon='\ue8fc' data-av_iconfont='entypo-fontello' title='' data-avia-related-tooltip='Compartir en LinkedIn' rel=\"noopener\"><span class='avia_hidden_link_text'>Compartir en LinkedIn<\/span><\/a><\/li><li class='av-share-link av-social-link-mail' ><a  aria-label=\"Compartir por correo\" href='mailto:?subject=Iniciativa%20de%20Escuela%20Litoral%20Austral%20entre%20los%2010%20proyectos%20ganadores%20de%20%E2%80%9CElige%20Innovar%E2%80%9D%20en%20su%203ra%20edici%C3%B3n&#038;body=https:\/\/radiorevelacionfm.cl\/?p=25414' aria-hidden='false' data-av_icon='\ue805' data-av_iconfont='entypo-fontello' title='' data-avia-related-tooltip='Compartir por correo'><span class='avia_hidden_link_text'>Compartir por correo<\/span><\/a><\/li><\/ul><\/div><\/div>\n<div  style='height:50px' class='hr hr-invisible   avia-builder-el-8  el_after_av_social_share  el_before_av_comments_list '><span class='hr-inner ' ><span class='hr-inner-style'><\/span><\/span><\/div>\n<div  class='av-buildercomment  av-blog-meta-html-info-disabled av-blog-meta-tag-disabled  '><\/div>\n","protected":false},"excerpt":{"rendered":"","protected":false},"author":1,"featured_media":25416,"comment_status":"open","ping_status":"open","sticky":false,"template":"","format":"standard","meta":{"footnotes":""},"categories":[49],"tags":[],"class_list":["post-25414","post","type-post","status-publish","format-standard","has-post-thumbnail","hentry","category-educacion"],"jetpack_featured_media_url":"https:\/\/radiorevelacionfm.cl\/wp-content\/uploads\/2022\/12\/unnamed-12-1-1-2.jpg","_links":{"self":[{"href":"https:\/\/radiorevelacionfm.cl\/index.php?rest_route=\/wp\/v2\/posts\/25414","targetHints":{"allow":["GET"]}}],"collection":[{"href":"https:\/\/radiorevelacionfm.cl\/index.php?rest_route=\/wp\/v2\/posts"}],"about":[{"href":"https:\/\/radiorevelacionfm.cl\/index.php?rest_route=\/wp\/v2\/types\/post"}],"author":[{"embeddable":true,"href":"https:\/\/radiorevelacionfm.cl\/index.php?rest_route=\/wp\/v2\/users\/1"}],"replies":[{"embeddable":true,"href":"https:\/\/radiorevelacionfm.cl\/index.php?rest_route=%2Fwp%2Fv2%2Fcomments&post=25414"}],"version-history":[{"count":2,"href":"https:\/\/radiorevelacionfm.cl\/index.php?rest_route=\/wp\/v2\/posts\/25414\/revisions"}],"predecessor-version":[{"id":25418,"href":"https:\/\/radiorevelacionfm.cl\/index.php?rest_route=\/wp\/v2\/posts\/25414\/revisions\/25418"}],"wp:featuredmedia":[{"embeddable":true,"href":"https:\/\/radiorevelacionfm.cl\/index.php?rest_route=\/wp\/v2\/media\/25416"}],"wp:attachment":[{"href":"https:\/\/radiorevelacionfm.cl\/index.php?rest_route=%2Fwp%2Fv2%2Fmedia&parent=25414"}],"wp:term":[{"taxonomy":"category","embeddable":true,"href":"https:\/\/radiorevelacionfm.cl\/index.php?rest_route=%2Fwp%2Fv2%2Fcategories&post=25414"},{"taxonomy":"post_tag","embeddable":true,"href":"https:\/\/radiorevelacionfm.cl\/index.php?rest_route=%2Fwp%2Fv2%2Ftags&post=25414"}],"curies":[{"name":"wp","href":"https:\/\/api.w.org\/{rel}","templated":true}]}}