{"id":25410,"date":"2022-12-15T12:35:42","date_gmt":"2022-12-15T15:35:42","guid":{"rendered":"https:\/\/radiorevelacionfm.cl\/?p=25410"},"modified":"2022-12-15T12:35:42","modified_gmt":"2022-12-15T15:35:42","slug":"gobierno-regional-se-reune-con-alcaldes-del-territorio-para-planificar-presupuesto-2023-con-enfoque-municipal","status":"publish","type":"post","link":"https:\/\/radiorevelacionfm.cl\/?p=25410","title":{"rendered":"Gobierno Regional se re\u00fane con alcaldes del territorio para planificar presupuesto 2023 con enfoque municipal"},"content":{"rendered":"<div class=\"flex_column av_one_full  flex_column_div av-zero-column-padding first  avia-builder-el-0  el_before_av_one_full  avia-builder-el-first  \" style='border-radius:0px; '><div  class='avia-image-container  av-styling-    avia-builder-el-1  avia-builder-el-no-sibling  avia-align-center '  itemprop=\"image\" itemscope=\"itemscope\" itemtype=\"https:\/\/schema.org\/ImageObject\"  ><div class='avia-image-container-inner'><div class='avia-image-overlay-wrap'><img decoding=\"async\" class='wp-image-25411 avia-img-lazy-loading-not-25411 avia_image' src=\"https:\/\/radiorevelacionfm.cl\/wp-content\/uploads\/2022\/12\/whatsapp-image-2022-12-13-at-10_optimized.45.49-1.jpeg\" alt='' title='whatsapp-image-2022-12-13-at-10_optimized.45.49-(1)' height=\"600\" width=\"1067\"  itemprop=\"thumbnailUrl\" srcset=\"https:\/\/radiorevelacionfm.cl\/wp-content\/uploads\/2022\/12\/whatsapp-image-2022-12-13-at-10_optimized.45.49-1.jpeg 1067w, https:\/\/radiorevelacionfm.cl\/wp-content\/uploads\/2022\/12\/whatsapp-image-2022-12-13-at-10_optimized.45.49-1-300x169.jpeg 300w, https:\/\/radiorevelacionfm.cl\/wp-content\/uploads\/2022\/12\/whatsapp-image-2022-12-13-at-10_optimized.45.49-1-1030x579.jpeg 1030w, https:\/\/radiorevelacionfm.cl\/wp-content\/uploads\/2022\/12\/whatsapp-image-2022-12-13-at-10_optimized.45.49-1-768x432.jpeg 768w, https:\/\/radiorevelacionfm.cl\/wp-content\/uploads\/2022\/12\/whatsapp-image-2022-12-13-at-10_optimized.45.49-1-705x396.jpeg 705w, https:\/\/radiorevelacionfm.cl\/wp-content\/uploads\/2022\/12\/whatsapp-image-2022-12-13-at-10_optimized.45.49-1-600x337.jpeg 600w\" sizes=\"(max-width: 1067px) 100vw, 1067px\" \/><\/div><\/div><\/div><\/div><div class=\"flex_column av_one_full  flex_column_div av-zero-column-padding first  avia-builder-el-2  el_after_av_one_full  el_before_av_one_full  column-top-margin\" style='border-radius:0px; '><section class=\"av_textblock_section \"  itemscope=\"itemscope\" itemtype=\"https:\/\/schema.org\/BlogPosting\" itemprop=\"blogPost\" ><div class='avia_textblock  '   itemprop=\"text\" ><p style=\"text-align: center;\"><strong><span style=\"font-size: 18pt;\">Gobierno Regional se re\u00fane con alcaldes del territorio para planificar presupuesto 2023 con enfoque municipal<\/span><\/strong><\/p>\n<div id=\"gtx-trans\" style=\"position: absolute; left: -50px; top: 4.31534px;\">\n<div class=\"gtx-trans-icon\"><\/div>\n<\/div>\n<\/div><\/section><\/div><div class=\"flex_column av_one_full  flex_column_div av-zero-column-padding first  avia-builder-el-4  el_after_av_one_full  el_before_av_hr  column-top-margin\" style='border-radius:0px; '><section class=\"av_textblock_section \"  itemscope=\"itemscope\" itemtype=\"https:\/\/schema.org\/BlogPosting\" itemprop=\"blogPost\" ><div class='avia_textblock  '   itemprop=\"text\" ><p dir=\"ltr\" style=\"text-align: justify;\">Esta semana los diez alcaldes de la Regi\u00f3n de Ays\u00e9n fueron citados a las oficinas del Gobierno Regional para reunirse con el administrador regional, Erik Adio, parte del equipo t\u00e9cnico de la Gobierno Regional y Consejeros de la Comisi\u00f3n de Presupuesto e Inversiones, con el objetivo de planificar un presupuesto del a\u00f1o 2023 que priorice las diversas necesidades que se levantan en todo el territorio.<\/p>\n<p dir=\"ltr\" style=\"text-align: justify;\">\u00abDe manera permanente, tanto desde el Consejo Regional como desde el Ejecutivo, hemos planteado la necesidad de poder trabajar de manera colaborativa con los municipios. En lo personal, siempre he dicho que si hay socios estrat\u00e9gicos para poder avanzar en el desarrollo de la regi\u00f3n, son justamente las municipalidades, porque la primera respuesta para la ciudadan\u00eda viene desde all\u00ed, por eso resulta fundamental poder articularnos con ellas, para planificar y poder priorizar cu\u00e1les son las principales necesidades que tiene cada territorio\u00bb, afirm\u00f3 la Gobernadora Regional, Andrea Mac\u00edas Palma, que destac\u00f3 el buen resultado de las reuniones sostenidas y el trabajo realizado a conciencia por su equipo.<\/p>\n<p dir=\"ltr\" style=\"text-align: justify;\">Estas mesas de trabajo se desarrollaron en tres d\u00edas de di\u00e1logos presenciales con los representantes de Cisnes, R\u00edo Ib\u00e1\u00f1ez, Cochrane, Ays\u00e9n, Lago Verde, Coyhaique, Tortel, Chile Chico y O&#8217;Higgins. Mientras, el equipo municipal de Guaitecas asisti\u00f3 a la reuni\u00f3n de manera telem\u00e1tica.<\/p>\n<p dir=\"ltr\" style=\"text-align: justify;\">\u00abCreemos que estos espacios contribuyen al proceso de descentralizaci\u00f3n, acercan la toma de decisiones a las bases, a los territorios como el nuestro que est\u00e1n aislados, pero que demandan equidad territorial e inversi\u00f3n regional con impacto socio comunitario. Desde esa mirada, y en nombre de nuestro alcalde, estamos muy contentos y agradecidos por este espacio, primero porque es la primera vez que se nos convoca a algo como esto, y permite que desde los lugares de recepci\u00f3n de las demandas ciudadanas podamos nosotros fijar los lineamientos de los proyectos de inversi\u00f3n regional\u00bb, declar\u00f3 Rub\u00e9n Martin, administrador municipal de Guaitecas.<\/p>\n<p dir=\"ltr\" style=\"text-align: justify;\">Discurso similar tuvo el alcalde de Cochrane, Jorge Calder\u00f3n, el que valor\u00f3 \u00abpositivamente la voluntad de nuestra Gobernadora Andrea Mac\u00edas, de su equipo y de los miembros del Consejo Regional, quienes nos han escuchado. Hemos logrado plasmar de manera muy clara los proyectos y programas que queremos desarrollar, donde claramente tenemos un aliado estrat\u00e9gico fundamental, que es el Gobierno Regional\u00bb.<\/p>\n<p dir=\"ltr\" style=\"text-align: justify;\">A las diferentes instancias tambi\u00e9n asistieron Consejeros\u00a0 y Consejeras Regionales de la Comisi\u00f3n de Presupuesto e Inversiones; su presidenta Paula Acu\u00f1a, el vicepresidente, Jorge Abello, y Loreta Villegas.<\/p>\n<p dir=\"ltr\" style=\"text-align: justify;\">\u00abQueremos crear y formular un presupuesto 2023 que tenga un foco en los municipios, porque entendemos que la municipalidades son la puerta de entrada de los vecinos y vecinas en las distintas comunidades, entonces queremos que sea un presupuesto participativo. Evidentemente, es un gran esfuerzo que estamos haciendo, pero es la forma de avanzar. Creemos que esto ayuda a que haya una equidad territorial en la distribuci\u00f3n de los recursos de los municipios de nuestra regi\u00f3n\u00bb, se\u00f1al\u00f3 la Consejera Acu\u00f1a.<\/p>\n<p dir=\"ltr\" style=\"text-align: justify;\">Hay dos formas de inversi\u00f3n relevantes que posee el Gobierno Regional, que son: el Fondo Nacional de Desarrollo Regional (FNDR), que permite financiar todo tipo de iniciativas de infraestructura social, estudios y programas de los sectores, contribuyen a solucionar necesidades de car\u00e1cter general, y el Fondo Regional de Iniciativa Local (FRIL), que tiene por objetivo financiar proyectos de infraestructura comunal, que mejoren la calidad de vida de la poblaci\u00f3n y que dicha iniciativa tenga presente el componente de participaci\u00f3n ciudadana y g\u00e9nero a trav\u00e9s de las municipalidades, quienes presentan sus demandas.<\/p>\n<p dir=\"ltr\" style=\"text-align: justify;\">El alcalde de R\u00edo Ib\u00e1\u00f1ez y presidente de la Asociaci\u00f3n Regional de Municipalidades de Ays\u00e9n (AREMU), Marcelo Santana, estableci\u00f3 que \u00ablas necesidades de las comunidades son bastante transversales, y de alguna manera se repiten entre una comuna y otra. Sin embargo, hay particularidades que es necesario destacar en este tipo de reuniones.\u00bb.<\/p>\n<p dir=\"ltr\" style=\"text-align: justify;\">Cabe recordar que el Gobierno Regional llega donde otras instituciones no, financiando proyectos o programas para contribuir con el desarrollo del territorio con una perspectiva con pertinencia local.<\/p>\n<p dir=\"ltr\" style=\"text-align: justify;\">En ese sentido, la m\u00e1xima autoridad comunal de Lago Verde, Nelson Opazo, valor\u00f3 positivamente la instancia, que busca conectar las necesidades de los territorios con las prioridades que tiene el Gobierno Regional. \u00abHubo un an\u00e1lisis importante de todos los requerimientos, uno de ellos de absoluta relevancia, como lo es el anteproyecto de fibra \u00f3ptica, que hoy est\u00e1 disponible para ser financiado, y que conectar\u00eda a Lago Verde, Villa La Tapera y parte importante de las zonas de la Carretera Austral con sectores aleda\u00f1os, como Puyuhuapi, Ma\u00f1ihuales y Villa Ortega\u00bb, especific\u00f3.<\/p>\n<p dir=\"ltr\" style=\"text-align: justify;\">De esta manera, la Gobernadora Andrea Mac\u00edas Palma invit\u00f3 a los representantes de las diez comunas de Ays\u00e9n para que el presupuesto del pr\u00f3ximo a\u00f1o sea trabajado con foco municipal, reforzando la vinculaci\u00f3n con las necesidades de los habitantes del territorio, las localidades, continuar construyendo una mejor regi\u00f3n, gobernando con las personas.<\/p>\n<\/div><\/section><\/div><div  style='height:50px' class='hr hr-invisible   avia-builder-el-6  el_after_av_one_full  el_before_av_social_share '><span class='hr-inner ' ><span class='hr-inner-style'><\/span><\/span><\/div><\/p>\n<div  class='av-social-sharing-box  avia-builder-el-7  el_after_av_hr  el_before_av_hr  '><div class='av-share-box'><h5 class='av-share-link-description av-no-toc '>Compartir esta noticia<\/h5><ul class='av-share-box-list noLightbox'><li class='av-share-link av-social-link-facebook' ><a target=\"_blank\" aria-label=\"Compartir en Facebook\" href='https:\/\/www.facebook.com\/sharer.php?u=https:\/\/radiorevelacionfm.cl\/?p=25410&#038;t=Gobierno%20Regional%20se%20re%C3%BAne%20con%20alcaldes%20del%20territorio%20para%20planificar%20presupuesto%202023%20con%20enfoque%20municipal' aria-hidden='false' data-av_icon='\ue8f3' data-av_iconfont='entypo-fontello' title='' data-avia-related-tooltip='Compartir en Facebook' rel=\"noopener\"><span class='avia_hidden_link_text'>Compartir en Facebook<\/span><\/a><\/li><li class='av-share-link av-social-link-twitter' ><a target=\"_blank\" aria-label=\"Compartir en Twitter\" href='https:\/\/twitter.com\/share?text=Gobierno%20Regional%20se%20re%C3%BAne%20con%20alcaldes%20del%20territorio%20para%20planificar%20presupuesto%202023%20con%20enfoque%20municipal&#038;url=https:\/\/radiorevelacionfm.cl\/?p=25410' aria-hidden='false' data-av_icon='\ue8f1' data-av_iconfont='entypo-fontello' title='' data-avia-related-tooltip='Compartir en Twitter' rel=\"noopener\"><span class='avia_hidden_link_text'>Compartir en Twitter<\/span><\/a><\/li><li class='av-share-link av-social-link-whatsapp' ><a target=\"_blank\" aria-label=\"Compartir en Whatsapp\" href='https:\/\/api.whatsapp.com\/send?text=https:\/\/radiorevelacionfm.cl\/?p=25410' aria-hidden='false' data-av_icon='\uf232' data-av_iconfont='entypo-fontello' title='' data-avia-related-tooltip='Compartir en Whatsapp' rel=\"noopener\"><span class='avia_hidden_link_text'>Compartir en Whatsapp<\/span><\/a><\/li><li class='av-share-link av-social-link-linkedin' ><a target=\"_blank\" aria-label=\"Compartir en LinkedIn\" href='https:\/\/linkedin.com\/shareArticle?mini=true&#038;title=Gobierno%20Regional%20se%20re%C3%BAne%20con%20alcaldes%20del%20territorio%20para%20planificar%20presupuesto%202023%20con%20enfoque%20municipal&#038;url=https:\/\/radiorevelacionfm.cl\/?p=25410' aria-hidden='false' data-av_icon='\ue8fc' data-av_iconfont='entypo-fontello' title='' data-avia-related-tooltip='Compartir en LinkedIn' rel=\"noopener\"><span class='avia_hidden_link_text'>Compartir en LinkedIn<\/span><\/a><\/li><li class='av-share-link av-social-link-mail' ><a  aria-label=\"Compartir por correo\" href='mailto:?subject=Gobierno%20Regional%20se%20re%C3%BAne%20con%20alcaldes%20del%20territorio%20para%20planificar%20presupuesto%202023%20con%20enfoque%20municipal&#038;body=https:\/\/radiorevelacionfm.cl\/?p=25410' aria-hidden='false' data-av_icon='\ue805' data-av_iconfont='entypo-fontello' title='' data-avia-related-tooltip='Compartir por correo'><span class='avia_hidden_link_text'>Compartir por correo<\/span><\/a><\/li><\/ul><\/div><\/div>\n<div  style='height:50px' class='hr hr-invisible   avia-builder-el-8  el_after_av_social_share  el_before_av_comments_list '><span class='hr-inner ' ><span class='hr-inner-style'><\/span><\/span><\/div>\n<div  class='av-buildercomment  av-blog-meta-html-info-disabled av-blog-meta-tag-disabled  '><\/div>\n","protected":false},"excerpt":{"rendered":"","protected":false},"author":1,"featured_media":25411,"comment_status":"open","ping_status":"open","sticky":false,"template":"","format":"standard","meta":{"footnotes":""},"categories":[38],"tags":[],"class_list":["post-25410","post","type-post","status-publish","format-standard","has-post-thumbnail","hentry","category-regional"],"jetpack_featured_media_url":"https:\/\/radiorevelacionfm.cl\/wp-content\/uploads\/2022\/12\/whatsapp-image-2022-12-13-at-10_optimized.45.49-1.jpeg","_links":{"self":[{"href":"https:\/\/radiorevelacionfm.cl\/index.php?rest_route=\/wp\/v2\/posts\/25410","targetHints":{"allow":["GET"]}}],"collection":[{"href":"https:\/\/radiorevelacionfm.cl\/index.php?rest_route=\/wp\/v2\/posts"}],"about":[{"href":"https:\/\/radiorevelacionfm.cl\/index.php?rest_route=\/wp\/v2\/types\/post"}],"author":[{"embeddable":true,"href":"https:\/\/radiorevelacionfm.cl\/index.php?rest_route=\/wp\/v2\/users\/1"}],"replies":[{"embeddable":true,"href":"https:\/\/radiorevelacionfm.cl\/index.php?rest_route=%2Fwp%2Fv2%2Fcomments&post=25410"}],"version-history":[{"count":2,"href":"https:\/\/radiorevelacionfm.cl\/index.php?rest_route=\/wp\/v2\/posts\/25410\/revisions"}],"predecessor-version":[{"id":25413,"href":"https:\/\/radiorevelacionfm.cl\/index.php?rest_route=\/wp\/v2\/posts\/25410\/revisions\/25413"}],"wp:featuredmedia":[{"embeddable":true,"href":"https:\/\/radiorevelacionfm.cl\/index.php?rest_route=\/wp\/v2\/media\/25411"}],"wp:attachment":[{"href":"https:\/\/radiorevelacionfm.cl\/index.php?rest_route=%2Fwp%2Fv2%2Fmedia&parent=25410"}],"wp:term":[{"taxonomy":"category","embeddable":true,"href":"https:\/\/radiorevelacionfm.cl\/index.php?rest_route=%2Fwp%2Fv2%2Fcategories&post=25410"},{"taxonomy":"post_tag","embeddable":true,"href":"https:\/\/radiorevelacionfm.cl\/index.php?rest_route=%2Fwp%2Fv2%2Ftags&post=25410"}],"curies":[{"name":"wp","href":"https:\/\/api.w.org\/{rel}","templated":true}]}}