{"id":2541,"date":"2021-02-11T16:59:40","date_gmt":"2021-02-11T19:59:40","guid":{"rendered":"https:\/\/radiorevelacionfm.cl\/?p=2541"},"modified":"2021-02-11T16:59:40","modified_gmt":"2021-02-11T19:59:40","slug":"en-aysen-durante-el-2020-se-realizaron-mas-de-2700-controles-del-programa-de-fiscalizacion-del-mtt","status":"publish","type":"post","link":"https:\/\/radiorevelacionfm.cl\/?p=2541","title":{"rendered":"En Ays\u00e9n durante el 2020 se realizaron m\u00e1s de 2700 controles del Programa de Fiscalizaci\u00f3n del MTT"},"content":{"rendered":"<div class=\"flex_column av_one_full  flex_column_div av-zero-column-padding first  avia-builder-el-0  el_before_av_one_full  avia-builder-el-first  \" style='border-radius:0px; '><div  class='avia-image-container  av-styling-    avia-builder-el-1  avia-builder-el-no-sibling  avia-align-center '  itemprop=\"image\" itemscope=\"itemscope\" itemtype=\"https:\/\/schema.org\/ImageObject\"  ><div class='avia-image-container-inner'><div class='avia-image-overlay-wrap'><img decoding=\"async\" class='wp-image-0 avia-img-lazy-loading-not-0 avia_image' src=\"https:\/\/radiorevelacionfm.cl\/wp-content\/uploads\/2021\/02\/dsc_2457__optimized-1-1.jpg\" alt='' title=''   itemprop=\"thumbnailUrl\"  \/><\/div><\/div><\/div><\/div><div class=\"flex_column av_one_full  flex_column_div av-zero-column-padding first  avia-builder-el-2  el_after_av_one_full  el_before_av_one_full  column-top-margin\" style='border-radius:0px; '><section class=\"av_textblock_section \"  itemscope=\"itemscope\" itemtype=\"https:\/\/schema.org\/BlogPosting\" itemprop=\"blogPost\" ><div class='avia_textblock  '   itemprop=\"text\" ><p style=\"text-align: center;\"><strong><span style=\"font-size: 18pt;\">En Ays\u00e9n durante el 2020 se realizaron m\u00e1s de 2700 controles del Programa de Fiscalizaci\u00f3n del MTT<\/span><\/strong><\/p>\n<div id=\"gtx-trans\" style=\"position: absolute; left: -50px; top: 4.31534px;\">\n<div class=\"gtx-trans-icon\"><\/div>\n<\/div>\n<\/div><\/section><\/div><div class=\"flex_column av_one_full  flex_column_div av-zero-column-padding first  avia-builder-el-4  el_after_av_one_full  el_before_av_hr  column-top-margin\" style='border-radius:0px; '><section class=\"av_textblock_section \"  itemscope=\"itemscope\" itemtype=\"https:\/\/schema.org\/BlogPosting\" itemprop=\"blogPost\" ><div class='avia_textblock  '   itemprop=\"text\" ><p style=\"font-weight: 400; text-align: justify;\">Pese a la contingencia de la pandemia y reducci\u00f3n en la movilidad, los inspectores revisaron en terreno el funcionamiento de los servicios de transporte p\u00fablico y privado en las diferentes provincias de la regi\u00f3n, cursando 73 infracciones.<\/p>\n<p style=\"font-weight: 400; text-align: justify;\">Infracciones por no respetar las se\u00f1ales de tr\u00e1nsito, informalidad y mal estado de neum\u00e1ticos, fueron las principales multas cursadas durante el a\u00f1o 2020 en la regi\u00f3n de Ays\u00e9n, de acuerdo al balance realizado por el Programa de Fiscalizaci\u00f3n del Ministerio de Transportes y Telecomunicaciones, que concret\u00f3 2755 controles al transporte p\u00fablico y privado de pasajeros.<\/p>\n<p style=\"font-weight: 400; text-align: justify;\">De acuerdo al balance del trabajo hecho durante el a\u00f1o pasado en la regi\u00f3n, se contabiliza un total de 73 infracciones y destaca, entre los servicios de transporte m\u00e1s fiscalizados: buses rurales, veh\u00edculos particulares y transporte de carga.<\/p>\n<p style=\"font-weight: 400; text-align: justify;\">El seremiTT (s) Julio Z\u00fa\u00f1iga, valor\u00f3 el trabajo de los inspectores de Fiscalizaci\u00f3n de Transportes, que realizaron una importante labor de apoyo durante la pandemia, particularmente en tareas de control y log\u00edstica, sin dejar de lado el habitual monitoreo al funcionamiento del transporte p\u00fablico y privado.<\/p>\n<p style=\"font-weight: 400; text-align: justify;\">\u201cDurante el 2020 todos tuvimos que readecuar nuestras funciones y ello tambi\u00e9n ocurri\u00f3 con nuestros fiscalizadores quienes se pusieron al servicio de las autoridades locales para apoyar en el control de la pandemia y trabajaron en conjunto con otras instituciones como las Fuerzas Armadas y Salud. Mientras en gran parte del pa\u00eds avanzaban las labores mediante el teletrabajo, nuestros funcionarios siguieron en terreno y es as\u00ed como lograron realizar m\u00e1s de 2700 fiscalizaciones que imprimieron mayor eficiencia en el control de la pandemia\u201d, destac\u00f3 la autoridad del MTT.<\/p>\n<p style=\"font-weight: 400; text-align: justify;\">En la misma l\u00ednea, la autoridad de Transportes, sostuvo que \u201ccomo ministerio queremos que las personas se trasladen de manera segura y, en ese sentido, las fiscalizaciones juegan un papel relevante ya que es la forma que tenemos de comprobar que los veh\u00edculos cumplen con las condiciones t\u00e9cnicas y de seguridad, y con la documentaci\u00f3n requerida\u201d.<\/p>\n<p style=\"font-weight: 400; text-align: justify;\">Adem\u00e1s de los controles al transporte p\u00fablico y privado, el Programa de Fiscalizaci\u00f3n de Ays\u00e9n supervisa los servicios de transporte subsidiados verificando el cumplimiento de los recorridos, el respeto de las tarifas, y que operen de acuerdo a las condiciones dispuestas por la Seremitt, adem\u00e1s del control de las plantas de revisi\u00f3n t\u00e9cnica, gabinetes psicot\u00e9cnicos y escuelas de conductores.<\/p>\n<\/div><\/section><\/div><div  style='height:50px' class='hr hr-invisible   avia-builder-el-6  el_after_av_one_full  el_before_av_social_share '><span class='hr-inner ' ><span class='hr-inner-style'><\/span><\/span><\/div><\/p>\n<div  class='av-social-sharing-box  avia-builder-el-7  el_after_av_hr  el_before_av_hr  '><div class='av-share-box'><h5 class='av-share-link-description av-no-toc '>Compartir esta noticia<\/h5><ul class='av-share-box-list noLightbox'><li class='av-share-link av-social-link-facebook' ><a target=\"_blank\" aria-label=\"Compartir en Facebook\" href='https:\/\/www.facebook.com\/sharer.php?u=https:\/\/radiorevelacionfm.cl\/?p=2541&#038;t=En%20Ays%C3%A9n%20durante%20el%202020%20se%20realizaron%20m%C3%A1s%20de%202700%20controles%20del%20Programa%20de%20Fiscalizaci%C3%B3n%20del%20MTT' aria-hidden='false' data-av_icon='\ue8f3' data-av_iconfont='entypo-fontello' title='' data-avia-related-tooltip='Compartir en Facebook' rel=\"noopener\"><span class='avia_hidden_link_text'>Compartir en Facebook<\/span><\/a><\/li><li class='av-share-link av-social-link-twitter' ><a target=\"_blank\" aria-label=\"Compartir en Twitter\" href='https:\/\/twitter.com\/share?text=En%20Ays%C3%A9n%20durante%20el%202020%20se%20realizaron%20m%C3%A1s%20de%202700%20controles%20del%20Programa%20de%20Fiscalizaci%C3%B3n%20del%20MTT&#038;url=https:\/\/radiorevelacionfm.cl\/?p=2541' aria-hidden='false' data-av_icon='\ue8f1' data-av_iconfont='entypo-fontello' title='' data-avia-related-tooltip='Compartir en Twitter' rel=\"noopener\"><span class='avia_hidden_link_text'>Compartir en Twitter<\/span><\/a><\/li><li class='av-share-link av-social-link-whatsapp' ><a target=\"_blank\" aria-label=\"Compartir en Whatsapp\" href='https:\/\/api.whatsapp.com\/send?text=https:\/\/radiorevelacionfm.cl\/?p=2541' aria-hidden='false' data-av_icon='\uf232' data-av_iconfont='entypo-fontello' title='' data-avia-related-tooltip='Compartir en Whatsapp' rel=\"noopener\"><span class='avia_hidden_link_text'>Compartir en Whatsapp<\/span><\/a><\/li><li class='av-share-link av-social-link-linkedin' ><a target=\"_blank\" aria-label=\"Compartir en LinkedIn\" href='https:\/\/linkedin.com\/shareArticle?mini=true&#038;title=En%20Ays%C3%A9n%20durante%20el%202020%20se%20realizaron%20m%C3%A1s%20de%202700%20controles%20del%20Programa%20de%20Fiscalizaci%C3%B3n%20del%20MTT&#038;url=https:\/\/radiorevelacionfm.cl\/?p=2541' aria-hidden='false' data-av_icon='\ue8fc' data-av_iconfont='entypo-fontello' title='' data-avia-related-tooltip='Compartir en LinkedIn' rel=\"noopener\"><span class='avia_hidden_link_text'>Compartir en LinkedIn<\/span><\/a><\/li><li class='av-share-link av-social-link-mail' ><a  aria-label=\"Compartir por correo\" href='mailto:?subject=En%20Ays%C3%A9n%20durante%20el%202020%20se%20realizaron%20m%C3%A1s%20de%202700%20controles%20del%20Programa%20de%20Fiscalizaci%C3%B3n%20del%20MTT&#038;body=https:\/\/radiorevelacionfm.cl\/?p=2541' aria-hidden='false' data-av_icon='\ue805' data-av_iconfont='entypo-fontello' title='' data-avia-related-tooltip='Compartir por correo'><span class='avia_hidden_link_text'>Compartir por correo<\/span><\/a><\/li><\/ul><\/div><\/div>\n<div  style='height:50px' class='hr hr-invisible   avia-builder-el-8  el_after_av_social_share  el_before_av_comments_list '><span class='hr-inner ' ><span class='hr-inner-style'><\/span><\/span><\/div>\n<div  class='av-buildercomment  av-blog-meta-html-info-disabled av-blog-meta-tag-disabled  '><\/div>\n","protected":false},"excerpt":{"rendered":"","protected":false},"author":1,"featured_media":0,"comment_status":"open","ping_status":"open","sticky":false,"template":"","format":"standard","meta":{"footnotes":""},"categories":[59],"tags":[],"class_list":["post-2541","post","type-post","status-publish","format-standard","hentry","category-transporte"],"jetpack_featured_media_url":"","_links":{"self":[{"href":"https:\/\/radiorevelacionfm.cl\/index.php?rest_route=\/wp\/v2\/posts\/2541","targetHints":{"allow":["GET"]}}],"collection":[{"href":"https:\/\/radiorevelacionfm.cl\/index.php?rest_route=\/wp\/v2\/posts"}],"about":[{"href":"https:\/\/radiorevelacionfm.cl\/index.php?rest_route=\/wp\/v2\/types\/post"}],"author":[{"embeddable":true,"href":"https:\/\/radiorevelacionfm.cl\/index.php?rest_route=\/wp\/v2\/users\/1"}],"replies":[{"embeddable":true,"href":"https:\/\/radiorevelacionfm.cl\/index.php?rest_route=%2Fwp%2Fv2%2Fcomments&post=2541"}],"version-history":[{"count":1,"href":"https:\/\/radiorevelacionfm.cl\/index.php?rest_route=\/wp\/v2\/posts\/2541\/revisions"}],"predecessor-version":[{"id":2544,"href":"https:\/\/radiorevelacionfm.cl\/index.php?rest_route=\/wp\/v2\/posts\/2541\/revisions\/2544"}],"wp:attachment":[{"href":"https:\/\/radiorevelacionfm.cl\/index.php?rest_route=%2Fwp%2Fv2%2Fmedia&parent=2541"}],"wp:term":[{"taxonomy":"category","embeddable":true,"href":"https:\/\/radiorevelacionfm.cl\/index.php?rest_route=%2Fwp%2Fv2%2Fcategories&post=2541"},{"taxonomy":"post_tag","embeddable":true,"href":"https:\/\/radiorevelacionfm.cl\/index.php?rest_route=%2Fwp%2Fv2%2Ftags&post=2541"}],"curies":[{"name":"wp","href":"https:\/\/api.w.org\/{rel}","templated":true}]}}