{"id":25405,"date":"2022-12-15T10:21:49","date_gmt":"2022-12-15T13:21:49","guid":{"rendered":"https:\/\/radiorevelacionfm.cl\/?p=25405"},"modified":"2022-12-15T10:21:49","modified_gmt":"2022-12-15T13:21:49","slug":"seremi-de-la-mujer-y-equidad-de-genero-lidera-encuentros-con-mujeres-migrantes-de-la-comuna-de-coyhaique","status":"publish","type":"post","link":"https:\/\/radiorevelacionfm.cl\/?p=25405","title":{"rendered":"Seremi de la Mujer y Equidad de G\u00e9nero lidera Encuentros con Mujeres Migrantes de la comuna de Coyhaique"},"content":{"rendered":"<div class=\"flex_column av_one_full  flex_column_div av-zero-column-padding first  avia-builder-el-0  el_before_av_one_full  avia-builder-el-first  \" style='border-radius:0px; '><div  class='avia-image-container  av-styling-    avia-builder-el-1  avia-builder-el-no-sibling  avia-align-center '  itemprop=\"image\" itemscope=\"itemscope\" itemtype=\"https:\/\/schema.org\/ImageObject\"  ><div class='avia-image-container-inner'><div class='avia-image-overlay-wrap'><img decoding=\"async\" class='wp-image-25406 avia-img-lazy-loading-not-25406 avia_image' src=\"https:\/\/radiorevelacionfm.cl\/wp-content\/uploads\/2022\/12\/correcta-14.12.22-Seremi-de-la-Mujer-lidera-Encuentro-con-Mujeres-Migrantes-1-1.jpg\" alt='' title='(correcta) 14.12.22 Seremi de la Mujer lidera Encuentro con Mujeres Migrantes (1) (1)' height=\"600\" width=\"800\"  itemprop=\"thumbnailUrl\" srcset=\"https:\/\/radiorevelacionfm.cl\/wp-content\/uploads\/2022\/12\/correcta-14.12.22-Seremi-de-la-Mujer-lidera-Encuentro-con-Mujeres-Migrantes-1-1.jpg 800w, https:\/\/radiorevelacionfm.cl\/wp-content\/uploads\/2022\/12\/correcta-14.12.22-Seremi-de-la-Mujer-lidera-Encuentro-con-Mujeres-Migrantes-1-1-300x225.jpg 300w, https:\/\/radiorevelacionfm.cl\/wp-content\/uploads\/2022\/12\/correcta-14.12.22-Seremi-de-la-Mujer-lidera-Encuentro-con-Mujeres-Migrantes-1-1-768x576.jpg 768w, https:\/\/radiorevelacionfm.cl\/wp-content\/uploads\/2022\/12\/correcta-14.12.22-Seremi-de-la-Mujer-lidera-Encuentro-con-Mujeres-Migrantes-1-1-705x529.jpg 705w, https:\/\/radiorevelacionfm.cl\/wp-content\/uploads\/2022\/12\/correcta-14.12.22-Seremi-de-la-Mujer-lidera-Encuentro-con-Mujeres-Migrantes-1-1-600x450.jpg 600w\" sizes=\"(max-width: 800px) 100vw, 800px\" \/><\/div><\/div><\/div><\/div><div class=\"flex_column av_one_full  flex_column_div av-zero-column-padding first  avia-builder-el-2  el_after_av_one_full  el_before_av_one_full  column-top-margin\" style='border-radius:0px; '><section class=\"av_textblock_section \"  itemscope=\"itemscope\" itemtype=\"https:\/\/schema.org\/BlogPosting\" itemprop=\"blogPost\" ><div class='avia_textblock  '   itemprop=\"text\" ><p style=\"text-align: center;\"><strong><span style=\"font-size: 18pt;\">Seremi de la Mujer y Equidad de G\u00e9nero lidera Encuentros con Mujeres Migrantes de la comuna de Coyhaique <\/span><\/strong><\/p>\n<div id=\"gtx-trans\" style=\"position: absolute; left: -50px; top: 4.31534px;\">\n<div class=\"gtx-trans-icon\"><\/div>\n<\/div>\n<\/div><\/section><\/div><div class=\"flex_column av_one_full  flex_column_div av-zero-column-padding first  avia-builder-el-4  el_after_av_one_full  el_before_av_hr  column-top-margin\" style='border-radius:0px; '><section class=\"av_textblock_section \"  itemscope=\"itemscope\" itemtype=\"https:\/\/schema.org\/BlogPosting\" itemprop=\"blogPost\" ><div class='avia_textblock  '   itemprop=\"text\" ><p style=\"text-align: justify;\">Contribuir en la generaci\u00f3n de redes entre mujeres migrantes y que conozcan la oferta p\u00fablica existente en la regi\u00f3n de Ays\u00e9n constituyen los objetivos fundamentales que orientan la gesti\u00f3n de la SEREMI de la Mujer y Equidad de G\u00e9nero con dicha poblaci\u00f3n.<\/p>\n<p style=\"text-align: justify;\">El pasado martes 13 de diciembre se realiz\u00f3 en la Sede Comunitaria Villa Divisadero, un importante encuentro entre mujeres migrantes, la SEREMI de la Mujer y la Equidad de G\u00e9nero, la Directora (S) de SERNAMEG, la Directora de Fundaci\u00f3n PRODEMU y el Director (S) del Servicio Nacional de Migraci\u00f3n; instancia que viene a dar respuesta a diferentes consultas instaladas en encuentro previo con dicha poblaci\u00f3n.<\/p>\n<p style=\"text-align: justify;\">Con respecto al objetivo de esta actividad, la SEREMI de la Mujer, Andrea M\u00e9ndez Valenzuela, explic\u00f3: \u201cEste segundo encuentro emerge como una respuesta a la necesidad que un grupo de mujeres nos manifest\u00f3 previamente sobre conocer la oferta p\u00fablica regional y otros asuntos que hemos decidido asumir. Como cartera regional de la mujer nos es fundamental involucrarnos y colaborar en dar respuesta a las necesidades de todas las mujeres que habitan nuestra regi\u00f3n, comprendiendo y respetando su diversidad\u201d.<\/p>\n<p style=\"text-align: justify;\">\u201cHemos dise\u00f1ado encuentros en los que se sientan c\u00f3modas, donde prime la cordialidad, la conversaci\u00f3n y la cercan\u00eda, pues nos interesa, junto con acercar la oferta p\u00fablica hacia ellas, aportar en la generaci\u00f3n de redes de apoyo entre mujeres migrantes. Por ello, en esta segunda oportunidad les hemos pedido que asistan con alg\u00fan alimento t\u00edpico de su pa\u00eds para presentarlo y compartir. Con respecto a las autoridades invitadas procuramos que sean s\u00f3lo tres y que se incorporen a una instancia conversacional y no solamente expositiva\u201d recalc\u00f3 la Seremi respecto de este tipo de instancias de trabajo y conversaci\u00f3n con la comunidad.<\/p>\n<p style=\"text-align: justify;\">Ana Pacheco, mujer originaria de Paraguay, coment\u00f3 sobre la actividad \u201cLa junta que hicieron est\u00e1 muy buena porque de repente los migrantes se sienten muy solos, muy abandonados en otros pa\u00edses; sobre todo, por el hecho de que no conocen las leyes, no conocen las instituciones a las cuales acercarse, no conocen los derechos que tienen. Muy bueno que existan este tipo de acciones por parte del Gobierno\u201d.<\/p>\n<p style=\"text-align: justify;\">El Director (S) Servicio Nacional de Migraci\u00f3n, Israel Villavicencio Ch\u00e1vez, finalmente se refiri\u00f3 a la relevancia que tiene para la instituci\u00f3n este tipo de instancias: \u201cNos permite acercarnos a aquellas mujeres migrantes que est\u00e1n en nuestra regi\u00f3n y que a\u00fan no conocen este nuevo servicio, nuestra funcionalidad, la labor que desempe\u00f1amos dentro de la regi\u00f3n y la forma en que tambi\u00e9n se pueden acercar a nosotros; entregando la debida asesor\u00eda en todos los tr\u00e1mites migratorios que contempla la nueva legislaci\u00f3n\u201d.<\/p>\n<p style=\"text-align: justify;\">Finalmente, desde la Seremi de la Mujer y Equidad de G\u00e9nero se\u00f1alan que para el pr\u00f3ximo a\u00f1o se proyectan realizar m\u00e1s encuentros que incorporen a otros servicios y que cuenten con mayor participaci\u00f3n de mujeres migrantes.<\/p>\n<\/div><\/section><\/div><div  style='height:50px' class='hr hr-invisible   avia-builder-el-6  el_after_av_one_full  el_before_av_social_share '><span class='hr-inner ' ><span class='hr-inner-style'><\/span><\/span><\/div><\/p>\n<div  class='av-social-sharing-box  avia-builder-el-7  el_after_av_hr  el_before_av_hr  '><div class='av-share-box'><h5 class='av-share-link-description av-no-toc '>Compartir esta noticia<\/h5><ul class='av-share-box-list noLightbox'><li class='av-share-link av-social-link-facebook' ><a target=\"_blank\" aria-label=\"Compartir en Facebook\" href='https:\/\/www.facebook.com\/sharer.php?u=https:\/\/radiorevelacionfm.cl\/?p=25405&#038;t=Seremi%20de%20la%20Mujer%20y%20Equidad%20de%20G%C3%A9nero%20lidera%20Encuentros%20con%20Mujeres%20Migrantes%20de%20la%20comuna%20de%20Coyhaique' aria-hidden='false' data-av_icon='\ue8f3' data-av_iconfont='entypo-fontello' title='' data-avia-related-tooltip='Compartir en Facebook' rel=\"noopener\"><span class='avia_hidden_link_text'>Compartir en Facebook<\/span><\/a><\/li><li class='av-share-link av-social-link-twitter' ><a target=\"_blank\" aria-label=\"Compartir en Twitter\" href='https:\/\/twitter.com\/share?text=Seremi%20de%20la%20Mujer%20y%20Equidad%20de%20G%C3%A9nero%20lidera%20Encuentros%20con%20Mujeres%20Migrantes%20de%20la%20comuna%20de%20Coyhaique&#038;url=https:\/\/radiorevelacionfm.cl\/?p=25405' aria-hidden='false' data-av_icon='\ue8f1' data-av_iconfont='entypo-fontello' title='' data-avia-related-tooltip='Compartir en Twitter' rel=\"noopener\"><span class='avia_hidden_link_text'>Compartir en Twitter<\/span><\/a><\/li><li class='av-share-link av-social-link-whatsapp' ><a target=\"_blank\" aria-label=\"Compartir en Whatsapp\" href='https:\/\/api.whatsapp.com\/send?text=https:\/\/radiorevelacionfm.cl\/?p=25405' aria-hidden='false' data-av_icon='\uf232' data-av_iconfont='entypo-fontello' title='' data-avia-related-tooltip='Compartir en Whatsapp' rel=\"noopener\"><span class='avia_hidden_link_text'>Compartir en Whatsapp<\/span><\/a><\/li><li class='av-share-link av-social-link-linkedin' ><a target=\"_blank\" aria-label=\"Compartir en LinkedIn\" href='https:\/\/linkedin.com\/shareArticle?mini=true&#038;title=Seremi%20de%20la%20Mujer%20y%20Equidad%20de%20G%C3%A9nero%20lidera%20Encuentros%20con%20Mujeres%20Migrantes%20de%20la%20comuna%20de%20Coyhaique&#038;url=https:\/\/radiorevelacionfm.cl\/?p=25405' aria-hidden='false' data-av_icon='\ue8fc' data-av_iconfont='entypo-fontello' title='' data-avia-related-tooltip='Compartir en LinkedIn' rel=\"noopener\"><span class='avia_hidden_link_text'>Compartir en LinkedIn<\/span><\/a><\/li><li class='av-share-link av-social-link-mail' ><a  aria-label=\"Compartir por correo\" href='mailto:?subject=Seremi%20de%20la%20Mujer%20y%20Equidad%20de%20G%C3%A9nero%20lidera%20Encuentros%20con%20Mujeres%20Migrantes%20de%20la%20comuna%20de%20Coyhaique&#038;body=https:\/\/radiorevelacionfm.cl\/?p=25405' aria-hidden='false' data-av_icon='\ue805' data-av_iconfont='entypo-fontello' title='' data-avia-related-tooltip='Compartir por correo'><span class='avia_hidden_link_text'>Compartir por correo<\/span><\/a><\/li><\/ul><\/div><\/div>\n<div  style='height:50px' class='hr hr-invisible   avia-builder-el-8  el_after_av_social_share  el_before_av_comments_list '><span class='hr-inner ' ><span class='hr-inner-style'><\/span><\/span><\/div>\n<div  class='av-buildercomment  av-blog-meta-html-info-disabled av-blog-meta-tag-disabled  '><\/div>\n","protected":false},"excerpt":{"rendered":"","protected":false},"author":1,"featured_media":25406,"comment_status":"open","ping_status":"open","sticky":false,"template":"","format":"standard","meta":{"footnotes":""},"categories":[38],"tags":[],"class_list":["post-25405","post","type-post","status-publish","format-standard","has-post-thumbnail","hentry","category-regional"],"jetpack_featured_media_url":"https:\/\/radiorevelacionfm.cl\/wp-content\/uploads\/2022\/12\/correcta-14.12.22-Seremi-de-la-Mujer-lidera-Encuentro-con-Mujeres-Migrantes-1-1.jpg","_links":{"self":[{"href":"https:\/\/radiorevelacionfm.cl\/index.php?rest_route=\/wp\/v2\/posts\/25405","targetHints":{"allow":["GET"]}}],"collection":[{"href":"https:\/\/radiorevelacionfm.cl\/index.php?rest_route=\/wp\/v2\/posts"}],"about":[{"href":"https:\/\/radiorevelacionfm.cl\/index.php?rest_route=\/wp\/v2\/types\/post"}],"author":[{"embeddable":true,"href":"https:\/\/radiorevelacionfm.cl\/index.php?rest_route=\/wp\/v2\/users\/1"}],"replies":[{"embeddable":true,"href":"https:\/\/radiorevelacionfm.cl\/index.php?rest_route=%2Fwp%2Fv2%2Fcomments&post=25405"}],"version-history":[{"count":2,"href":"https:\/\/radiorevelacionfm.cl\/index.php?rest_route=\/wp\/v2\/posts\/25405\/revisions"}],"predecessor-version":[{"id":25408,"href":"https:\/\/radiorevelacionfm.cl\/index.php?rest_route=\/wp\/v2\/posts\/25405\/revisions\/25408"}],"wp:featuredmedia":[{"embeddable":true,"href":"https:\/\/radiorevelacionfm.cl\/index.php?rest_route=\/wp\/v2\/media\/25406"}],"wp:attachment":[{"href":"https:\/\/radiorevelacionfm.cl\/index.php?rest_route=%2Fwp%2Fv2%2Fmedia&parent=25405"}],"wp:term":[{"taxonomy":"category","embeddable":true,"href":"https:\/\/radiorevelacionfm.cl\/index.php?rest_route=%2Fwp%2Fv2%2Fcategories&post=25405"},{"taxonomy":"post_tag","embeddable":true,"href":"https:\/\/radiorevelacionfm.cl\/index.php?rest_route=%2Fwp%2Fv2%2Ftags&post=25405"}],"curies":[{"name":"wp","href":"https:\/\/api.w.org\/{rel}","templated":true}]}}