{"id":25401,"date":"2022-12-15T10:13:06","date_gmt":"2022-12-15T13:13:06","guid":{"rendered":"https:\/\/radiorevelacionfm.cl\/?p=25401"},"modified":"2022-12-15T10:13:06","modified_gmt":"2022-12-15T13:13:06","slug":"coordinan-acciones-para-seguir-mejorando-el-abastecimiento-de-programas-alimentarios-en-aysen","status":"publish","type":"post","link":"https:\/\/radiorevelacionfm.cl\/?p=25401","title":{"rendered":"Coordinan acciones para seguir mejorando el abastecimiento de programas alimentarios en Ays\u00e9n"},"content":{"rendered":"<div class=\"flex_column av_one_full  flex_column_div av-zero-column-padding first  avia-builder-el-0  el_before_av_one_full  avia-builder-el-first  \" style='border-radius:0px; '><div  class='avia-image-container  av-styling-    avia-builder-el-1  avia-builder-el-no-sibling  avia-align-center '  itemprop=\"image\" itemscope=\"itemscope\" itemtype=\"https:\/\/schema.org\/ImageObject\"  ><div class='avia-image-container-inner'><div class='avia-image-overlay-wrap'><img decoding=\"async\" class='wp-image-25402 avia-img-lazy-loading-not-25402 avia_image' src=\"https:\/\/radiorevelacionfm.cl\/wp-content\/uploads\/2022\/12\/PROGRAMA-ALIMENTOS-1-1.jpg\" alt='' title='PROGRAMA ALIMENTOS (1) (1)' height=\"600\" width=\"812\"  itemprop=\"thumbnailUrl\" srcset=\"https:\/\/radiorevelacionfm.cl\/wp-content\/uploads\/2022\/12\/PROGRAMA-ALIMENTOS-1-1.jpg 812w, https:\/\/radiorevelacionfm.cl\/wp-content\/uploads\/2022\/12\/PROGRAMA-ALIMENTOS-1-1-300x222.jpg 300w, https:\/\/radiorevelacionfm.cl\/wp-content\/uploads\/2022\/12\/PROGRAMA-ALIMENTOS-1-1-768x567.jpg 768w, https:\/\/radiorevelacionfm.cl\/wp-content\/uploads\/2022\/12\/PROGRAMA-ALIMENTOS-1-1-705x521.jpg 705w, https:\/\/radiorevelacionfm.cl\/wp-content\/uploads\/2022\/12\/PROGRAMA-ALIMENTOS-1-1-600x443.jpg 600w\" sizes=\"(max-width: 812px) 100vw, 812px\" \/><\/div><\/div><\/div><\/div><div class=\"flex_column av_one_full  flex_column_div av-zero-column-padding first  avia-builder-el-2  el_after_av_one_full  el_before_av_one_full  column-top-margin\" style='border-radius:0px; '><section class=\"av_textblock_section \"  itemscope=\"itemscope\" itemtype=\"https:\/\/schema.org\/BlogPosting\" itemprop=\"blogPost\" ><div class='avia_textblock  '   itemprop=\"text\" ><p style=\"text-align: center;\"><strong><span style=\"font-size: 18pt;\">Coordinan acciones para seguir mejorando el abastecimiento de programas alimentarios en Ays\u00e9n<\/span><\/strong><\/p>\n<div id=\"gtx-trans\" style=\"position: absolute; left: -50px; top: 4.31534px;\">\n<div class=\"gtx-trans-icon\"><\/div>\n<\/div>\n<\/div><\/section><\/div><div class=\"flex_column av_one_full  flex_column_div av-zero-column-padding first  avia-builder-el-4  el_after_av_one_full  el_before_av_hr  column-top-margin\" style='border-radius:0px; '><section class=\"av_textblock_section \"  itemscope=\"itemscope\" itemtype=\"https:\/\/schema.org\/BlogPosting\" itemprop=\"blogPost\" ><div class='avia_textblock  '   itemprop=\"text\" ><p style=\"text-align: justify;\">Con el fin de coordinar acciones concretas para mejorar el abastecimiento de los productos que componen los Programas Alimentarios en Ays\u00e9n, referente de la Seremi de Salud Ays\u00e9n, la Central de Abastecimiento del Sistema Nacional de Servicios de Salud (CENABAST) y del Ministerio de Salud, sostuvieron reuniones de trabajo y visitas a centros de salud con la finalidad de conocer el funcionamiento de los programas y la distribuci\u00f3n de estos productos a los usuarios.<\/p>\n<p style=\"text-align: justify;\"><span id=\"more-106961\"><\/span>As\u00ed lo manifest\u00f3 la Encargada de los Programas Alimentarios de la Seremi de Salud, Camila Castro, quien entreg\u00f3 m\u00e1s antecedentes respecto. \u201cNos encontramos junto a los referentes del Ministerio de Salud de los Programas Alimentarios y los equipos de CENABAST, para conocer en terreno los Centros de Salud Familiar de la ciudad Coyhaique, con la finalidad de identificar las brechas de espacios f\u00edsicos de estos centros, ya que son los que almacenan la mayor cantidad de productos en la regi\u00f3n. Tambi\u00e9n nos hemos reunido con salud rural para conocer las brechas en relaci\u00f3n a las fechas de entrega de estos productos y las dificultades que se experimentan en materia de abastecimiento producto de la situaci\u00f3n geogr\u00e1fica en Ays\u00e9n\u201d.<\/p>\n<p style=\"text-align: justify;\">La regi\u00f3n de Ays\u00e9n tiene 3 hospitales, 4 Centros de Salud Familiar (CESFAM), 4 Centros Comunitarios de Salud Familiar (CECOSF), y 27 postas de salud rural, cuya poblaci\u00f3n es beneficiaria de los productos que conforman los Programas Alimentarios, donde uno de los problemas m\u00e1s recurrentes que se evidencian en la regi\u00f3n es la log\u00edstica de abastecimiento que, por temas geogr\u00e1ficos, se hace m\u00e1s complicado que en otras zonas del pa\u00eds.<\/p>\n<p style=\"text-align: justify;\">Frente a este escenario, el Jefe de Clientes y Log\u00edstica de CENABAST, Fabi\u00e1n Garay, se\u00f1al\u00f3 que esta visita es para garantizar a las personas beneficiarias el acceso a medicamentos y a los Programas Alimentarios. \u201cEl compromiso de CENABAST y del Ministerio de Salud, es estar permanentemente en atenci\u00f3n al abastecimiento de esta zona, controlar los tiempos de entrega, aqu\u00ed existe una planificaci\u00f3n que se debe respetar donde estamos haciendo un plan de trabajo para garantizar que se cumpla la entrega de estos insumos. Hemos notado que en esta regi\u00f3n, por su condici\u00f3n geogr\u00e1fica, el acceso es complejo y eso nos ha generado dificultades en las fechas de entrega, por eso esperamos hacer un trabajo colaborativo que nos permita seguir garantizando su abastecimiento\u201d.<\/p>\n<p style=\"text-align: justify;\">La regi\u00f3n recibe anualmente 70 toneladas de productos, entre los que se encuentran: F\u00f3rmulas para Alergia a la Prote\u00edna de la Leche de Vaca; F\u00f3rmula de Inicio; F\u00f3rmula L\u00e1ctea para Prematuros; Leche Mi Sopita.<\/p>\n<\/div><\/section><\/div><div  style='height:50px' class='hr hr-invisible   avia-builder-el-6  el_after_av_one_full  el_before_av_social_share '><span class='hr-inner ' ><span class='hr-inner-style'><\/span><\/span><\/div><\/p>\n<div  class='av-social-sharing-box  avia-builder-el-7  el_after_av_hr  el_before_av_hr  '><div class='av-share-box'><h5 class='av-share-link-description av-no-toc '>Compartir esta noticia<\/h5><ul class='av-share-box-list noLightbox'><li class='av-share-link av-social-link-facebook' ><a target=\"_blank\" aria-label=\"Compartir en Facebook\" href='https:\/\/www.facebook.com\/sharer.php?u=https:\/\/radiorevelacionfm.cl\/?p=25401&#038;t=Coordinan%20acciones%20para%20seguir%20mejorando%20el%20abastecimiento%20de%20programas%20alimentarios%20en%20Ays%C3%A9n' aria-hidden='false' data-av_icon='\ue8f3' data-av_iconfont='entypo-fontello' title='' data-avia-related-tooltip='Compartir en Facebook' rel=\"noopener\"><span class='avia_hidden_link_text'>Compartir en Facebook<\/span><\/a><\/li><li class='av-share-link av-social-link-twitter' ><a target=\"_blank\" aria-label=\"Compartir en Twitter\" href='https:\/\/twitter.com\/share?text=Coordinan%20acciones%20para%20seguir%20mejorando%20el%20abastecimiento%20de%20programas%20alimentarios%20en%20Ays%C3%A9n&#038;url=https:\/\/radiorevelacionfm.cl\/?p=25401' aria-hidden='false' data-av_icon='\ue8f1' data-av_iconfont='entypo-fontello' title='' data-avia-related-tooltip='Compartir en Twitter' rel=\"noopener\"><span class='avia_hidden_link_text'>Compartir en Twitter<\/span><\/a><\/li><li class='av-share-link av-social-link-whatsapp' ><a target=\"_blank\" aria-label=\"Compartir en Whatsapp\" href='https:\/\/api.whatsapp.com\/send?text=https:\/\/radiorevelacionfm.cl\/?p=25401' aria-hidden='false' data-av_icon='\uf232' data-av_iconfont='entypo-fontello' title='' data-avia-related-tooltip='Compartir en Whatsapp' rel=\"noopener\"><span class='avia_hidden_link_text'>Compartir en Whatsapp<\/span><\/a><\/li><li class='av-share-link av-social-link-linkedin' ><a target=\"_blank\" aria-label=\"Compartir en LinkedIn\" href='https:\/\/linkedin.com\/shareArticle?mini=true&#038;title=Coordinan%20acciones%20para%20seguir%20mejorando%20el%20abastecimiento%20de%20programas%20alimentarios%20en%20Ays%C3%A9n&#038;url=https:\/\/radiorevelacionfm.cl\/?p=25401' aria-hidden='false' data-av_icon='\ue8fc' data-av_iconfont='entypo-fontello' title='' data-avia-related-tooltip='Compartir en LinkedIn' rel=\"noopener\"><span class='avia_hidden_link_text'>Compartir en LinkedIn<\/span><\/a><\/li><li class='av-share-link av-social-link-mail' ><a  aria-label=\"Compartir por correo\" href='mailto:?subject=Coordinan%20acciones%20para%20seguir%20mejorando%20el%20abastecimiento%20de%20programas%20alimentarios%20en%20Ays%C3%A9n&#038;body=https:\/\/radiorevelacionfm.cl\/?p=25401' aria-hidden='false' data-av_icon='\ue805' data-av_iconfont='entypo-fontello' title='' data-avia-related-tooltip='Compartir por correo'><span class='avia_hidden_link_text'>Compartir por correo<\/span><\/a><\/li><\/ul><\/div><\/div>\n<div  style='height:50px' class='hr hr-invisible   avia-builder-el-8  el_after_av_social_share  el_before_av_comments_list '><span class='hr-inner ' ><span class='hr-inner-style'><\/span><\/span><\/div>\n<div  class='av-buildercomment  av-blog-meta-html-info-disabled av-blog-meta-tag-disabled  '><\/div>\n","protected":false},"excerpt":{"rendered":"","protected":false},"author":1,"featured_media":25402,"comment_status":"open","ping_status":"open","sticky":false,"template":"","format":"standard","meta":{"footnotes":""},"categories":[46],"tags":[],"class_list":["post-25401","post","type-post","status-publish","format-standard","has-post-thumbnail","hentry","category-salud"],"jetpack_featured_media_url":"https:\/\/radiorevelacionfm.cl\/wp-content\/uploads\/2022\/12\/PROGRAMA-ALIMENTOS-1-1.jpg","_links":{"self":[{"href":"https:\/\/radiorevelacionfm.cl\/index.php?rest_route=\/wp\/v2\/posts\/25401","targetHints":{"allow":["GET"]}}],"collection":[{"href":"https:\/\/radiorevelacionfm.cl\/index.php?rest_route=\/wp\/v2\/posts"}],"about":[{"href":"https:\/\/radiorevelacionfm.cl\/index.php?rest_route=\/wp\/v2\/types\/post"}],"author":[{"embeddable":true,"href":"https:\/\/radiorevelacionfm.cl\/index.php?rest_route=\/wp\/v2\/users\/1"}],"replies":[{"embeddable":true,"href":"https:\/\/radiorevelacionfm.cl\/index.php?rest_route=%2Fwp%2Fv2%2Fcomments&post=25401"}],"version-history":[{"count":2,"href":"https:\/\/radiorevelacionfm.cl\/index.php?rest_route=\/wp\/v2\/posts\/25401\/revisions"}],"predecessor-version":[{"id":25404,"href":"https:\/\/radiorevelacionfm.cl\/index.php?rest_route=\/wp\/v2\/posts\/25401\/revisions\/25404"}],"wp:featuredmedia":[{"embeddable":true,"href":"https:\/\/radiorevelacionfm.cl\/index.php?rest_route=\/wp\/v2\/media\/25402"}],"wp:attachment":[{"href":"https:\/\/radiorevelacionfm.cl\/index.php?rest_route=%2Fwp%2Fv2%2Fmedia&parent=25401"}],"wp:term":[{"taxonomy":"category","embeddable":true,"href":"https:\/\/radiorevelacionfm.cl\/index.php?rest_route=%2Fwp%2Fv2%2Fcategories&post=25401"},{"taxonomy":"post_tag","embeddable":true,"href":"https:\/\/radiorevelacionfm.cl\/index.php?rest_route=%2Fwp%2Fv2%2Ftags&post=25401"}],"curies":[{"name":"wp","href":"https:\/\/api.w.org\/{rel}","templated":true}]}}