{"id":25397,"date":"2022-12-15T09:33:03","date_gmt":"2022-12-15T12:33:03","guid":{"rendered":"https:\/\/radiorevelacionfm.cl\/?p=25397"},"modified":"2022-12-15T09:33:03","modified_gmt":"2022-12-15T12:33:03","slug":"en-chile-chico-inauguran-reposicion-del-cuartel-de-bomberos","status":"publish","type":"post","link":"https:\/\/radiorevelacionfm.cl\/?p=25397","title":{"rendered":"En Chile Chico inauguran reposici\u00f3n del Cuartel de Bomberos"},"content":{"rendered":"<div class=\"flex_column av_one_full  flex_column_div av-zero-column-padding first  avia-builder-el-0  el_before_av_one_full  avia-builder-el-first  \" style='border-radius:0px; '><div  class='avia-image-container  av-styling-    avia-builder-el-1  avia-builder-el-no-sibling  avia-align-center '  itemprop=\"image\" itemscope=\"itemscope\" itemtype=\"https:\/\/schema.org\/ImageObject\"  ><div class='avia-image-container-inner'><div class='avia-image-overlay-wrap'><img decoding=\"async\" class='wp-image-25398 avia-img-lazy-loading-not-25398 avia_image' src=\"https:\/\/radiorevelacionfm.cl\/wp-content\/uploads\/2022\/12\/2-51-1-1.jpeg\" alt='' title='2 (51) (1) (1)' height=\"600\" width=\"900\"  itemprop=\"thumbnailUrl\" srcset=\"https:\/\/radiorevelacionfm.cl\/wp-content\/uploads\/2022\/12\/2-51-1-1.jpeg 900w, https:\/\/radiorevelacionfm.cl\/wp-content\/uploads\/2022\/12\/2-51-1-1-300x200.jpeg 300w, https:\/\/radiorevelacionfm.cl\/wp-content\/uploads\/2022\/12\/2-51-1-1-768x512.jpeg 768w, https:\/\/radiorevelacionfm.cl\/wp-content\/uploads\/2022\/12\/2-51-1-1-705x470.jpeg 705w, https:\/\/radiorevelacionfm.cl\/wp-content\/uploads\/2022\/12\/2-51-1-1-600x400.jpeg 600w\" sizes=\"(max-width: 900px) 100vw, 900px\" \/><\/div><\/div><\/div><\/div><div class=\"flex_column av_one_full  flex_column_div av-zero-column-padding first  avia-builder-el-2  el_after_av_one_full  el_before_av_one_full  column-top-margin\" style='border-radius:0px; '><section class=\"av_textblock_section \"  itemscope=\"itemscope\" itemtype=\"https:\/\/schema.org\/BlogPosting\" itemprop=\"blogPost\" ><div class='avia_textblock  '   itemprop=\"text\" ><p style=\"text-align: center;\"><strong><span style=\"font-size: 18pt;\">En Chile Chico inauguran reposici\u00f3n del Cuartel de Bomberos<\/span><\/strong><\/p>\n<div id=\"gtx-trans\" style=\"position: absolute; left: -50px; top: 4.31534px;\">\n<div class=\"gtx-trans-icon\"><\/div>\n<\/div>\n<\/div><\/section><\/div><div class=\"flex_column av_one_full  flex_column_div av-zero-column-padding first  avia-builder-el-4  el_after_av_one_full  el_before_av_hr  column-top-margin\" style='border-radius:0px; '><section class=\"av_textblock_section \"  itemscope=\"itemscope\" itemtype=\"https:\/\/schema.org\/BlogPosting\" itemprop=\"blogPost\" ><div class='avia_textblock  '   itemprop=\"text\" ><div>\n<p class=\"v1gmail-p3\" style=\"text-align: justify;\"><span style=\"font-size: 12pt;\">La Gobernadora Regional, Andrea Mac\u00edas Palma, junto al alcalde de Chile Chico, Luperciano Mu\u00f1oz, el Delegado Presidencial Provincial de General Carrera, Daniel Fern\u00e1ndez, la Consejera, Paulina Hern\u00e1ndez, autoridades locales y de bomberos, e integrantes de la instituci\u00f3n asistieron a la ceremonia de inauguraci\u00f3n del Cuartel de Bomberos de Chile Chico.<\/span><\/p>\n<p class=\"v1gmail-p3\" style=\"text-align: justify;\"><span style=\"font-size: 12pt;\"> Son 577,65 metros cuadrados de estructura, de dos pisos, con una \u00e1rea administrativa,<span class=\"v1gmail-Apple-converted-space\">\u00a0\u00a0<\/span>de guardia, hall de acceso, central de alarmas, sala de sesiones (uso m\u00faltiple), ba\u00f1os, casa del cuartelero, zona de operaciones, m\u00e1quinas y bodega, entre otros.<\/span><\/p>\n<p class=\"v1gmail-p3\" style=\"text-align: justify;\"><span style=\"font-size: 12pt;\"> \u00abEn la inauguraci\u00f3n de este tremendo proyecto que fue la reposici\u00f3n del Cuartel de Bomberos que alberga a la primera y segunda compa\u00f1\u00eda. Una inversi\u00f3n del Gobierno Regional y su Consejo de cerca de seiscientos setenta millones de pesos que viene a entregar una infraestructura que otorga dignidad a todos quienes ejercen esta labor de manera voluntaria, quienes se ponen a disposici\u00f3n, quienes arriesgan su vida por nosotros\u00bb, dijo la Gobernadora Regional, Andrea Mac\u00edas Palma.<span class=\"v1gmail-Apple-converted-space\">\u00a0<\/span><\/span><\/p>\n<p class=\"v1gmail-p3\" style=\"text-align: justify;\"><span style=\"font-size: 12pt;\"> La unidad t\u00e9cnica responsable<span class=\"v1gmail-Apple-converted-space\">\u00a0\u00a0<\/span>del proyecto fue la Municipalidad de Chile Chico con los recursos otorgados a trav\u00e9s del Fondo Nacional de Desarrollo Regional (FNDR). El alcalde de la comuna agradeci\u00f3 el aporte del Gobierno Regional y su Consejo as\u00ed como el haber contemplado la ampliaci\u00f3n del monto para terminar las obras.<span class=\"v1gmail-Apple-converted-space\">\u00a0<\/span><\/span><\/p>\n<p class=\"v1gmail-p3\" style=\"text-align: justify;\"><span style=\"font-size: 12pt;\"> \u00abRecordemos que el financiamiento es del Gobierno Regional, nosotros participamos como unidad t\u00e9cnica y la verdad que agradecer siempre la disposici\u00f3n que tiene la Gobernadora porque tambi\u00e9n se financiaron los recursos adicionales para poder terminar la obra\u00bb, expres\u00f3 la autoridad comunal, Luperciano Mu\u00f1oz.<\/span><\/p>\n<p class=\"v1gmail-p3\" style=\"text-align: justify;\"><span style=\"font-size: 12pt;\"> El presidente regional de los bomberos de Ays\u00e9n, Miguel Jara, habl\u00f3 a las y los presentes durante la ceremonia donde inform\u00f3 sobre la historia de Bomberos de Chile tanto a nivel local y nacional, destac\u00f3 la importancia de la reposici\u00f3n de la infraestructura para las y los trabajadores que d\u00eda a d\u00eda ayudan de forma voluntaria a las vecinas y vecinos de la comuna.<\/span><\/p>\n<p class=\"v1gmail-p3\" style=\"text-align: justify;\"><span style=\"font-size: 12pt;\"> \u00abPor fin hoy se concreta un sue\u00f1o que es tener una casa nueva, unas dependencias en las cuales las bomberas de Chile Chico, los bomberos de Chile Chico, van a poder contar con<span class=\"v1gmail-Apple-converted-space\">\u00a0\u00a0<\/span>un lugar donde puedan descansar, donde puedan hacer sus guardias, como est\u00e1n bien equipadas, poder guardar sus carros de forma adecuada. Ya no tendr\u00e1n problemas con las goteras que ten\u00edan antes. Entonces, esto es s\u00faper importante para ellos\u00bb, cont\u00f3 el bombero Miguel Jara.<\/span><\/p>\n<p class=\"v1gmail-p3\" style=\"text-align: justify;\"><span style=\"font-size: 12pt;\"> Como t\u00e9rmino de la ceremonia, las autoridades junto a las y los asistentes cortaron la cinta afuera del Cuartel de Bomberos y descubrieron la placa que recuerda la inauguraci\u00f3n.<span class=\"v1gmail-Apple-converted-space\">\u00a0<\/span><\/span><\/p>\n<p class=\"v1gmail-p3\" style=\"text-align: justify;\"><span style=\"font-size: 12pt;\"> \u00abEstamos viendo y evidenciando tambi\u00e9n los resultados. Primero, la aprobaci\u00f3n dentro del Consejo Regional y por segundo tambi\u00e9n hoy d\u00eda lo que es la inauguraci\u00f3n de este Cuartel de Bomberos para el cuerpo de bomberos de Chile Chico, as\u00ed que, realmente contentos, felices, de poder aportar no solamente respecto a la creaci\u00f3n de infraestructura que tambi\u00e9n genera mano de obra, sino que, adem\u00e1s una infraestructura so\u00f1ada para un cuerpo de bomberos con tanta historia como lo es el cuerpo de bomberos de Chile Chico\u00bb, expres\u00f3 la Consejera Regional de la Provincia de General Carrera, Paulina Hern\u00e1ndez.<span class=\"v1gmail-Apple-converted-space\">\u00a0<\/span><\/span><\/p>\n<\/div>\n<\/div><\/section><\/div><div  style='height:50px' class='hr hr-invisible   avia-builder-el-6  el_after_av_one_full  el_before_av_social_share '><span class='hr-inner ' ><span class='hr-inner-style'><\/span><\/span><\/div><\/p>\n<div  class='av-social-sharing-box  avia-builder-el-7  el_after_av_hr  el_before_av_hr  '><div class='av-share-box'><h5 class='av-share-link-description av-no-toc '>Compartir esta noticia<\/h5><ul class='av-share-box-list noLightbox'><li class='av-share-link av-social-link-facebook' ><a target=\"_blank\" aria-label=\"Compartir en Facebook\" href='https:\/\/www.facebook.com\/sharer.php?u=https:\/\/radiorevelacionfm.cl\/?p=25397&#038;t=En%20Chile%20Chico%20inauguran%20reposici%C3%B3n%20del%20Cuartel%20de%20Bomberos' aria-hidden='false' data-av_icon='\ue8f3' data-av_iconfont='entypo-fontello' title='' data-avia-related-tooltip='Compartir en Facebook' rel=\"noopener\"><span class='avia_hidden_link_text'>Compartir en Facebook<\/span><\/a><\/li><li class='av-share-link av-social-link-twitter' ><a target=\"_blank\" aria-label=\"Compartir en Twitter\" href='https:\/\/twitter.com\/share?text=En%20Chile%20Chico%20inauguran%20reposici%C3%B3n%20del%20Cuartel%20de%20Bomberos&#038;url=https:\/\/radiorevelacionfm.cl\/?p=25397' aria-hidden='false' data-av_icon='\ue8f1' data-av_iconfont='entypo-fontello' title='' data-avia-related-tooltip='Compartir en Twitter' rel=\"noopener\"><span class='avia_hidden_link_text'>Compartir en Twitter<\/span><\/a><\/li><li class='av-share-link av-social-link-whatsapp' ><a target=\"_blank\" aria-label=\"Compartir en Whatsapp\" href='https:\/\/api.whatsapp.com\/send?text=https:\/\/radiorevelacionfm.cl\/?p=25397' aria-hidden='false' data-av_icon='\uf232' data-av_iconfont='entypo-fontello' title='' data-avia-related-tooltip='Compartir en Whatsapp' rel=\"noopener\"><span class='avia_hidden_link_text'>Compartir en Whatsapp<\/span><\/a><\/li><li class='av-share-link av-social-link-linkedin' ><a target=\"_blank\" aria-label=\"Compartir en LinkedIn\" href='https:\/\/linkedin.com\/shareArticle?mini=true&#038;title=En%20Chile%20Chico%20inauguran%20reposici%C3%B3n%20del%20Cuartel%20de%20Bomberos&#038;url=https:\/\/radiorevelacionfm.cl\/?p=25397' aria-hidden='false' data-av_icon='\ue8fc' data-av_iconfont='entypo-fontello' title='' data-avia-related-tooltip='Compartir en LinkedIn' rel=\"noopener\"><span class='avia_hidden_link_text'>Compartir en LinkedIn<\/span><\/a><\/li><li class='av-share-link av-social-link-mail' ><a  aria-label=\"Compartir por correo\" href='mailto:?subject=En%20Chile%20Chico%20inauguran%20reposici%C3%B3n%20del%20Cuartel%20de%20Bomberos&#038;body=https:\/\/radiorevelacionfm.cl\/?p=25397' aria-hidden='false' data-av_icon='\ue805' data-av_iconfont='entypo-fontello' title='' data-avia-related-tooltip='Compartir por correo'><span class='avia_hidden_link_text'>Compartir por correo<\/span><\/a><\/li><\/ul><\/div><\/div>\n<div  style='height:50px' class='hr hr-invisible   avia-builder-el-8  el_after_av_social_share  el_before_av_comments_list '><span class='hr-inner ' ><span class='hr-inner-style'><\/span><\/span><\/div>\n<div  class='av-buildercomment  av-blog-meta-html-info-disabled av-blog-meta-tag-disabled  '><\/div>\n","protected":false},"excerpt":{"rendered":"","protected":false},"author":1,"featured_media":25398,"comment_status":"open","ping_status":"open","sticky":false,"template":"","format":"standard","meta":{"footnotes":""},"categories":[38],"tags":[],"class_list":["post-25397","post","type-post","status-publish","format-standard","has-post-thumbnail","hentry","category-regional"],"jetpack_featured_media_url":"https:\/\/radiorevelacionfm.cl\/wp-content\/uploads\/2022\/12\/2-51-1-1.jpeg","_links":{"self":[{"href":"https:\/\/radiorevelacionfm.cl\/index.php?rest_route=\/wp\/v2\/posts\/25397","targetHints":{"allow":["GET"]}}],"collection":[{"href":"https:\/\/radiorevelacionfm.cl\/index.php?rest_route=\/wp\/v2\/posts"}],"about":[{"href":"https:\/\/radiorevelacionfm.cl\/index.php?rest_route=\/wp\/v2\/types\/post"}],"author":[{"embeddable":true,"href":"https:\/\/radiorevelacionfm.cl\/index.php?rest_route=\/wp\/v2\/users\/1"}],"replies":[{"embeddable":true,"href":"https:\/\/radiorevelacionfm.cl\/index.php?rest_route=%2Fwp%2Fv2%2Fcomments&post=25397"}],"version-history":[{"count":2,"href":"https:\/\/radiorevelacionfm.cl\/index.php?rest_route=\/wp\/v2\/posts\/25397\/revisions"}],"predecessor-version":[{"id":25400,"href":"https:\/\/radiorevelacionfm.cl\/index.php?rest_route=\/wp\/v2\/posts\/25397\/revisions\/25400"}],"wp:featuredmedia":[{"embeddable":true,"href":"https:\/\/radiorevelacionfm.cl\/index.php?rest_route=\/wp\/v2\/media\/25398"}],"wp:attachment":[{"href":"https:\/\/radiorevelacionfm.cl\/index.php?rest_route=%2Fwp%2Fv2%2Fmedia&parent=25397"}],"wp:term":[{"taxonomy":"category","embeddable":true,"href":"https:\/\/radiorevelacionfm.cl\/index.php?rest_route=%2Fwp%2Fv2%2Fcategories&post=25397"},{"taxonomy":"post_tag","embeddable":true,"href":"https:\/\/radiorevelacionfm.cl\/index.php?rest_route=%2Fwp%2Fv2%2Ftags&post=25397"}],"curies":[{"name":"wp","href":"https:\/\/api.w.org\/{rel}","templated":true}]}}