{"id":25392,"date":"2022-12-14T18:18:11","date_gmt":"2022-12-14T21:18:11","guid":{"rendered":"https:\/\/radiorevelacionfm.cl\/?p=25392"},"modified":"2022-12-14T18:18:11","modified_gmt":"2022-12-14T21:18:11","slug":"autoridades-presentan-plan-de-verano-para-la-ruta-bimodal-con-16-medidas-concretas","status":"publish","type":"post","link":"https:\/\/radiorevelacionfm.cl\/?p=25392","title":{"rendered":"Autoridades presentan plan de verano para la ruta bimodal con 16 medidas concretas"},"content":{"rendered":"<div class=\"flex_column av_one_full  flex_column_div av-zero-column-padding first  avia-builder-el-0  el_before_av_one_full  avia-builder-el-first  \" style='border-radius:0px; '><div  class='avia-image-container  av-styling-    avia-builder-el-1  avia-builder-el-no-sibling  avia-align-center '  itemprop=\"image\" itemscope=\"itemscope\" itemtype=\"https:\/\/schema.org\/ImageObject\"  ><div class='avia-image-container-inner'><div class='avia-image-overlay-wrap'><img decoding=\"async\" class='wp-image-25393 avia-img-lazy-loading-not-25393 avia_image' src=\"https:\/\/radiorevelacionfm.cl\/wp-content\/uploads\/2022\/12\/IMG_3750-1.jpg\" alt='' title='IMG_3750 (1)' height=\"600\" width=\"900\"  itemprop=\"thumbnailUrl\" srcset=\"https:\/\/radiorevelacionfm.cl\/wp-content\/uploads\/2022\/12\/IMG_3750-1.jpg 900w, https:\/\/radiorevelacionfm.cl\/wp-content\/uploads\/2022\/12\/IMG_3750-1-300x200.jpg 300w, https:\/\/radiorevelacionfm.cl\/wp-content\/uploads\/2022\/12\/IMG_3750-1-768x512.jpg 768w, https:\/\/radiorevelacionfm.cl\/wp-content\/uploads\/2022\/12\/IMG_3750-1-705x470.jpg 705w, https:\/\/radiorevelacionfm.cl\/wp-content\/uploads\/2022\/12\/IMG_3750-1-600x400.jpg 600w\" sizes=\"(max-width: 900px) 100vw, 900px\" \/><\/div><\/div><\/div><\/div><div class=\"flex_column av_one_full  flex_column_div av-zero-column-padding first  avia-builder-el-2  el_after_av_one_full  el_before_av_one_full  column-top-margin\" style='border-radius:0px; '><section class=\"av_textblock_section \"  itemscope=\"itemscope\" itemtype=\"https:\/\/schema.org\/BlogPosting\" itemprop=\"blogPost\" ><div class='avia_textblock  '   itemprop=\"text\" ><p style=\"text-align: center;\"><span style=\"font-size: 18pt;\"><b>Autoridades presentan plan de verano para la ruta bimodal con 16 medidas concretas<\/b><\/span><\/p>\n<div id=\"gtx-trans\" style=\"position: absolute; left: -50px; top: 4.31534px;\">\n<div class=\"gtx-trans-icon\"><\/div>\n<\/div>\n<\/div><\/section><\/div><div class=\"flex_column av_one_full  flex_column_div av-zero-column-padding first  avia-builder-el-4  el_after_av_one_full  el_before_av_hr  column-top-margin\" style='border-radius:0px; '><section class=\"av_textblock_section \"  itemscope=\"itemscope\" itemtype=\"https:\/\/schema.org\/BlogPosting\" itemprop=\"blogPost\" ><div class='avia_textblock  '   itemprop=\"text\" ><p style=\"font-weight: 400; text-align: justify;\">El plan es fruto de una mesa t\u00e9cnica birregional convocada por el Ministerio de Transportes y Telecomunicaciones y que involucr\u00f3 a los gobiernos regionales de Los Lagos y Ays\u00e9n, MOP, Ministerio de Econom\u00eda y municipios.<\/p>\n<p style=\"font-weight: 400; text-align: justify;\">El llamado a los turistas es a planificar su viaje en la ruta bimodal. Para evitar aglomeraciones en torno a las rampas, s\u00f3lo podr\u00e1n abordar las barcazas aquellos veh\u00edculos que hayan comprado sus tickets con anticipaci\u00f3n.<\/p>\n<p style=\"font-weight: 400; text-align: justify;\">Luego de casi dos meses de trabajo para planificar la operaci\u00f3n de la ruta bimodal durante la temporada estival, el subsecretario de Transportes, Crist\u00f3bal Pineda, junto a las autoridades regionales de Los Lagos y Ays\u00e9n, dieron a conocer dieron a conocer los detalles del plan que se implementar\u00e1 durante enero y febrero de 2023.<\/p>\n<p style=\"font-weight: 400; text-align: justify;\">Entre las 16 medidas contenidas en el Plan Verano destaca el aumento de un 23% en la capacidad del sistema de transporte mar\u00edtimo Los Lagos-Ays\u00e9n, orientado a absorber la mayor demanda generada por el turismo estival a trav\u00e9s de distintas rutas. En el caso particular de la ruta bimodal, este verano s\u00f3lo podr\u00e1n abordar a las barcazas aquellos veh\u00edculos que hayan comprado sus tickets con anterioridad. Esta medida busca evitar la aglomeraci\u00f3n de veh\u00edculos sin tickets esperando para embarcar, lo que en a\u00f1os anteriores ha entorpecido el desplazamiento de quienes planificaron su viaje con tiempo. Asimismo, los residentes de la zona contar\u00e1n con espacio reservado para ellos en las barcazas de esta ruta.<\/p>\n<p style=\"font-weight: 400; text-align: justify;\">A lo anterior se suma la habilitaci\u00f3n de mejoras en infraestructura como la instalaci\u00f3n de ba\u00f1os p\u00fablicos provisorios en la rampa de Hornopir\u00e9n. Para informar todas estas medidas a residentes y turistas, Sernatur realizar\u00e1 la campa\u00f1a informativa \u201cPlanifica tu viaje\u201d de Sernatur y se instalar\u00e1 un nuevo punto de informaci\u00f3n en Caleta Gonzalo y paneles informativos en la ruta.<\/p>\n<p style=\"font-weight: 400; text-align: justify;\">El subsecretario de Transportes, Crist\u00f3bal Pineda, destac\u00f3 que \u201chemos impulsado este esfuerzo in\u00e9dito de coordinaci\u00f3n intersectorial y birregional para adelantarnos a problemas ya conocidos. Nuestro objetivo es que durante este verano residentes y turistas de Palena y Ays\u00e9n puedan desplazarse sin contratiempos a trav\u00e9s de la ruta bimodal\u201d.\u00a0 El Subsecretario destac\u00f3 que este plan es el primer paso para abordar los desaf\u00edos de mediano y largo plazo en la conectividad mar\u00edtima de ambas regiones. \u201cSabemos que hay dolores y demandas hist\u00f3ricas en materia de conectividad en las regiones de Los Lagos y Ays\u00e9n a\u00fan pendientes. Todas las instituciones presentes nos hemos comprometido a seguir trabajando para resolverlos colaborativamente\u201d, subray\u00f3.<\/p>\n<p style=\"font-weight: 400; text-align: justify;\">Este plan de transporte requiri\u00f3 de un trabajo coordinado en el que, adem\u00e1s de la Subsecretar\u00eda de Transportes, tambi\u00e9n participaron los gobiernos regionales de Los Lagos y Ays\u00e9n, las delegaciones presidenciales de ambas regiones, el Ministerio de Obras P\u00fablicas, el Ministerio de Econom\u00eda, Sernatur, CONAF, Carabineros de Chile, la Autoridad Mar\u00edtima y la Empresa Portuaria de Puerto Montt.<\/p>\n<p style=\"font-weight: 400; text-align: justify;\">El gobernador regional de Los Lagos, Patricio Vallesp\u00edn, destac\u00f3 la importancia del aumento de un 30% del sistema de transporte mar\u00edtimo en la regi\u00f3n: \u201cNos estamos haciendo cargo de una situaci\u00f3n que si no hici\u00e9ramos nada, el colapso de este a\u00f1o en el verano ser\u00eda igual o peor. Por eso valoramos la disposici\u00f3n del Ministerio de Transportes de juntar miradas de nivel nacional y el nivel regional para ver c\u00f3mo mejorar el servicio que el a\u00f1o pasado no estuvo a la altura de lo que los turistas se merecen y los usuarios recurrentes de nuestra regi\u00f3n se merecen\u201d.<\/p>\n<p style=\"font-weight: 400; text-align: justify;\">La delegada presidencial regional de Los Lagos, Giovanna Moreira, destac\u00f3 el aporte de esta mesa en materias de seguridad econ\u00f3mica, social y ciudadana. \u201cEs importante revelar esta instancia in\u00e9dita para evitar una contingencia que podr\u00edamos tener en el verano y que apunta a fortalecer la reactivaci\u00f3n econ\u00f3mica y la reactivaci\u00f3n del turismo que es tan importante para la provincia de Palena\u201d.<\/p>\n<p style=\"font-weight: 400; text-align: justify;\">El delegado presidencial regional de Ays\u00e9n, Rodrigo Araya, destac\u00f3 que \u201cesta mesa es trascendental. Siempre las regiones han participado de forma individual en las soluciones colectivas, pero en esta ocasi\u00f3n el Presidente, a trav\u00e9s del Ministerio de Transportes, le ha dado en mandado\u00a0 de resolver esto con consideraci\u00f3n a las dos regiones, Ays\u00e9n y Los Lagos\u201d.<\/p>\n<p style=\"font-weight: 400; text-align: justify;\">Las autoridades comprometieron la mantenci\u00f3n de esta mesa para trabajar con un enfoque birregional en la formulaci\u00f3n de soluciones de largo plazo en materia de conectividad.<\/p>\n<table style=\"font-weight: 400;\" width=\"602\">\n<tbody>\n<tr>\n<td width=\"602\"><strong>Las medidas del Plan Verano de la Ruta Bimodal<\/strong><\/p>\n<p><strong>Optimizaci\u00f3n del transporte de veh\u00edculos<\/strong><\/p>\n<p>\u25cf\u00a0\u00a0\u00a0\u00a0\u00a0\u00a0\u00a0Aumento de un 23% en la capacidad del sistema de transporte mar\u00edtimo Los Lagos-Ays\u00e9n, 30% de aumento en el caso de Los Lagos.<\/p>\n<p>\u25cf\u00a0\u00a0\u00a0\u00a0\u00a0\u00a0\u00a0S\u00f3lo veh\u00edculos con tickets comprados previamente podr\u00e1n embarcar en la Ruta Bimodal.<\/p>\n<p>\u25cf\u00a0\u00a0\u00a0\u00a0\u00a0\u00a0\u00a0Camiones rampla mayores a 21 metros no podr\u00e1n circular por la Ruta Bimodal durante enero y febrero.<\/p>\n<p>\u25cf\u00a0\u00a0\u00a0\u00a0\u00a0\u00a0\u00a0Refuerzo del personal policial en los accesos a rampas de Hornopir\u00e9n y Caleta Gonzalo.<\/p>\n<p><strong>Facilidades para residentes<\/strong><\/p>\n<p>\u25cf\u00a0\u00a0\u00a0\u00a0\u00a0\u00a0\u00a0Espacio reservado para residentes de la provincia de Palena y la comuna de Cisnes en barcazas de la Ruta Bimodal.<\/p>\n<p>\u25cf\u00a0\u00a0\u00a0\u00a0\u00a0\u00a0\u00a0Registro de residentes para asegurarles acceso a la compra de tickets.<\/p>\n<p>\u25cf\u00a0\u00a0\u00a0\u00a0\u00a0\u00a0\u00a0Gesti\u00f3n para reservar espacio para transportistas locales en servicio subsidiado Litoral Norte.<\/p>\n<p><strong>M\u00e1s informaci\u00f3n<\/strong><\/p>\n<p>\u25cf\u00a0\u00a0\u00a0\u00a0\u00a0\u00a0\u00a0Campa\u00f1a informativa \u201cPlanifica tu viaje\u201d para evitar aglomeraciones de turistas sin tickets.<\/p>\n<p>\u25cf\u00a0\u00a0\u00a0\u00a0\u00a0\u00a0\u00a0Informaci\u00f3n en ruta para orientar a los viajeros.<\/p>\n<p>\u25cf\u00a0\u00a0\u00a0\u00a0\u00a0\u00a0\u00a0Nuevo punto de informaci\u00f3n, consultas y reclamos en Caleta Gonzalo.<\/p>\n<p><strong>Mejoras en infraestructura<\/strong><\/p>\n<p>\u25cf\u00a0\u00a0\u00a0\u00a0\u00a0\u00a0\u00a0Habilitaci\u00f3n de ba\u00f1os p\u00fablicos provisorios en la rampa de Hornopir\u00e9n.<\/p>\n<p>\u25cf\u00a0\u00a0\u00a0\u00a0\u00a0\u00a0\u00a0Limpieza de rampas.<\/p>\n<p>\u25cf\u00a0\u00a0\u00a0\u00a0\u00a0\u00a0\u00a0Refuerzo del personal en todas las rampas.<\/p>\n<p><strong>M\u00e1s y mejor coordinaci\u00f3n<\/strong><\/p>\n<p>\u25cf\u00a0\u00a0\u00a0\u00a0\u00a0\u00a0\u00a0Comunicaci\u00f3n peri\u00f3dica con la Autoridad Mar\u00edtima ante interrupciones del servicio.<\/p>\n<p>\u25cf\u00a0\u00a0\u00a0\u00a0\u00a0\u00a0\u00a0Coordinaci\u00f3n birregional permanente para afrontar contingencias y mejoras a la ruta.<\/p>\n<p>\u25cf\u00a0\u00a0\u00a0\u00a0\u00a0\u00a0\u00a0Compromiso de seguir trabajando en soluciones permanentes.<\/td>\n<\/tr>\n<\/tbody>\n<\/table>\n<\/div><\/section><\/div><div  style='height:50px' class='hr hr-invisible   avia-builder-el-6  el_after_av_one_full  el_before_av_social_share '><span class='hr-inner ' ><span class='hr-inner-style'><\/span><\/span><\/div><\/p>\n<div  class='av-social-sharing-box  avia-builder-el-7  el_after_av_hr  el_before_av_hr  '><div class='av-share-box'><h5 class='av-share-link-description av-no-toc '>Compartir esta noticia<\/h5><ul class='av-share-box-list noLightbox'><li class='av-share-link av-social-link-facebook' ><a target=\"_blank\" aria-label=\"Compartir en Facebook\" href='https:\/\/www.facebook.com\/sharer.php?u=https:\/\/radiorevelacionfm.cl\/?p=25392&#038;t=Autoridades%20presentan%20plan%20de%20verano%20para%20la%20ruta%20bimodal%20con%2016%20medidas%20concretas' aria-hidden='false' data-av_icon='\ue8f3' data-av_iconfont='entypo-fontello' title='' data-avia-related-tooltip='Compartir en Facebook' rel=\"noopener\"><span class='avia_hidden_link_text'>Compartir en Facebook<\/span><\/a><\/li><li class='av-share-link av-social-link-twitter' ><a target=\"_blank\" aria-label=\"Compartir en Twitter\" href='https:\/\/twitter.com\/share?text=Autoridades%20presentan%20plan%20de%20verano%20para%20la%20ruta%20bimodal%20con%2016%20medidas%20concretas&#038;url=https:\/\/radiorevelacionfm.cl\/?p=25392' aria-hidden='false' data-av_icon='\ue8f1' data-av_iconfont='entypo-fontello' title='' data-avia-related-tooltip='Compartir en Twitter' rel=\"noopener\"><span class='avia_hidden_link_text'>Compartir en Twitter<\/span><\/a><\/li><li class='av-share-link av-social-link-whatsapp' ><a target=\"_blank\" aria-label=\"Compartir en Whatsapp\" href='https:\/\/api.whatsapp.com\/send?text=https:\/\/radiorevelacionfm.cl\/?p=25392' aria-hidden='false' data-av_icon='\uf232' data-av_iconfont='entypo-fontello' title='' data-avia-related-tooltip='Compartir en Whatsapp' rel=\"noopener\"><span class='avia_hidden_link_text'>Compartir en Whatsapp<\/span><\/a><\/li><li class='av-share-link av-social-link-linkedin' ><a target=\"_blank\" aria-label=\"Compartir en LinkedIn\" href='https:\/\/linkedin.com\/shareArticle?mini=true&#038;title=Autoridades%20presentan%20plan%20de%20verano%20para%20la%20ruta%20bimodal%20con%2016%20medidas%20concretas&#038;url=https:\/\/radiorevelacionfm.cl\/?p=25392' aria-hidden='false' data-av_icon='\ue8fc' data-av_iconfont='entypo-fontello' title='' data-avia-related-tooltip='Compartir en LinkedIn' rel=\"noopener\"><span class='avia_hidden_link_text'>Compartir en LinkedIn<\/span><\/a><\/li><li class='av-share-link av-social-link-mail' ><a  aria-label=\"Compartir por correo\" href='mailto:?subject=Autoridades%20presentan%20plan%20de%20verano%20para%20la%20ruta%20bimodal%20con%2016%20medidas%20concretas&#038;body=https:\/\/radiorevelacionfm.cl\/?p=25392' aria-hidden='false' data-av_icon='\ue805' data-av_iconfont='entypo-fontello' title='' data-avia-related-tooltip='Compartir por correo'><span class='avia_hidden_link_text'>Compartir por correo<\/span><\/a><\/li><\/ul><\/div><\/div>\n<div  style='height:50px' class='hr hr-invisible   avia-builder-el-8  el_after_av_social_share  el_before_av_comments_list '><span class='hr-inner ' ><span class='hr-inner-style'><\/span><\/span><\/div>\n<div  class='av-buildercomment  av-blog-meta-html-info-disabled av-blog-meta-tag-disabled  '><\/div>\n","protected":false},"excerpt":{"rendered":"","protected":false},"author":1,"featured_media":25393,"comment_status":"open","ping_status":"open","sticky":false,"template":"","format":"standard","meta":{"footnotes":""},"categories":[59],"tags":[],"class_list":["post-25392","post","type-post","status-publish","format-standard","has-post-thumbnail","hentry","category-transporte"],"jetpack_featured_media_url":"https:\/\/radiorevelacionfm.cl\/wp-content\/uploads\/2022\/12\/IMG_3750-1.jpg","_links":{"self":[{"href":"https:\/\/radiorevelacionfm.cl\/index.php?rest_route=\/wp\/v2\/posts\/25392","targetHints":{"allow":["GET"]}}],"collection":[{"href":"https:\/\/radiorevelacionfm.cl\/index.php?rest_route=\/wp\/v2\/posts"}],"about":[{"href":"https:\/\/radiorevelacionfm.cl\/index.php?rest_route=\/wp\/v2\/types\/post"}],"author":[{"embeddable":true,"href":"https:\/\/radiorevelacionfm.cl\/index.php?rest_route=\/wp\/v2\/users\/1"}],"replies":[{"embeddable":true,"href":"https:\/\/radiorevelacionfm.cl\/index.php?rest_route=%2Fwp%2Fv2%2Fcomments&post=25392"}],"version-history":[{"count":2,"href":"https:\/\/radiorevelacionfm.cl\/index.php?rest_route=\/wp\/v2\/posts\/25392\/revisions"}],"predecessor-version":[{"id":25396,"href":"https:\/\/radiorevelacionfm.cl\/index.php?rest_route=\/wp\/v2\/posts\/25392\/revisions\/25396"}],"wp:featuredmedia":[{"embeddable":true,"href":"https:\/\/radiorevelacionfm.cl\/index.php?rest_route=\/wp\/v2\/media\/25393"}],"wp:attachment":[{"href":"https:\/\/radiorevelacionfm.cl\/index.php?rest_route=%2Fwp%2Fv2%2Fmedia&parent=25392"}],"wp:term":[{"taxonomy":"category","embeddable":true,"href":"https:\/\/radiorevelacionfm.cl\/index.php?rest_route=%2Fwp%2Fv2%2Fcategories&post=25392"},{"taxonomy":"post_tag","embeddable":true,"href":"https:\/\/radiorevelacionfm.cl\/index.php?rest_route=%2Fwp%2Fv2%2Ftags&post=25392"}],"curies":[{"name":"wp","href":"https:\/\/api.w.org\/{rel}","templated":true}]}}