{"id":25389,"date":"2022-12-14T17:41:12","date_gmt":"2022-12-14T20:41:12","guid":{"rendered":"https:\/\/radiorevelacionfm.cl\/?p=25389"},"modified":"2022-12-14T17:41:12","modified_gmt":"2022-12-14T20:41:12","slug":"corte-de-coyhaique-confirma-condena-de-3-anos-y-un-dia-de-presidio-por-microtrafico-de-drogas","status":"publish","type":"post","link":"https:\/\/radiorevelacionfm.cl\/?p=25389","title":{"rendered":"Corte de Coyhaique confirma condena de 3 a\u00f1os y un d\u00eda de presidio por microtr\u00e1fico de drogas"},"content":{"rendered":"<div class=\"flex_column av_one_full  flex_column_div av-zero-column-padding first  avia-builder-el-0  el_before_av_one_full  avia-builder-el-first  \" style='border-radius:0px; '><div  class='avia-image-container  av-styling-    avia-builder-el-1  avia-builder-el-no-sibling  avia-align-center '  itemprop=\"image\" itemscope=\"itemscope\" itemtype=\"https:\/\/schema.org\/ImageObject\"  ><div class='avia-image-container-inner'><div class='avia-image-overlay-wrap'><img decoding=\"async\" class='wp-image-4843 avia-img-lazy-loading-not-4843 avia_image' src=\"https:\/\/radiorevelacionfm.cl\/wp-content\/uploads\/2021\/06\/foto-corte-apelaciones-1-1-1.jpg\" alt='' title='foto corte apelaciones (1) (1) (1)' height=\"600\" width=\"945\"  itemprop=\"thumbnailUrl\" srcset=\"https:\/\/radiorevelacionfm.cl\/wp-content\/uploads\/2021\/06\/foto-corte-apelaciones-1-1-1.jpg 945w, https:\/\/radiorevelacionfm.cl\/wp-content\/uploads\/2021\/06\/foto-corte-apelaciones-1-1-1-300x190.jpg 300w, https:\/\/radiorevelacionfm.cl\/wp-content\/uploads\/2021\/06\/foto-corte-apelaciones-1-1-1-768x488.jpg 768w, https:\/\/radiorevelacionfm.cl\/wp-content\/uploads\/2021\/06\/foto-corte-apelaciones-1-1-1-705x448.jpg 705w, https:\/\/radiorevelacionfm.cl\/wp-content\/uploads\/2021\/06\/foto-corte-apelaciones-1-1-1-600x381.jpg 600w\" sizes=\"(max-width: 945px) 100vw, 945px\" \/><\/div><\/div><\/div><\/div><div class=\"flex_column av_one_full  flex_column_div av-zero-column-padding first  avia-builder-el-2  el_after_av_one_full  el_before_av_one_full  column-top-margin\" style='border-radius:0px; '><section class=\"av_textblock_section \"  itemscope=\"itemscope\" itemtype=\"https:\/\/schema.org\/BlogPosting\" itemprop=\"blogPost\" ><div class='avia_textblock  '   itemprop=\"text\" ><p style=\"text-align: center;\"><span style=\"font-size: 18pt;\"><strong>Corte\u00a0de Coyhaique\u00a0confirma\u00a0condena de 3 a\u00f1os y un d\u00eda de presidio por microtr\u00e1fico de drogas<\/strong><\/span><\/p>\n<div id=\"gtx-trans\" style=\"position: absolute; left: -50px; top: 4.31534px;\">\n<div class=\"gtx-trans-icon\"><\/div>\n<\/div>\n<\/div><\/section><\/div><div class=\"flex_column av_one_full  flex_column_div av-zero-column-padding first  avia-builder-el-4  el_after_av_one_full  el_before_av_hr  column-top-margin\" style='border-radius:0px; '><section class=\"av_textblock_section \"  itemscope=\"itemscope\" itemtype=\"https:\/\/schema.org\/BlogPosting\" itemprop=\"blogPost\" ><div class='avia_textblock  '   itemprop=\"text\" ><p class=\"v1MsoNormal\" style=\"text-align: justify;\">La\u00a0Corte\u00a0de Apelaciones de\u00a0Coyhaique\u00a0rechaz\u00f3 el recurso de nulidad deducido en contra de la sentencia que conden\u00f3 a 3 a\u00f1os y un d\u00eda de presidio a Miguel \u00c1ngel Vega Palma, en calidad de autor del delito consumado de tr\u00e1fico de drogas en peque\u00f1as cantidades. Il\u00edcito perpetrado en marzo del a\u00f1o pasado, en la ciudad.<\/p>\n<p class=\"v1MsoNormal\" style=\"text-align: justify;\">En fallo un\u00e1nime\u00a0(causa rol\u00a0205-2022), la Primera Sala del tribunal de alzada \u2013integrada por los ministros Pedro Castro Espinoza, Jos\u00e9 Ignacio Mora Trujillo y Natalia Rencoret Oliva\u2013 descart\u00f3 infracci\u00f3n de ley en la sentencia recurrida, dictada el 7 de octubre pasado por el\u00a0Tribunal de Juicio Oral en lo Penal de\u00a0Coyhaique.<\/p>\n<p class=\"v1MsoNormal\" style=\"text-align: justify;\">\u00ab(&#8230;) conforme lo razonado por los sentenciadores en los motivos referidos, no es factible acoger la petici\u00f3n de la recurrente, puesto que la sentencia dictada ha sido clara y precisa en determinar el il\u00edcito correspondiente y la participaci\u00f3n que al imputado le cupo en el mismo, ajust\u00e1ndose plenamente a los hechos establecidos la normativa aplicada, por haberse acreditado con los medios de prueba rendidos, todas las circunstancias, requisitos y condiciones que la ley prev\u00e9 para sancionar los mismos \u00ab, sostiene el fallo.<\/p>\n<p class=\"v1MsoNormal\" style=\"text-align: justify;\">La resoluci\u00f3n agrega que: \u00ab(&#8230;)\u00a0en consecuencia, los sentenciadores justificaron mediante la ponderaci\u00f3n conforme a las reglas de la sana cr\u00edtica de los medios de prueba y en particular del testimonio del perito qu\u00edmico Ernesto Araus, el porqu\u00e9 se estableci\u00f3 que las especies incautadas al imputado corresponden a aquellas sustancias cuya posesi\u00f3n proh\u00edbe la normativa contenida en la ley 20.000, ya que se logr\u00f3 convicci\u00f3n en cuanto a que dicha hierba verde, corresponde a cannabis, sustancia incorporada en el cat\u00e1logo previsto en el art\u00edculo 1\u00b0 del Reglamento de la referida Ley, que tiene la idoneidad o aptitud para producir graves efectos t\u00f3xicos o da\u00f1os considerables en la salud p\u00fablica y, por consiguiente, los hechos tenidos por comprobados pueden ser castigados como tr\u00e1fico de sustancias estupefacientes o sicotr\u00f3picas (&#8230;)\u00bb.<\/p>\n<p class=\"v1MsoNormal\" style=\"text-align: justify;\">Por tanto, se resuelve\u00a0que: \u00ab<b>SE RECHAZA<\/b>, sin costas, el recurso de nulidad interpuesto por la causal del art\u00edculo 373 letra b) del C\u00f3digo Procesal Penal, en representaci\u00f3n del imputado Miguel \u00c1ngel Vega Palma, en contra de la sentencia definitiva pronunciada en esta causa, con fecha 7 de Octubre del 2022, dictada por el Tribunal de Juicio Oral en lo Penal de Coyhaique, conforme a la cual se conden\u00f3, sin costas, al referido acusado, a la pena de tres a\u00f1os y un d\u00eda de presidio menor en su grado m\u00e1ximo, multa de diez Unidades Tributarias Mensuales, el comiso de las especies incautadas y la pena accesoria contemplada en el art\u00edculo 29 del C\u00f3digo Penal, esto es, la inhabilitaci\u00f3n absoluta perpetua para derechos pol\u00edticos y la de inhabilitaci\u00f3n absoluta para cargos y oficios p\u00fablicos durante el tiempo de la condena, como autor del delito del art\u00edculo 4 de la Ley 20.000, ocurrido el d\u00eda 17 de Marzo de 2021, en la comuna de Coyhaique y, en consecuencia, el juicio oral llevado a cabo y la sentencia que recay\u00f3 en el mismo, no son nulos\u00bb.<\/p>\n<\/div><\/section><\/div><div  style='height:50px' class='hr hr-invisible   avia-builder-el-6  el_after_av_one_full  el_before_av_social_share '><span class='hr-inner ' ><span class='hr-inner-style'><\/span><\/span><\/div><\/p>\n<div  class='av-social-sharing-box  avia-builder-el-7  el_after_av_hr  el_before_av_hr  '><div class='av-share-box'><h5 class='av-share-link-description av-no-toc '>Compartir esta noticia<\/h5><ul class='av-share-box-list noLightbox'><li class='av-share-link av-social-link-facebook' ><a target=\"_blank\" aria-label=\"Compartir en Facebook\" href='https:\/\/www.facebook.com\/sharer.php?u=https:\/\/radiorevelacionfm.cl\/?p=25389&#038;t=Corte%20de%20Coyhaique%20confirma%20condena%20de%203%20a%C3%B1os%20y%20un%20d%C3%ADa%20de%20presidio%20por%20microtr%C3%A1fico%20de%20drogas' aria-hidden='false' data-av_icon='\ue8f3' data-av_iconfont='entypo-fontello' title='' data-avia-related-tooltip='Compartir en Facebook' rel=\"noopener\"><span class='avia_hidden_link_text'>Compartir en Facebook<\/span><\/a><\/li><li class='av-share-link av-social-link-twitter' ><a target=\"_blank\" aria-label=\"Compartir en Twitter\" href='https:\/\/twitter.com\/share?text=Corte%20de%20Coyhaique%20confirma%20condena%20de%203%20a%C3%B1os%20y%20un%20d%C3%ADa%20de%20presidio%20por%20microtr%C3%A1fico%20de%20drogas&#038;url=https:\/\/radiorevelacionfm.cl\/?p=25389' aria-hidden='false' data-av_icon='\ue8f1' data-av_iconfont='entypo-fontello' title='' data-avia-related-tooltip='Compartir en Twitter' rel=\"noopener\"><span class='avia_hidden_link_text'>Compartir en Twitter<\/span><\/a><\/li><li class='av-share-link av-social-link-whatsapp' ><a target=\"_blank\" aria-label=\"Compartir en Whatsapp\" href='https:\/\/api.whatsapp.com\/send?text=https:\/\/radiorevelacionfm.cl\/?p=25389' aria-hidden='false' data-av_icon='\uf232' data-av_iconfont='entypo-fontello' title='' data-avia-related-tooltip='Compartir en Whatsapp' rel=\"noopener\"><span class='avia_hidden_link_text'>Compartir en Whatsapp<\/span><\/a><\/li><li class='av-share-link av-social-link-linkedin' ><a target=\"_blank\" aria-label=\"Compartir en LinkedIn\" href='https:\/\/linkedin.com\/shareArticle?mini=true&#038;title=Corte%20de%20Coyhaique%20confirma%20condena%20de%203%20a%C3%B1os%20y%20un%20d%C3%ADa%20de%20presidio%20por%20microtr%C3%A1fico%20de%20drogas&#038;url=https:\/\/radiorevelacionfm.cl\/?p=25389' aria-hidden='false' data-av_icon='\ue8fc' data-av_iconfont='entypo-fontello' title='' data-avia-related-tooltip='Compartir en LinkedIn' rel=\"noopener\"><span class='avia_hidden_link_text'>Compartir en LinkedIn<\/span><\/a><\/li><li class='av-share-link av-social-link-mail' ><a  aria-label=\"Compartir por correo\" href='mailto:?subject=Corte%20de%20Coyhaique%20confirma%20condena%20de%203%20a%C3%B1os%20y%20un%20d%C3%ADa%20de%20presidio%20por%20microtr%C3%A1fico%20de%20drogas&#038;body=https:\/\/radiorevelacionfm.cl\/?p=25389' aria-hidden='false' data-av_icon='\ue805' data-av_iconfont='entypo-fontello' title='' data-avia-related-tooltip='Compartir por correo'><span class='avia_hidden_link_text'>Compartir por correo<\/span><\/a><\/li><\/ul><\/div><\/div>\n<div  style='height:50px' class='hr hr-invisible   avia-builder-el-8  el_after_av_social_share  el_before_av_comments_list '><span class='hr-inner ' ><span class='hr-inner-style'><\/span><\/span><\/div>\n<div  class='av-buildercomment  av-blog-meta-html-info-disabled av-blog-meta-tag-disabled  '><\/div>\n","protected":false},"excerpt":{"rendered":"","protected":false},"author":1,"featured_media":4843,"comment_status":"open","ping_status":"open","sticky":false,"template":"","format":"standard","meta":{"footnotes":""},"categories":[55],"tags":[],"class_list":["post-25389","post","type-post","status-publish","format-standard","has-post-thumbnail","hentry","category-justicia"],"jetpack_featured_media_url":"https:\/\/radiorevelacionfm.cl\/wp-content\/uploads\/2021\/06\/foto-corte-apelaciones-1-1-1.jpg","_links":{"self":[{"href":"https:\/\/radiorevelacionfm.cl\/index.php?rest_route=\/wp\/v2\/posts\/25389","targetHints":{"allow":["GET"]}}],"collection":[{"href":"https:\/\/radiorevelacionfm.cl\/index.php?rest_route=\/wp\/v2\/posts"}],"about":[{"href":"https:\/\/radiorevelacionfm.cl\/index.php?rest_route=\/wp\/v2\/types\/post"}],"author":[{"embeddable":true,"href":"https:\/\/radiorevelacionfm.cl\/index.php?rest_route=\/wp\/v2\/users\/1"}],"replies":[{"embeddable":true,"href":"https:\/\/radiorevelacionfm.cl\/index.php?rest_route=%2Fwp%2Fv2%2Fcomments&post=25389"}],"version-history":[{"count":2,"href":"https:\/\/radiorevelacionfm.cl\/index.php?rest_route=\/wp\/v2\/posts\/25389\/revisions"}],"predecessor-version":[{"id":25395,"href":"https:\/\/radiorevelacionfm.cl\/index.php?rest_route=\/wp\/v2\/posts\/25389\/revisions\/25395"}],"wp:featuredmedia":[{"embeddable":true,"href":"https:\/\/radiorevelacionfm.cl\/index.php?rest_route=\/wp\/v2\/media\/4843"}],"wp:attachment":[{"href":"https:\/\/radiorevelacionfm.cl\/index.php?rest_route=%2Fwp%2Fv2%2Fmedia&parent=25389"}],"wp:term":[{"taxonomy":"category","embeddable":true,"href":"https:\/\/radiorevelacionfm.cl\/index.php?rest_route=%2Fwp%2Fv2%2Fcategories&post=25389"},{"taxonomy":"post_tag","embeddable":true,"href":"https:\/\/radiorevelacionfm.cl\/index.php?rest_route=%2Fwp%2Fv2%2Ftags&post=25389"}],"curies":[{"name":"wp","href":"https:\/\/api.w.org\/{rel}","templated":true}]}}