{"id":25385,"date":"2022-12-17T13:10:23","date_gmt":"2022-12-17T16:10:23","guid":{"rendered":"https:\/\/radiorevelacionfm.cl\/?p=25385"},"modified":"2022-12-17T13:10:23","modified_gmt":"2022-12-17T16:10:23","slug":"minvu-anuncia-seleccion-de-58-nuevos-barrios-del-pais-que-accederan-a-obras-de-mejoramiento-urbano","status":"publish","type":"post","link":"https:\/\/radiorevelacionfm.cl\/?p=25385","title":{"rendered":"Minvu anuncia selecci\u00f3n de 58 nuevos barrios del pa\u00eds que acceder\u00e1n a obras de mejoramiento urbano"},"content":{"rendered":"<div class=\"flex_column av_one_full  flex_column_div av-zero-column-padding first  avia-builder-el-0  el_before_av_one_full  avia-builder-el-first  \" style='border-radius:0px; '><div  class='avia-image-container  av-styling-    avia-builder-el-1  avia-builder-el-no-sibling  avia-align-center '  itemprop=\"image\" itemscope=\"itemscope\" itemtype=\"https:\/\/schema.org\/ImageObject\"  ><div class='avia-image-container-inner'><div class='avia-image-overlay-wrap'><img decoding=\"async\" class='wp-image-25386 avia-img-lazy-loading-not-25386 avia_image' src=\"https:\/\/radiorevelacionfm.cl\/wp-content\/uploads\/2022\/12\/image002-15-1-1.jpg\" alt='' title='image002 (15) (1) (1)' height=\"600\" width=\"942\"  itemprop=\"thumbnailUrl\" srcset=\"https:\/\/radiorevelacionfm.cl\/wp-content\/uploads\/2022\/12\/image002-15-1-1.jpg 942w, https:\/\/radiorevelacionfm.cl\/wp-content\/uploads\/2022\/12\/image002-15-1-1-300x191.jpg 300w, https:\/\/radiorevelacionfm.cl\/wp-content\/uploads\/2022\/12\/image002-15-1-1-768x489.jpg 768w, https:\/\/radiorevelacionfm.cl\/wp-content\/uploads\/2022\/12\/image002-15-1-1-705x449.jpg 705w, https:\/\/radiorevelacionfm.cl\/wp-content\/uploads\/2022\/12\/image002-15-1-1-600x382.jpg 600w\" sizes=\"(max-width: 942px) 100vw, 942px\" \/><\/div><\/div><\/div><\/div><div class=\"flex_column av_one_full  flex_column_div av-zero-column-padding first  avia-builder-el-2  el_after_av_one_full  el_before_av_one_full  column-top-margin\" style='border-radius:0px; '><section class=\"av_textblock_section \"  itemscope=\"itemscope\" itemtype=\"https:\/\/schema.org\/BlogPosting\" itemprop=\"blogPost\" ><div class='avia_textblock  '   itemprop=\"text\" ><p style=\"text-align: center;\"><strong><span style=\"font-size: 18pt;\">Minvu anuncia selecci\u00f3n de 58 nuevos barrios del pa\u00eds que acceder\u00e1n a obras de mejoramiento urbano<\/span><\/strong><\/p>\n<div id=\"gtx-trans\" style=\"position: absolute; left: -50px; top: 4.31534px;\">\n<div class=\"gtx-trans-icon\"><\/div>\n<\/div>\n<\/div><\/section><\/div><div class=\"flex_column av_one_full  flex_column_div av-zero-column-padding first  avia-builder-el-4  el_after_av_one_full  el_before_av_hr  column-top-margin\" style='border-radius:0px; '><section class=\"av_textblock_section \"  itemscope=\"itemscope\" itemtype=\"https:\/\/schema.org\/BlogPosting\" itemprop=\"blogPost\" ><div class='avia_textblock  '   itemprop=\"text\" ><p style=\"font-weight: 400; text-align: justify;\">El ministro de Vivienda y Urbanismo,\u00a0Carlos Montes, junto a la subsecretaria,\u00a0Tatiana\u00a0Rojas\u00a0y al alcalde de Maip\u00fa,\u00a0Tom\u00e1s Vodanovic, dieron a conocer esta ma\u00f1ana los resultados del Concurso 2022 para la selecci\u00f3n de 58 nuevos barrios en todas las regiones del pa\u00eds, los que trabajar\u00e1n con el\u00a0<strong>Programa Quiero Mi Barrio<\/strong>\u00a0a partir del pr\u00f3ximo a\u00f1o.<\/p>\n<p style=\"font-weight: 400; text-align: justify;\">El anuncio se efectu\u00f3 durante la visita de las autoridades, dirigentes y dirigentas al Centro Comunitario de la Poblaci\u00f3n El Vivero, de Maip\u00fa, donde recorrieron el Huerto Urbano \u201cCultiva y comparte\u201d. Participaron junto a las autoridades, el presidente de la Junta de Vecinos Almirante Blanco Encalada de la Poblaci\u00f3n El Vivero, V\u00edctor Orellana; y el representante del proyecto huerto urbano, H\u00e9ctor L\u00f3pez.<\/p>\n<p style=\"font-weight: 400; text-align: justify;\">El Llamado a Concurso para la Selecci\u00f3n 2022 se realiz\u00f3 en el mes de septiembre, con una convocatoria abierta a los municipios. De los 58 nuevos barrios, 56 fueron seleccionados en el concurso 2022, cuyo trabajo comenzar\u00e1 entre 2023 y 2024, mientras que los dos restantes fueron seleccionados como parte del Plan de Recuperaci\u00f3n de Espacios P\u00fablicos. En total, se destinar\u00e1n 58 mil millones de pesos en todo Chile.<\/p>\n<p style=\"font-weight: 400; text-align: justify;\">Durante la actividad, el ministro de Vivienda y Urbanismo, Carlos Montes, destac\u00f3 la importancia del trabajo comunitario y el respeto por los entornos para mejorar la calidad de vida de los vecinos y vecinas. \u201cLo m\u00e1s importante de este programa es que la comunidad, junto con el Estado, est\u00e1n en un esfuerzo de reconstruir la forma de convivir en los barrios, con obras, pero especialmente con organizaci\u00f3n, con objetivos comunes. Todas las comunas quisieran tener programas de este tipo, en la medida de que el pa\u00eds tenga m\u00e1s recursos va a poder tener en m\u00e1s lugares. Esto debe estar muy vinculado a los municipios, porque esto es una tarea fundamental de estas instituciones. En los barrios lo principal es la convivencia de la comunidad, es como se conocen los vecinos y act\u00faan juntos, y que haya respeto de todos\u201d.<\/p>\n<p style=\"font-weight: 400; text-align: justify;\"><em>\u00a0<\/em>La subsecretaria Tatiana Rojas valor\u00f3 la organizaci\u00f3n vecinal y destac\u00f3 el trabajo de los vecinos y vecinas de la poblaci\u00f3n El Vivero de Maip\u00fa, \u201cesto es traer calidad, traer dignidad a los territorios y a los barrios. Ver este ejemplo y ver adem\u00e1s el entusiasmo de los vecinos, conocer sus sue\u00f1os, es el primer impulso. Lo que hace el Estado, lo que hacemos nosotros como Quiero mi Barrio desde el ministerio, es dar el primer empuj\u00f3n, pero para que esto se sostenga, para que tenga vida, son ustedes los que toman la posta y eso es lo importante. Quiero destacar la importancia de que estamos llegando, de que el Presidente Gabriel Boric nos ha encargado estar en todos los territorios, estar presentes y hoy estamos demostrando aquello\u201d.<\/p>\n<p style=\"font-weight: 400; text-align: justify;\">A ellos, se sum\u00f3 el acalde de Maip\u00fa, Tom\u00e1s Vodanovic, quien agradeci\u00f3 el esfuerzo del Estado para llegar con herramientas a todos los barrios de Chile, \u201cel Quiero Mi Barrio es bonito, porque el Estado llega a consultar, llega a ofrecer manos, llega a establecer rondas de trabajo, llegan a sentarse a la mesa. Pero son las propias comunidades las que lideran, las que deciden, las que empujan y las experiencias que hemos tenido son maravillosas. Nos faltaba un barrio que es muy sentido para nosotros, que es la San Luis 1, 2 y La Hacienda, por lo que vemos con mucha alegr\u00eda como este programa llega a poner otro granito de arena, otro granito de esperanza, en un sector que lo necesita\u201d.<\/p>\n<p style=\"font-weight: 400; text-align: justify;\">Representando a las vecinas y vecinos del Quiero Mi Barrio \u201cLas Naciones Poniente\u201d, Valeska Lemus, entreg\u00f3 su testimonio despu\u00e9s del trabajo que ha estado realizando el programa con su comunidad. \u201cCon esta experiencia nos hemos unido como vecinos y como dirigentes de las distintas villas que componen nuestro barrio. Tenemos proyectos que ya se est\u00e1n ejecutando, estamos con talleres de intervenci\u00f3n, se ha tomado en cuenta la opini\u00f3n de nuestros vecinos y esto le da un enorme valor al trabajo que aqu\u00ed se est\u00e1 realizando\u201d, indic\u00f3.<\/p>\n<p style=\"font-weight: 400; text-align: justify;\">Para la versi\u00f3n 2022 del concurso se incorporaron nuevas dimensiones asociadas al d\u00e9ficit y deterioro urbano, y aspectos de vulnerabilidad territorial, trabajados con el Ministerio de Desarrollo Social y Familia. Asimismo, se prioriz\u00f3 la declaraci\u00f3n de compromisos vecinales y multisectoriales para acompa\u00f1ar la intervenci\u00f3n de manera sostenible. Los municipios postularon en las Secretar\u00edas Regionales Ministeriales (Seremi) de Vivienda Urbanismo de su regi\u00f3n.<\/p>\n<p style=\"font-weight: 400; text-align: justify;\">Los 58 barrios seleccionados podr\u00e1n trabajar por un periodo de 5 a\u00f1os, con obras y proyectos sociales, que les permitir\u00e1n mediante procesos participativos, mejorar la calidad de vida de las vecinas y vecinos de sus barrios, con la recuperaci\u00f3n de los espacios p\u00fablicos y de equipamiento comunitario, y el fortalecimiento del tejido social.<\/p>\n<p style=\"font-weight: 400; text-align: justify;\"><strong>Programa Quiero Mi Barrio<\/strong><\/p>\n<p style=\"font-weight: 400; text-align: justify;\">El Programa Quiero mi Barrio se cre\u00f3 en el a\u00f1o 2006 y tiene por objetivo contribuir al mejoramiento de la calidad de vida de los habitantes de barrios, que presentan problemas de deterioro urbano, segregaci\u00f3n y vulnerabilidad social. Mediante un proceso participativo de activaci\u00f3n comunitaria y recuperaci\u00f3n de los espacios p\u00fablicos y de los entornos urbanos de las familias.<\/p>\n<p style=\"font-weight: 400; text-align: justify;\">En m\u00e1s de 16 a\u00f1os, el Programa Quiero mi Barrio ha mejorado la calidad de vida de m\u00e1s 1 mill\u00f3n y medio de personas, en 762 barrios de todas las regiones. Actualmente, el programa est\u00e1 presente con obras f\u00edsicas y proyectos sociales en 252 barrios en todo el pa\u00eds. De ellos, 52 comenzaron este a\u00f1o, y se sumar\u00e1n los 58 nuevos barrios seleccionados en este concurso, lo que totalizar\u00e1 310 barrios.<\/p>\n<p><strong>Regi\u00f3n de Ays\u00e9n<\/strong><\/p>\n<table style=\"font-weight: 400;\" width=\"100%\">\n<tbody>\n<tr>\n<td width=\"25%\">REGI\u00d3N<\/td>\n<td width=\"18%\">COMUNA<\/td>\n<td width=\"55%\">NOMBRE BARRIO<\/td>\n<\/tr>\n<\/tbody>\n<\/table>\n<table style=\"font-weight: 400;\" width=\"100%\">\n<tbody>\n<tr>\n<td width=\"25%\">Ays\u00e9n<\/td>\n<td width=\"18%\">Ays\u00e9n<\/td>\n<td width=\"55%\">Barrio Las Villas<\/td>\n<\/tr>\n<tr>\n<td width=\"25%\">Ays\u00e9n<\/td>\n<td width=\"18%\">Ays\u00e9n<\/td>\n<td width=\"55%\">Barrio Ribera Sur Centro<\/td>\n<\/tr>\n<tr>\n<td width=\"25%\">Ays\u00e9n<\/td>\n<td width=\"18%\">Coyhaique<\/td>\n<td width=\"55%\">Barrio Villa General Bernales<\/td>\n<\/tr>\n<tr>\n<td width=\"25%\">Ays\u00e9n<\/td>\n<td width=\"18%\">Coyhaique<\/td>\n<td width=\"55%\">Barrio Arturo Prat<\/td>\n<\/tr>\n<\/tbody>\n<\/table>\n<\/div><\/section><\/div><div  style='height:50px' class='hr hr-invisible   avia-builder-el-6  el_after_av_one_full  el_before_av_social_share '><span class='hr-inner ' ><span class='hr-inner-style'><\/span><\/span><\/div><\/p>\n<div  class='av-social-sharing-box  avia-builder-el-7  el_after_av_hr  el_before_av_hr  '><div class='av-share-box'><h5 class='av-share-link-description av-no-toc '>Compartir esta noticia<\/h5><ul class='av-share-box-list noLightbox'><li class='av-share-link av-social-link-facebook' ><a target=\"_blank\" aria-label=\"Compartir en Facebook\" href='https:\/\/www.facebook.com\/sharer.php?u=https:\/\/radiorevelacionfm.cl\/?p=25385&#038;t=Minvu%20anuncia%20selecci%C3%B3n%20de%2058%20nuevos%20barrios%20del%20pa%C3%ADs%20que%20acceder%C3%A1n%20a%20obras%20de%20mejoramiento%20urbano' aria-hidden='false' data-av_icon='\ue8f3' data-av_iconfont='entypo-fontello' title='' data-avia-related-tooltip='Compartir en Facebook' rel=\"noopener\"><span class='avia_hidden_link_text'>Compartir en Facebook<\/span><\/a><\/li><li class='av-share-link av-social-link-twitter' ><a target=\"_blank\" aria-label=\"Compartir en Twitter\" href='https:\/\/twitter.com\/share?text=Minvu%20anuncia%20selecci%C3%B3n%20de%2058%20nuevos%20barrios%20del%20pa%C3%ADs%20que%20acceder%C3%A1n%20a%20obras%20de%20mejoramiento%20urbano&#038;url=https:\/\/radiorevelacionfm.cl\/?p=25385' aria-hidden='false' data-av_icon='\ue8f1' data-av_iconfont='entypo-fontello' title='' data-avia-related-tooltip='Compartir en Twitter' rel=\"noopener\"><span class='avia_hidden_link_text'>Compartir en Twitter<\/span><\/a><\/li><li class='av-share-link av-social-link-whatsapp' ><a target=\"_blank\" aria-label=\"Compartir en Whatsapp\" href='https:\/\/api.whatsapp.com\/send?text=https:\/\/radiorevelacionfm.cl\/?p=25385' aria-hidden='false' data-av_icon='\uf232' data-av_iconfont='entypo-fontello' title='' data-avia-related-tooltip='Compartir en Whatsapp' rel=\"noopener\"><span class='avia_hidden_link_text'>Compartir en Whatsapp<\/span><\/a><\/li><li class='av-share-link av-social-link-linkedin' ><a target=\"_blank\" aria-label=\"Compartir en LinkedIn\" href='https:\/\/linkedin.com\/shareArticle?mini=true&#038;title=Minvu%20anuncia%20selecci%C3%B3n%20de%2058%20nuevos%20barrios%20del%20pa%C3%ADs%20que%20acceder%C3%A1n%20a%20obras%20de%20mejoramiento%20urbano&#038;url=https:\/\/radiorevelacionfm.cl\/?p=25385' aria-hidden='false' data-av_icon='\ue8fc' data-av_iconfont='entypo-fontello' title='' data-avia-related-tooltip='Compartir en LinkedIn' rel=\"noopener\"><span class='avia_hidden_link_text'>Compartir en LinkedIn<\/span><\/a><\/li><li class='av-share-link av-social-link-mail' ><a  aria-label=\"Compartir por correo\" href='mailto:?subject=Minvu%20anuncia%20selecci%C3%B3n%20de%2058%20nuevos%20barrios%20del%20pa%C3%ADs%20que%20acceder%C3%A1n%20a%20obras%20de%20mejoramiento%20urbano&#038;body=https:\/\/radiorevelacionfm.cl\/?p=25385' aria-hidden='false' data-av_icon='\ue805' data-av_iconfont='entypo-fontello' title='' data-avia-related-tooltip='Compartir por correo'><span class='avia_hidden_link_text'>Compartir por correo<\/span><\/a><\/li><\/ul><\/div><\/div>\n<div  style='height:50px' class='hr hr-invisible   avia-builder-el-8  el_after_av_social_share  el_before_av_comments_list '><span class='hr-inner ' ><span class='hr-inner-style'><\/span><\/span><\/div>\n<div  class='av-buildercomment  av-blog-meta-html-info-disabled av-blog-meta-tag-disabled  '><\/div>\n","protected":false},"excerpt":{"rendered":"","protected":false},"author":1,"featured_media":25386,"comment_status":"open","ping_status":"open","sticky":false,"template":"","format":"standard","meta":{"footnotes":""},"categories":[57],"tags":[],"class_list":["post-25385","post","type-post","status-publish","format-standard","has-post-thumbnail","hentry","category-vivienda"],"jetpack_featured_media_url":"https:\/\/radiorevelacionfm.cl\/wp-content\/uploads\/2022\/12\/image002-15-1-1.jpg","_links":{"self":[{"href":"https:\/\/radiorevelacionfm.cl\/index.php?rest_route=\/wp\/v2\/posts\/25385","targetHints":{"allow":["GET"]}}],"collection":[{"href":"https:\/\/radiorevelacionfm.cl\/index.php?rest_route=\/wp\/v2\/posts"}],"about":[{"href":"https:\/\/radiorevelacionfm.cl\/index.php?rest_route=\/wp\/v2\/types\/post"}],"author":[{"embeddable":true,"href":"https:\/\/radiorevelacionfm.cl\/index.php?rest_route=\/wp\/v2\/users\/1"}],"replies":[{"embeddable":true,"href":"https:\/\/radiorevelacionfm.cl\/index.php?rest_route=%2Fwp%2Fv2%2Fcomments&post=25385"}],"version-history":[{"count":2,"href":"https:\/\/radiorevelacionfm.cl\/index.php?rest_route=\/wp\/v2\/posts\/25385\/revisions"}],"predecessor-version":[{"id":25528,"href":"https:\/\/radiorevelacionfm.cl\/index.php?rest_route=\/wp\/v2\/posts\/25385\/revisions\/25528"}],"wp:featuredmedia":[{"embeddable":true,"href":"https:\/\/radiorevelacionfm.cl\/index.php?rest_route=\/wp\/v2\/media\/25386"}],"wp:attachment":[{"href":"https:\/\/radiorevelacionfm.cl\/index.php?rest_route=%2Fwp%2Fv2%2Fmedia&parent=25385"}],"wp:term":[{"taxonomy":"category","embeddable":true,"href":"https:\/\/radiorevelacionfm.cl\/index.php?rest_route=%2Fwp%2Fv2%2Fcategories&post=25385"},{"taxonomy":"post_tag","embeddable":true,"href":"https:\/\/radiorevelacionfm.cl\/index.php?rest_route=%2Fwp%2Fv2%2Ftags&post=25385"}],"curies":[{"name":"wp","href":"https:\/\/api.w.org\/{rel}","templated":true}]}}