{"id":25375,"date":"2022-12-14T16:03:37","date_gmt":"2022-12-14T19:03:37","guid":{"rendered":"https:\/\/radiorevelacionfm.cl\/?p=25375"},"modified":"2022-12-14T16:03:37","modified_gmt":"2022-12-14T19:03:37","slug":"agrupacion-biodanza-y-malotun-ortiga-son-seleccionadas-en-convocatoria-del-ministerio-de-las-culturas-las-artes-y-el-patrimonio","status":"publish","type":"post","link":"https:\/\/radiorevelacionfm.cl\/?p=25375","title":{"rendered":"Agrupaci\u00f3n Biodanza y Malotun Ortiga son seleccionadas en convocatoria del Ministerio de las Culturas, las Artes y el Patrimonio"},"content":{"rendered":"<div class=\"flex_column av_one_full  flex_column_div av-zero-column-padding first  avia-builder-el-0  el_before_av_one_full  avia-builder-el-first  \" style='border-radius:0px; '><div  class='avia-image-container  av-styling-    avia-builder-el-1  avia-builder-el-no-sibling  avia-align-center '  itemprop=\"image\" itemscope=\"itemscope\" itemtype=\"https:\/\/schema.org\/ImageObject\"  ><div class='avia-image-container-inner'><div class='avia-image-overlay-wrap'><img decoding=\"async\" class='wp-image-25376 avia-img-lazy-loading-not-25376 avia_image' src=\"https:\/\/radiorevelacionfm.cl\/wp-content\/uploads\/2022\/12\/Firma-Convenio-FICC-Fotografia-3-1-1.jpg\" alt='' title='Firma Convenio FICC - Fotograf\u00eda 3 (1) (1)' height=\"600\" width=\"900\"  itemprop=\"thumbnailUrl\" srcset=\"https:\/\/radiorevelacionfm.cl\/wp-content\/uploads\/2022\/12\/Firma-Convenio-FICC-Fotografia-3-1-1.jpg 900w, https:\/\/radiorevelacionfm.cl\/wp-content\/uploads\/2022\/12\/Firma-Convenio-FICC-Fotografia-3-1-1-300x200.jpg 300w, https:\/\/radiorevelacionfm.cl\/wp-content\/uploads\/2022\/12\/Firma-Convenio-FICC-Fotografia-3-1-1-768x512.jpg 768w, https:\/\/radiorevelacionfm.cl\/wp-content\/uploads\/2022\/12\/Firma-Convenio-FICC-Fotografia-3-1-1-705x470.jpg 705w, https:\/\/radiorevelacionfm.cl\/wp-content\/uploads\/2022\/12\/Firma-Convenio-FICC-Fotografia-3-1-1-600x400.jpg 600w\" sizes=\"(max-width: 900px) 100vw, 900px\" \/><\/div><\/div><\/div><\/div><div class=\"flex_column av_one_full  flex_column_div av-zero-column-padding first  avia-builder-el-2  el_after_av_one_full  el_before_av_one_full  column-top-margin\" style='border-radius:0px; '><section class=\"av_textblock_section \"  itemscope=\"itemscope\" itemtype=\"https:\/\/schema.org\/BlogPosting\" itemprop=\"blogPost\" ><div class='avia_textblock  '   itemprop=\"text\" ><p style=\"text-align: center;\"><span style=\"font-size: 18pt;\"><b class=\"v1ContentPasted0\">Agrupaci\u00f3n Biodanza y Malotun Ortiga son seleccionadas en convocatoria del Ministerio de las Culturas, las Artes y el Patrimonio<\/b><\/span><\/p>\n<div id=\"gtx-trans\" style=\"position: absolute; left: -50px; top: 4.31534px;\">\n<div class=\"gtx-trans-icon\"><\/div>\n<\/div>\n<\/div><\/section><\/div><div class=\"flex_column av_one_full  flex_column_div av-zero-column-padding first  avia-builder-el-4  el_after_av_one_full  el_before_av_hr  column-top-margin\" style='border-radius:0px; '><section class=\"av_textblock_section \"  itemscope=\"itemscope\" itemtype=\"https:\/\/schema.org\/BlogPosting\" itemprop=\"blogPost\" ><div class='avia_textblock  '   itemprop=\"text\" ><p class=\"v1p4\" style=\"text-align: justify;\">El traspaso de recursos desde el nivel central viene a potenciar la gesti\u00f3n cultural comunitaria de la Regi\u00f3n de Ays\u00e9n al respaldar el quehacer de actores locales en el tejido social.<\/p>\n<p class=\"v1p4 v1ContentPasted0\" style=\"text-align: justify;\">En diciembre el Ministerio de las Culturas, las Artes y el Patrimonio public\u00f3 los resultados de la Convocatoria para Financiamiento de Iniciativas Culturales Comunitarias (FICC) 2022 del Programa Red Cultura. En la regi\u00f3n dos organizaciones fueron beneficiadas con los fondos. Se trata de Malotun Ortiga y la Agrupaci\u00f3n Cultural Biodanza, ambas con un fuerte sentido del desarrollo art\u00edstico e identitario.<\/p>\n<p class=\"v1p4 v1ContentPasted0\" style=\"text-align: justify;\">Esta convocatoria busca el apoyo de acciones de asociatividad entre las Organizaciones Culturales Comunitarias (OCC), junto al financiamiento de programaci\u00f3n en el territorio e implementaci\u00f3n de planes de equipamiento de actividades, mediante cuatro l\u00edneas de acci\u00f3n: Activaci\u00f3n Comunitaria Art\u00edstica y Cultural, Fortalecimiento de Organizaciones Comunitarias Culturales, Acervo Documentario sobre Cultura Comunitaria e Implementaci\u00f3n de Organizaciones Comunitarias Culturales.<\/p>\n<p class=\"v1p4 v1ContentPasted0\" style=\"text-align: justify;\">En el caso de Malotun Ortiga, la propuesta \u00abImplementaci\u00f3n para iniciativas del plan de gesti\u00f3n de la OCC Malot\u00fan Ortiga\u00bb, abre las posibilidades de intervenci\u00f3n al inyectar recursos p\u00fablicos para la compra de materiales, equivalente a cinco millones, en la \u00faltima l\u00ednea de acci\u00f3n mencionada; mientras que \u00abArte y bienestar: convergencia de biodanza\u00bb, de la Agrupaci\u00f3n Biodanza, ampl\u00eda la oferta de bienes culturales tras ser seleccionada con un monto de tres millones, en la l\u00ednea de Activaci\u00f3n.<span class=\"v1Apple-converted-space v1ContentPasted0\">\u00a0<\/span><\/p>\n<p class=\"v1p4 v1ContentPasted0\" style=\"text-align: justify;\"><span class=\"v1s1 v1ContentPasted0\">\u00ab<\/span>Estamos supercontentos y orgullosos de contar con dos proyectos que van en sinton\u00eda con Red Cultura, programa que tiene como eje fortalecer la gesti\u00f3n y los procesos de organizaciones comunitarias\u00bb, manifest\u00f3 el seremi de Culturas Ays\u00e9n, Felipe Quiroz. \u00abEsta l\u00ednea y sistema de financiamiento viene a fortalecer los procesos internos creativos, adem\u00e1s de la gesti\u00f3n de estas organizaciones que buscan trabajar e inciden dentro de las comunidades, y que tienen un v\u00ednculo importante dentro de ellas\u00bb, complement\u00f3 Quiroz.<\/p>\n<p class=\"v1p4 v1ContentPasted0\" style=\"text-align: justify;\">Melisa Vallejo de Malotun Ortiga, explic\u00f3 que el financiamiento no solo complementa los insumos y accesorios necesarios para la democratizaci\u00f3n de las artes en la zona; tambi\u00e9n permite el fortalecimiento de organizaciones con las que llevan trabajando. Lo anterior responde a uno de los pilares estipulados en la raz\u00f3n de ser de la agrupaci\u00f3n.<\/p>\n<p class=\"v1p4 v1ContentPasted0\" style=\"text-align: justify;\">Para Dalila Urra de la Agrupaci\u00f3n Cultural Biodanza, los resultados son un gran paso dentro de los hitos constitutivos de la organizaci\u00f3n. \u00abEs la primera vez que nos adjudicamos un proyecto y una oportunidad para promover y difundir la biodanza como un sistema de integraci\u00f3n afectiva, que fortalece el bienestar individual, grupal y social, e incentiva a la comunidad a un estilo de vida saludable. Adem\u00e1s, nos permite la vinculaci\u00f3n con otras organizaciones culturales comunitarias\u00bb.<\/p>\n<p class=\"v1p4 v1ContentPasted0\" style=\"text-align: justify;\">Los proyectos comenzar\u00e1n a ejecutarse a contar de 2023 y beneficiar\u00e1n a las comunidades emplazadas en la Regi\u00f3n de Ays\u00e9n.<\/p>\n<\/div><\/section><\/div><div  style='height:50px' class='hr hr-invisible   avia-builder-el-6  el_after_av_one_full  el_before_av_social_share '><span class='hr-inner ' ><span class='hr-inner-style'><\/span><\/span><\/div><\/p>\n<div  class='av-social-sharing-box  avia-builder-el-7  el_after_av_hr  el_before_av_hr  '><div class='av-share-box'><h5 class='av-share-link-description av-no-toc '>Compartir esta noticia<\/h5><ul class='av-share-box-list noLightbox'><li class='av-share-link av-social-link-facebook' ><a target=\"_blank\" aria-label=\"Compartir en Facebook\" href='https:\/\/www.facebook.com\/sharer.php?u=https:\/\/radiorevelacionfm.cl\/?p=25375&#038;t=Agrupaci%C3%B3n%20Biodanza%20y%20Malotun%20Ortiga%20son%20seleccionadas%20en%20convocatoria%20del%20Ministerio%20de%20las%20Culturas%2C%20las%20Artes%20y%20el%20Patrimonio' aria-hidden='false' data-av_icon='\ue8f3' data-av_iconfont='entypo-fontello' title='' data-avia-related-tooltip='Compartir en Facebook' rel=\"noopener\"><span class='avia_hidden_link_text'>Compartir en Facebook<\/span><\/a><\/li><li class='av-share-link av-social-link-twitter' ><a target=\"_blank\" aria-label=\"Compartir en Twitter\" href='https:\/\/twitter.com\/share?text=Agrupaci%C3%B3n%20Biodanza%20y%20Malotun%20Ortiga%20son%20seleccionadas%20en%20convocatoria%20del%20Ministerio%20de%20las%20Culturas%2C%20las%20Artes%20y%20el%20Patrimonio&#038;url=https:\/\/radiorevelacionfm.cl\/?p=25375' aria-hidden='false' data-av_icon='\ue8f1' data-av_iconfont='entypo-fontello' title='' data-avia-related-tooltip='Compartir en Twitter' rel=\"noopener\"><span class='avia_hidden_link_text'>Compartir en Twitter<\/span><\/a><\/li><li class='av-share-link av-social-link-whatsapp' ><a target=\"_blank\" aria-label=\"Compartir en Whatsapp\" href='https:\/\/api.whatsapp.com\/send?text=https:\/\/radiorevelacionfm.cl\/?p=25375' aria-hidden='false' data-av_icon='\uf232' data-av_iconfont='entypo-fontello' title='' data-avia-related-tooltip='Compartir en Whatsapp' rel=\"noopener\"><span class='avia_hidden_link_text'>Compartir en Whatsapp<\/span><\/a><\/li><li class='av-share-link av-social-link-linkedin' ><a target=\"_blank\" aria-label=\"Compartir en LinkedIn\" href='https:\/\/linkedin.com\/shareArticle?mini=true&#038;title=Agrupaci%C3%B3n%20Biodanza%20y%20Malotun%20Ortiga%20son%20seleccionadas%20en%20convocatoria%20del%20Ministerio%20de%20las%20Culturas%2C%20las%20Artes%20y%20el%20Patrimonio&#038;url=https:\/\/radiorevelacionfm.cl\/?p=25375' aria-hidden='false' data-av_icon='\ue8fc' data-av_iconfont='entypo-fontello' title='' data-avia-related-tooltip='Compartir en LinkedIn' rel=\"noopener\"><span class='avia_hidden_link_text'>Compartir en LinkedIn<\/span><\/a><\/li><li class='av-share-link av-social-link-mail' ><a  aria-label=\"Compartir por correo\" href='mailto:?subject=Agrupaci%C3%B3n%20Biodanza%20y%20Malotun%20Ortiga%20son%20seleccionadas%20en%20convocatoria%20del%20Ministerio%20de%20las%20Culturas%2C%20las%20Artes%20y%20el%20Patrimonio&#038;body=https:\/\/radiorevelacionfm.cl\/?p=25375' aria-hidden='false' data-av_icon='\ue805' data-av_iconfont='entypo-fontello' title='' data-avia-related-tooltip='Compartir por correo'><span class='avia_hidden_link_text'>Compartir por correo<\/span><\/a><\/li><\/ul><\/div><\/div>\n<div  style='height:50px' class='hr hr-invisible   avia-builder-el-8  el_after_av_social_share  el_before_av_comments_list '><span class='hr-inner ' ><span class='hr-inner-style'><\/span><\/span><\/div>\n<div  class='av-buildercomment  av-blog-meta-html-info-disabled av-blog-meta-tag-disabled  '><\/div>\n","protected":false},"excerpt":{"rendered":"","protected":false},"author":1,"featured_media":25376,"comment_status":"open","ping_status":"open","sticky":false,"template":"","format":"standard","meta":{"footnotes":""},"categories":[52],"tags":[],"class_list":["post-25375","post","type-post","status-publish","format-standard","has-post-thumbnail","hentry","category-cultura"],"jetpack_featured_media_url":"https:\/\/radiorevelacionfm.cl\/wp-content\/uploads\/2022\/12\/Firma-Convenio-FICC-Fotografia-3-1-1.jpg","_links":{"self":[{"href":"https:\/\/radiorevelacionfm.cl\/index.php?rest_route=\/wp\/v2\/posts\/25375","targetHints":{"allow":["GET"]}}],"collection":[{"href":"https:\/\/radiorevelacionfm.cl\/index.php?rest_route=\/wp\/v2\/posts"}],"about":[{"href":"https:\/\/radiorevelacionfm.cl\/index.php?rest_route=\/wp\/v2\/types\/post"}],"author":[{"embeddable":true,"href":"https:\/\/radiorevelacionfm.cl\/index.php?rest_route=\/wp\/v2\/users\/1"}],"replies":[{"embeddable":true,"href":"https:\/\/radiorevelacionfm.cl\/index.php?rest_route=%2Fwp%2Fv2%2Fcomments&post=25375"}],"version-history":[{"count":2,"href":"https:\/\/radiorevelacionfm.cl\/index.php?rest_route=\/wp\/v2\/posts\/25375\/revisions"}],"predecessor-version":[{"id":25388,"href":"https:\/\/radiorevelacionfm.cl\/index.php?rest_route=\/wp\/v2\/posts\/25375\/revisions\/25388"}],"wp:featuredmedia":[{"embeddable":true,"href":"https:\/\/radiorevelacionfm.cl\/index.php?rest_route=\/wp\/v2\/media\/25376"}],"wp:attachment":[{"href":"https:\/\/radiorevelacionfm.cl\/index.php?rest_route=%2Fwp%2Fv2%2Fmedia&parent=25375"}],"wp:term":[{"taxonomy":"category","embeddable":true,"href":"https:\/\/radiorevelacionfm.cl\/index.php?rest_route=%2Fwp%2Fv2%2Fcategories&post=25375"},{"taxonomy":"post_tag","embeddable":true,"href":"https:\/\/radiorevelacionfm.cl\/index.php?rest_route=%2Fwp%2Fv2%2Ftags&post=25375"}],"curies":[{"name":"wp","href":"https:\/\/api.w.org\/{rel}","templated":true}]}}