{"id":25366,"date":"2022-12-14T12:50:52","date_gmt":"2022-12-14T15:50:52","guid":{"rendered":"https:\/\/radiorevelacionfm.cl\/?p=25366"},"modified":"2022-12-14T12:56:49","modified_gmt":"2022-12-14T15:56:49","slug":"seremi-isabel-garrido-casassa-hizo-un-positivo-balance-de-tutorias-seamos-comunidad-en-aysen","status":"publish","type":"post","link":"https:\/\/radiorevelacionfm.cl\/?p=25366","title":{"rendered":"Seremi Isabel Garrido Casassa hizo un positivo balance de Tutor\u00edas Seamos Comunidad en Ays\u00e9n"},"content":{"rendered":"<div class=\"flex_column av_one_full  flex_column_div av-zero-column-padding first  avia-builder-el-0  el_before_av_one_full  avia-builder-el-first  \" style='border-radius:0px; '><div  class='avia-image-container  av-styling-    avia-builder-el-1  avia-builder-el-no-sibling  avia-align-center '  itemprop=\"image\" itemscope=\"itemscope\" itemtype=\"https:\/\/schema.org\/ImageObject\"  ><div class='avia-image-container-inner'><div class='avia-image-overlay-wrap'><img decoding=\"async\" class='wp-image-25367 avia-img-lazy-loading-not-25367 avia_image' src=\"https:\/\/radiorevelacionfm.cl\/wp-content\/uploads\/2022\/12\/Balance-Tutorias-1-1.jpg\" alt='' title='Balance Tutor\u00edas (1) (1)' height=\"600\" width=\"800\"  itemprop=\"thumbnailUrl\" srcset=\"https:\/\/radiorevelacionfm.cl\/wp-content\/uploads\/2022\/12\/Balance-Tutorias-1-1.jpg 800w, https:\/\/radiorevelacionfm.cl\/wp-content\/uploads\/2022\/12\/Balance-Tutorias-1-1-300x225.jpg 300w, https:\/\/radiorevelacionfm.cl\/wp-content\/uploads\/2022\/12\/Balance-Tutorias-1-1-768x576.jpg 768w, https:\/\/radiorevelacionfm.cl\/wp-content\/uploads\/2022\/12\/Balance-Tutorias-1-1-705x529.jpg 705w, https:\/\/radiorevelacionfm.cl\/wp-content\/uploads\/2022\/12\/Balance-Tutorias-1-1-600x450.jpg 600w\" sizes=\"(max-width: 800px) 100vw, 800px\" \/><\/div><\/div><\/div><\/div><div class=\"flex_column av_one_full  flex_column_div av-zero-column-padding first  avia-builder-el-2  el_after_av_one_full  el_before_av_one_full  column-top-margin\" style='border-radius:0px; '><section class=\"av_textblock_section \"  itemscope=\"itemscope\" itemtype=\"https:\/\/schema.org\/BlogPosting\" itemprop=\"blogPost\" ><div class='avia_textblock  '   itemprop=\"text\" ><p style=\"text-align: center;\"><strong><span style=\"font-size: 18pt;\">Seremi Isabel Garrido Casassa hizo un positivo balance de Tutor\u00edas Seamos Comunidad en Ays\u00e9n<\/span><\/strong><\/p>\n<div id=\"gtx-trans\" style=\"position: absolute; left: -50px; top: 4.31534px;\">\n<div class=\"gtx-trans-icon\"><\/div>\n<\/div>\n<\/div><\/section><\/div><div class=\"flex_column av_one_full  flex_column_div av-zero-column-padding first  avia-builder-el-4  el_after_av_one_full  el_before_av_hr  column-top-margin\" style='border-radius:0px; '><section class=\"av_textblock_section \"  itemscope=\"itemscope\" itemtype=\"https:\/\/schema.org\/BlogPosting\" itemprop=\"blogPost\" ><div class='avia_textblock  '   itemprop=\"text\" ><p class=\"v1MsoNormal\" style=\"text-align: justify;\" align=\"center\"><i>Mineduc proyecta ampliaci\u00f3n del programa para el pr\u00f3ximo a\u00f1o con m\u00e1s tutores y universidades participantes.<\/i><\/p>\n<p class=\"v1MsoNormal\" style=\"text-align: justify;\">Este martes, el Subsecretario de Educaci\u00f3n, Gabriel Bosque, particip\u00f3 en un balance del primer a\u00f1o de implementaci\u00f3n del Programa Nacional de Tutor\u00edas de estudiantes de pedagog\u00edas, iniciativa que se despleg\u00f3 presencialmente a lo largo del pa\u00eds en convenio con 28 universidades que cuentan con Facultad de Educaci\u00f3n, y que permiti\u00f3 reforzar el aprendizaje a m\u00e1s de 4 mil estudiantes de 234 establecimientos educativos, en el marco de la Pol\u00edtica de Reactivaci\u00f3n Educativa que lleva adelante el Ministerio de Educaci\u00f3n.<\/p>\n<p class=\"v1MsoNormal\" style=\"text-align: justify;\">A la ceremonia realizada en el Museo Bellas Artes, llegaron docentes y educadores\/as en formaci\u00f3n que realizan las tutor\u00edas, as\u00ed como representantes de las diversas universidades participantes, pertenecientes al Consejo de Facultades de Educaci\u00f3n del CRUCH (CONFAUCE) y al Consejo de Universidades Privadas Acreditadas, para compartir en un panel y conocer las proyecciones de este programa para 2023.<\/p>\n<p class=\"v1MsoNormal\" style=\"text-align: justify;\">\u201cDesde que llegamos a Mineduc hemos trabajado y convocado a todas y todos a participar en el desaf\u00edo pa\u00eds que es enfrentar las problem\u00e1ticas de educaci\u00f3n que dej\u00f3 la pandemia. Relevamos profundamente esta alianza con las instituciones de educaci\u00f3n superior en los territorios a trav\u00e9s de las tutor\u00edas. Hemos visto c\u00f3mo a lo largo del pa\u00eds se han desplegado estudiantes de diversas universidades en una tarea a la que estamos convocando ampliamente para reactivar la educaci\u00f3n en Chile. Es fundamental el trabajo colaborativo, y las tutor\u00edas son una muestra importante de la alianza virtuosa que necesita nuestro pa\u00eds para avanzar en la reactivaci\u00f3n educativa\u201d, sostuvo el subsecretario Bosque.<\/p>\n<p class=\"v1MsoNormal\" style=\"text-align: justify;\">El Decano de la Facultad de Educaci\u00f3n de la Universidad de Temuco y presidente de CONFAUCE, Juan Mansilla, se\u00f1al\u00f3 que \u201cesta es una instancia fundamental porque pone el acento en la relaci\u00f3n que tiene que tener la formaci\u00f3n inicial de docentes en las universidades con el sistema escolar. Es una cadena de relaciones donde est\u00e1n las universidades, colegios, familias y es un imperativo \u00e9tico, pol\u00edtico y pedag\u00f3gico vincularnos\u201d.<\/p>\n<p class=\"v1MsoNormal\" style=\"text-align: justify;\"><b>Tutor\u00edas en Ays\u00e9n. Positivo Balance<\/b><\/p>\n<p class=\"v1MsoNormal\" style=\"text-align: justify;\">En la Regi\u00f3n de Ays\u00e9n el programa de Tutor\u00eda fue desarrollado con la participaci\u00f3n de 14 tutoras\/es, estudiantes de Pedagog\u00eda B\u00e1sica con Menciones de la Universidad Austral de Chile Campus Patagonia de Coyhaique y se apoy\u00f3 a 6 escuelas de las\u00a0 comunas de Ays\u00e9n y Coyhaique. Las escuelas apoyadas fueron: Baquedano, V\u00edctor Domingo Silva, Pedro Quintana Mansilla, Campo de Hielo y Colegio Antoine de Saint Exupery de Coyhaique, y Escuela Almirante Simpson de Puerto Chacabuco.<\/p>\n<p class=\"v1MsoNormal\" style=\"text-align: justify;\">En la v\u00edspera del cierre del programa, la Seremi Isabel Garrido Casassa se traslad\u00f3 hasta la Escuela Almirante Simpson de Puerto Chacabuco donde realiz\u00f3 un balance junto a las dos tutoras Bernardita Villegas, Catalina Troncoso y se sum\u00f3 la encargada de la Unidad T\u00e9cnico Pedag\u00f3gica del establecimiento Pabla V\u00e1squez.<\/p>\n<p class=\"v1MsoNormal\" style=\"text-align: justify;\">Isabel Garrido manifest\u00f3 que \u201cEl programa de Tutor\u00edas es muy interesante e innovador y lo hemos desarrollado con el apoyo de las carreras de pedagog\u00eda de las universidades. En nuestra regi\u00f3n hemos trabajado con la Universidad Austral de Chile Campus Patagonia de Coyhaique, con estudiantes de Cuarto A\u00f1o de Pedagog\u00eda B\u00e1sica. Observamos en terreno como las estudiantes han logrado desarrollar aprendizajes y habilidades socioemocionales en estudiantes de 2\u00b0 a 6\u00b0 b\u00e1sico a trav\u00e9s del juego, en una metodolog\u00eda innovadora y personalizada. Los ni\u00f1os y las ni\u00f1as han desarrollado la confianza en si mismos, han avanzado en la lectura, escritura y razonamiento l\u00f3gico matem\u00e1tico lo cual nos tiene muy felices y con altas expectativas de ampliar este programa a m\u00e1s establecimientos y localidades durante al a\u00f1o 2023 ajustando el dise\u00f1o a la realidad local para potenciar su impacto positivo en la recuperaci\u00f3n de aprendizajes\u201d.<\/p>\n<p class=\"v1MsoNormal\" style=\"text-align: justify;\">En tanto, Bernardita Villegas estudiante de cuarto a\u00f1o de Pedagog\u00eda B\u00e1sica de la UACH Campus Patagonia afirm\u00f3 que: \u201cHemos trabajado directamente con diez estudiantes apoy\u00e1ndolos en la recuperaci\u00f3n de aprendizajes que se han visto mermados por la pandemia, particularmente habilidades socioemocionales y afrontar los efectos negativos que dej\u00f3 este periodo de interrupci\u00f3n de clases presenciales. Ha sido un proceso muy completo y enriquecedor y con algunas mejoras creemos se le puede dar continuidad el pr\u00f3ximo a\u00f1o que tendr\u00e1 un positivo impacto y alcanzar a un mayor n\u00famero de estudiantes\u201d.<\/p>\n<p class=\"v1MsoNormal\" style=\"text-align: justify;\">Por su parte, Pabla V\u00e1squez Jefa UTP del establecimiento se\u00f1al\u00f3 que \u201cEl grupo de estudiantes que fue apoyado por las tutoras ha desarrollado diversas actividades que les han permitido aprender de forma distinta, a trav\u00e9s del juego y creemos que el proceso es positivo para la recuperaci\u00f3n de aprendizajes. Hay que tener en cuenta que este a\u00f1o de reencuentro educativo presencial ha sido muy distinto y hemos tenido que atender y contener a nuestros estudiantes en el \u00e1mbito socioemocional y eso nos ha demandado mucho trabajo, tiempo y organizaci\u00f3n de la comunidad educativa. Si bien los aprendizajes son importantes, la salud mental es prioridad y en eso nos hemos enfocado como establecimiento\u201d.<\/p>\n<p class=\"v1MsoNormal\" style=\"text-align: justify;\">Para el pr\u00f3ximo a\u00f1o, en el marco de la Pol\u00edtica de Reactivaci\u00f3n Educativa, el Mineduc dispondr\u00e1 de un presupuesto de $250 mil millones para reimpulsar los aprendizajes y mejorar los v\u00ednculos de las y los estudiantes y sus familias con los establecimientos. Adem\u00e1s, se espera que se sumen al programa de tutor\u00edas nuevas instituciones de educaci\u00f3n superior para aumentar la cantidad de tutores, permitiendo llegar a m\u00e1s comunidades educativas con el objetivo de reactivar los aprendizajes y entregar la experiencia en las aulas a las y los docentes y educadores\/as en formaci\u00f3n.<\/p>\n<\/div><\/section><\/div><div  style='height:50px' class='hr hr-invisible   avia-builder-el-6  el_after_av_one_full  el_before_av_social_share '><span class='hr-inner ' ><span class='hr-inner-style'><\/span><\/span><\/div><\/p>\n<div  class='av-social-sharing-box  avia-builder-el-7  el_after_av_hr  el_before_av_hr  '><div class='av-share-box'><h5 class='av-share-link-description av-no-toc '>Compartir esta noticia<\/h5><ul class='av-share-box-list noLightbox'><li class='av-share-link av-social-link-facebook' ><a target=\"_blank\" aria-label=\"Compartir en Facebook\" href='https:\/\/www.facebook.com\/sharer.php?u=https:\/\/radiorevelacionfm.cl\/?p=25366&#038;t=Seremi%20Isabel%20Garrido%20Casassa%20hizo%20un%20positivo%20balance%20de%20Tutor%C3%ADas%20Seamos%20Comunidad%20en%20Ays%C3%A9n' aria-hidden='false' data-av_icon='\ue8f3' data-av_iconfont='entypo-fontello' title='' data-avia-related-tooltip='Compartir en Facebook' rel=\"noopener\"><span class='avia_hidden_link_text'>Compartir en Facebook<\/span><\/a><\/li><li class='av-share-link av-social-link-twitter' ><a target=\"_blank\" aria-label=\"Compartir en Twitter\" href='https:\/\/twitter.com\/share?text=Seremi%20Isabel%20Garrido%20Casassa%20hizo%20un%20positivo%20balance%20de%20Tutor%C3%ADas%20Seamos%20Comunidad%20en%20Ays%C3%A9n&#038;url=https:\/\/radiorevelacionfm.cl\/?p=25366' aria-hidden='false' data-av_icon='\ue8f1' data-av_iconfont='entypo-fontello' title='' data-avia-related-tooltip='Compartir en Twitter' rel=\"noopener\"><span class='avia_hidden_link_text'>Compartir en Twitter<\/span><\/a><\/li><li class='av-share-link av-social-link-whatsapp' ><a target=\"_blank\" aria-label=\"Compartir en Whatsapp\" href='https:\/\/api.whatsapp.com\/send?text=https:\/\/radiorevelacionfm.cl\/?p=25366' aria-hidden='false' data-av_icon='\uf232' data-av_iconfont='entypo-fontello' title='' data-avia-related-tooltip='Compartir en Whatsapp' rel=\"noopener\"><span class='avia_hidden_link_text'>Compartir en Whatsapp<\/span><\/a><\/li><li class='av-share-link av-social-link-linkedin' ><a target=\"_blank\" aria-label=\"Compartir en LinkedIn\" href='https:\/\/linkedin.com\/shareArticle?mini=true&#038;title=Seremi%20Isabel%20Garrido%20Casassa%20hizo%20un%20positivo%20balance%20de%20Tutor%C3%ADas%20Seamos%20Comunidad%20en%20Ays%C3%A9n&#038;url=https:\/\/radiorevelacionfm.cl\/?p=25366' aria-hidden='false' data-av_icon='\ue8fc' data-av_iconfont='entypo-fontello' title='' data-avia-related-tooltip='Compartir en LinkedIn' rel=\"noopener\"><span class='avia_hidden_link_text'>Compartir en LinkedIn<\/span><\/a><\/li><li class='av-share-link av-social-link-mail' ><a  aria-label=\"Compartir por correo\" href='mailto:?subject=Seremi%20Isabel%20Garrido%20Casassa%20hizo%20un%20positivo%20balance%20de%20Tutor%C3%ADas%20Seamos%20Comunidad%20en%20Ays%C3%A9n&#038;body=https:\/\/radiorevelacionfm.cl\/?p=25366' aria-hidden='false' data-av_icon='\ue805' data-av_iconfont='entypo-fontello' title='' data-avia-related-tooltip='Compartir por correo'><span class='avia_hidden_link_text'>Compartir por correo<\/span><\/a><\/li><\/ul><\/div><\/div>\n<div  style='height:50px' class='hr hr-invisible   avia-builder-el-8  el_after_av_social_share  el_before_av_comments_list '><span class='hr-inner ' ><span class='hr-inner-style'><\/span><\/span><\/div>\n<div  class='av-buildercomment  av-blog-meta-html-info-disabled av-blog-meta-tag-disabled  '><\/div>\n","protected":false},"excerpt":{"rendered":"","protected":false},"author":1,"featured_media":25367,"comment_status":"open","ping_status":"open","sticky":false,"template":"","format":"standard","meta":{"footnotes":""},"categories":[49],"tags":[],"class_list":["post-25366","post","type-post","status-publish","format-standard","has-post-thumbnail","hentry","category-educacion"],"jetpack_featured_media_url":"https:\/\/radiorevelacionfm.cl\/wp-content\/uploads\/2022\/12\/Balance-Tutorias-1-1.jpg","_links":{"self":[{"href":"https:\/\/radiorevelacionfm.cl\/index.php?rest_route=\/wp\/v2\/posts\/25366","targetHints":{"allow":["GET"]}}],"collection":[{"href":"https:\/\/radiorevelacionfm.cl\/index.php?rest_route=\/wp\/v2\/posts"}],"about":[{"href":"https:\/\/radiorevelacionfm.cl\/index.php?rest_route=\/wp\/v2\/types\/post"}],"author":[{"embeddable":true,"href":"https:\/\/radiorevelacionfm.cl\/index.php?rest_route=\/wp\/v2\/users\/1"}],"replies":[{"embeddable":true,"href":"https:\/\/radiorevelacionfm.cl\/index.php?rest_route=%2Fwp%2Fv2%2Fcomments&post=25366"}],"version-history":[{"count":2,"href":"https:\/\/radiorevelacionfm.cl\/index.php?rest_route=\/wp\/v2\/posts\/25366\/revisions"}],"predecessor-version":[{"id":25374,"href":"https:\/\/radiorevelacionfm.cl\/index.php?rest_route=\/wp\/v2\/posts\/25366\/revisions\/25374"}],"wp:featuredmedia":[{"embeddable":true,"href":"https:\/\/radiorevelacionfm.cl\/index.php?rest_route=\/wp\/v2\/media\/25367"}],"wp:attachment":[{"href":"https:\/\/radiorevelacionfm.cl\/index.php?rest_route=%2Fwp%2Fv2%2Fmedia&parent=25366"}],"wp:term":[{"taxonomy":"category","embeddable":true,"href":"https:\/\/radiorevelacionfm.cl\/index.php?rest_route=%2Fwp%2Fv2%2Fcategories&post=25366"},{"taxonomy":"post_tag","embeddable":true,"href":"https:\/\/radiorevelacionfm.cl\/index.php?rest_route=%2Fwp%2Fv2%2Ftags&post=25366"}],"curies":[{"name":"wp","href":"https:\/\/api.w.org\/{rel}","templated":true}]}}