{"id":25361,"date":"2022-12-14T11:35:30","date_gmt":"2022-12-14T14:35:30","guid":{"rendered":"https:\/\/radiorevelacionfm.cl\/?p=25361"},"modified":"2022-12-14T11:35:30","modified_gmt":"2022-12-14T14:35:30","slug":"realizan-ultima-reunion-de-la-mesa-intersectorial-de-trata-de-personas-ano-2022","status":"publish","type":"post","link":"https:\/\/radiorevelacionfm.cl\/?p=25361","title":{"rendered":"Realizan \u00faltima reuni\u00f3n de la Mesa Intersectorial de Trata de Personas a\u00f1o 2022"},"content":{"rendered":"<div class=\"flex_column av_one_full  flex_column_div av-zero-column-padding first  avia-builder-el-0  el_before_av_one_full  avia-builder-el-first  \" style='border-radius:0px; '><div  class='avia-image-container  av-styling-    avia-builder-el-1  avia-builder-el-no-sibling  avia-align-center '  itemprop=\"image\" itemscope=\"itemscope\" itemtype=\"https:\/\/schema.org\/ImageObject\"  ><div class='avia-image-container-inner'><div class='avia-image-overlay-wrap'><img decoding=\"async\" class='wp-image-25363 avia-img-lazy-loading-not-25363 avia_image' src=\"https:\/\/radiorevelacionfm.cl\/wp-content\/uploads\/2022\/12\/trata-de-personas-1-1_optimized.jpg\" alt='' title='trata-de-personas-(1)-(1)_optimized' height=\"600\" width=\"1060\"  itemprop=\"thumbnailUrl\" srcset=\"https:\/\/radiorevelacionfm.cl\/wp-content\/uploads\/2022\/12\/trata-de-personas-1-1_optimized.jpg 1060w, https:\/\/radiorevelacionfm.cl\/wp-content\/uploads\/2022\/12\/trata-de-personas-1-1_optimized-300x170.jpg 300w, https:\/\/radiorevelacionfm.cl\/wp-content\/uploads\/2022\/12\/trata-de-personas-1-1_optimized-1030x583.jpg 1030w, https:\/\/radiorevelacionfm.cl\/wp-content\/uploads\/2022\/12\/trata-de-personas-1-1_optimized-768x435.jpg 768w, https:\/\/radiorevelacionfm.cl\/wp-content\/uploads\/2022\/12\/trata-de-personas-1-1_optimized-705x399.jpg 705w, https:\/\/radiorevelacionfm.cl\/wp-content\/uploads\/2022\/12\/trata-de-personas-1-1_optimized-600x340.jpg 600w\" sizes=\"(max-width: 1060px) 100vw, 1060px\" \/><\/div><\/div><\/div><\/div><div class=\"flex_column av_one_full  flex_column_div av-zero-column-padding first  avia-builder-el-2  el_after_av_one_full  el_before_av_one_full  column-top-margin\" style='border-radius:0px; '><section class=\"av_textblock_section \"  itemscope=\"itemscope\" itemtype=\"https:\/\/schema.org\/BlogPosting\" itemprop=\"blogPost\" ><div class='avia_textblock  '   itemprop=\"text\" ><p style=\"text-align: center;\"><span style=\"font-size: 18pt;\"><strong>Realizan \u00faltima reuni\u00f3n de la Mesa Intersectorial de Trata de Personas a\u00f1o 2022<\/strong><\/span><\/p>\n<div id=\"gtx-trans\" style=\"position: absolute; left: -50px; top: 4.31534px;\">\n<div class=\"gtx-trans-icon\"><\/div>\n<\/div>\n<\/div><\/section><\/div><div class=\"flex_column av_one_full  flex_column_div av-zero-column-padding first  avia-builder-el-4  el_after_av_one_full  el_before_av_hr  column-top-margin\" style='border-radius:0px; '><section class=\"av_textblock_section \"  itemscope=\"itemscope\" itemtype=\"https:\/\/schema.org\/BlogPosting\" itemprop=\"blogPost\" ><div class='avia_textblock  '   itemprop=\"text\" ><p style=\"text-align: justify;\">Recientemente se llev\u00f3 a cabo la \u00faltima reuni\u00f3n de la Mesa Intersectorial de Trata de Personas, instancia encabezada por el Seremi de Justicia y Derechos Humanos Samuel Navarro Castro que re\u00fane a cerca de 20 servicios p\u00fablicos, y que tiene como principal objetivo desarrollar acciones institucionales e intersectoriales que favorezcan la prevenci\u00f3n del delito en cuesti\u00f3n, la protecci\u00f3n de sus v\u00edctimas y la persecuci\u00f3n de las organizaciones criminales asociadas a la comisi\u00f3n de este delito.<\/p>\n<p style=\"text-align: justify;\">Respecto a lo que fue el trabajo desarrollado durante el a\u00f1o 2022, el Seremi de Justicia y Derechos Humanos de Ays\u00e9n, Samuel Navarro indic\u00f3 que \u201ceste a\u00f1o junto con retomar las reuniones post pandemia con distintas reparticiones p\u00fablicas y privadas que son parte de esta mesa, intensificamos nuestro accionar en la\u00a0 sensibilizaci\u00f3n y promoci\u00f3n para evitar el delito de Trata de Personas, este delito que puede afectar tanto a personas nacionales como extranjeras y de cualquier edad, afecta principalmente a mujeres y a ni\u00f1as, por lo tanto es muy importante hacer este trabajo de prevenci\u00f3n y sensibilizaci\u00f3n de conocimiento de la existencia de este delito, ahora dentro de los aspectos que debemos que desarrollar por mandato legal, es una fiscalizaci\u00f3n con los organismos competentes, la que esperamos realizar antes que finalice el a\u00f1o\u201d.<\/p>\n<p style=\"text-align: justify;\">En cuanto a la planificaci\u00f3n para el pr\u00f3ximo a\u00f1o, Samuel Navarro Castro explic\u00f3 que \u201ctomando en cuenta el trabajo efectuado este a\u00f1o, y donde cada uno de los integrantes tiene claridad respecto a los roles que les corresponde, y siendo nosotros quienes coordinamos y hacemos el enlace con las distintas organizaciones e instituciones, es que contamos con varias propuestas y acciones para comenzar a visualizar y planificar el a\u00f1o 2023, las que van enfocadas en el combate de este grave delito\u201d.<\/p>\n<p style=\"text-align: justify;\">Finalmente, cabe mencionar que entre las instituciones p\u00fablicas participantes se encuentran la Subsecretar\u00eda de Prevenci\u00f3n del Delito; Servicio de Migraciones; Delegaci\u00f3n Presidencial; Ministerio P\u00fablico; Seremi de la Mujer y Equidad de G\u00e9nero; Seremi de Salud; Seremi de Educaci\u00f3n; PDI; Carabineros; INDH; Secretar\u00eda Regional Ministerial del Trabajo y Previsi\u00f3n Social, Direcci\u00f3n del Trabajo, entre otros.<\/p>\n<\/div><\/section><\/div><div  style='height:50px' class='hr hr-invisible   avia-builder-el-6  el_after_av_one_full  el_before_av_social_share '><span class='hr-inner ' ><span class='hr-inner-style'><\/span><\/span><\/div><\/p>\n<div  class='av-social-sharing-box  avia-builder-el-7  el_after_av_hr  el_before_av_hr  '><div class='av-share-box'><h5 class='av-share-link-description av-no-toc '>Compartir esta noticia<\/h5><ul class='av-share-box-list noLightbox'><li class='av-share-link av-social-link-facebook' ><a target=\"_blank\" aria-label=\"Compartir en Facebook\" href='https:\/\/www.facebook.com\/sharer.php?u=https:\/\/radiorevelacionfm.cl\/?p=25361&#038;t=Realizan%20%C3%BAltima%20reuni%C3%B3n%20de%20la%20Mesa%20Intersectorial%20de%20Trata%20de%20Personas%20a%C3%B1o%202022' aria-hidden='false' data-av_icon='\ue8f3' data-av_iconfont='entypo-fontello' title='' data-avia-related-tooltip='Compartir en Facebook' rel=\"noopener\"><span class='avia_hidden_link_text'>Compartir en Facebook<\/span><\/a><\/li><li class='av-share-link av-social-link-twitter' ><a target=\"_blank\" aria-label=\"Compartir en Twitter\" href='https:\/\/twitter.com\/share?text=Realizan%20%C3%BAltima%20reuni%C3%B3n%20de%20la%20Mesa%20Intersectorial%20de%20Trata%20de%20Personas%20a%C3%B1o%202022&#038;url=https:\/\/radiorevelacionfm.cl\/?p=25361' aria-hidden='false' data-av_icon='\ue8f1' data-av_iconfont='entypo-fontello' title='' data-avia-related-tooltip='Compartir en Twitter' rel=\"noopener\"><span class='avia_hidden_link_text'>Compartir en Twitter<\/span><\/a><\/li><li class='av-share-link av-social-link-whatsapp' ><a target=\"_blank\" aria-label=\"Compartir en Whatsapp\" href='https:\/\/api.whatsapp.com\/send?text=https:\/\/radiorevelacionfm.cl\/?p=25361' aria-hidden='false' data-av_icon='\uf232' data-av_iconfont='entypo-fontello' title='' data-avia-related-tooltip='Compartir en Whatsapp' rel=\"noopener\"><span class='avia_hidden_link_text'>Compartir en Whatsapp<\/span><\/a><\/li><li class='av-share-link av-social-link-linkedin' ><a target=\"_blank\" aria-label=\"Compartir en LinkedIn\" href='https:\/\/linkedin.com\/shareArticle?mini=true&#038;title=Realizan%20%C3%BAltima%20reuni%C3%B3n%20de%20la%20Mesa%20Intersectorial%20de%20Trata%20de%20Personas%20a%C3%B1o%202022&#038;url=https:\/\/radiorevelacionfm.cl\/?p=25361' aria-hidden='false' data-av_icon='\ue8fc' data-av_iconfont='entypo-fontello' title='' data-avia-related-tooltip='Compartir en LinkedIn' rel=\"noopener\"><span class='avia_hidden_link_text'>Compartir en LinkedIn<\/span><\/a><\/li><li class='av-share-link av-social-link-mail' ><a  aria-label=\"Compartir por correo\" href='mailto:?subject=Realizan%20%C3%BAltima%20reuni%C3%B3n%20de%20la%20Mesa%20Intersectorial%20de%20Trata%20de%20Personas%20a%C3%B1o%202022&#038;body=https:\/\/radiorevelacionfm.cl\/?p=25361' aria-hidden='false' data-av_icon='\ue805' data-av_iconfont='entypo-fontello' title='' data-avia-related-tooltip='Compartir por correo'><span class='avia_hidden_link_text'>Compartir por correo<\/span><\/a><\/li><\/ul><\/div><\/div>\n<div  style='height:50px' class='hr hr-invisible   avia-builder-el-8  el_after_av_social_share  el_before_av_comments_list '><span class='hr-inner ' ><span class='hr-inner-style'><\/span><\/span><\/div>\n<div  class='av-buildercomment  av-blog-meta-html-info-disabled av-blog-meta-tag-disabled  '><\/div>\n","protected":false},"excerpt":{"rendered":"","protected":false},"author":1,"featured_media":25363,"comment_status":"open","ping_status":"open","sticky":false,"template":"","format":"standard","meta":{"footnotes":""},"categories":[55],"tags":[],"class_list":["post-25361","post","type-post","status-publish","format-standard","has-post-thumbnail","hentry","category-justicia"],"jetpack_featured_media_url":"https:\/\/radiorevelacionfm.cl\/wp-content\/uploads\/2022\/12\/trata-de-personas-1-1_optimized.jpg","_links":{"self":[{"href":"https:\/\/radiorevelacionfm.cl\/index.php?rest_route=\/wp\/v2\/posts\/25361","targetHints":{"allow":["GET"]}}],"collection":[{"href":"https:\/\/radiorevelacionfm.cl\/index.php?rest_route=\/wp\/v2\/posts"}],"about":[{"href":"https:\/\/radiorevelacionfm.cl\/index.php?rest_route=\/wp\/v2\/types\/post"}],"author":[{"embeddable":true,"href":"https:\/\/radiorevelacionfm.cl\/index.php?rest_route=\/wp\/v2\/users\/1"}],"replies":[{"embeddable":true,"href":"https:\/\/radiorevelacionfm.cl\/index.php?rest_route=%2Fwp%2Fv2%2Fcomments&post=25361"}],"version-history":[{"count":2,"href":"https:\/\/radiorevelacionfm.cl\/index.php?rest_route=\/wp\/v2\/posts\/25361\/revisions"}],"predecessor-version":[{"id":25365,"href":"https:\/\/radiorevelacionfm.cl\/index.php?rest_route=\/wp\/v2\/posts\/25361\/revisions\/25365"}],"wp:featuredmedia":[{"embeddable":true,"href":"https:\/\/radiorevelacionfm.cl\/index.php?rest_route=\/wp\/v2\/media\/25363"}],"wp:attachment":[{"href":"https:\/\/radiorevelacionfm.cl\/index.php?rest_route=%2Fwp%2Fv2%2Fmedia&parent=25361"}],"wp:term":[{"taxonomy":"category","embeddable":true,"href":"https:\/\/radiorevelacionfm.cl\/index.php?rest_route=%2Fwp%2Fv2%2Fcategories&post=25361"},{"taxonomy":"post_tag","embeddable":true,"href":"https:\/\/radiorevelacionfm.cl\/index.php?rest_route=%2Fwp%2Fv2%2Ftags&post=25361"}],"curies":[{"name":"wp","href":"https:\/\/api.w.org\/{rel}","templated":true}]}}