{"id":25357,"date":"2022-12-14T11:22:03","date_gmt":"2022-12-14T14:22:03","guid":{"rendered":"https:\/\/radiorevelacionfm.cl\/?p=25357"},"modified":"2022-12-14T11:22:03","modified_gmt":"2022-12-14T14:22:03","slug":"regimiento-n8-chiloe-presto-apoyo-a-agrupacion-de-artesanos-de-puerto-aysen","status":"publish","type":"post","link":"https:\/\/radiorevelacionfm.cl\/?p=25357","title":{"rendered":"Regimiento N\u00b08 \u201cChilo\u00e9\u201d prest\u00f3 apoyo a Agrupaci\u00f3n de Artesanos de Puerto Ays\u00e9n"},"content":{"rendered":"<div class=\"flex_column av_one_full  flex_column_div av-zero-column-padding first  avia-builder-el-0  el_before_av_one_full  avia-builder-el-first  \" style='border-radius:0px; '><div  class='avia-image-container  av-styling-    avia-builder-el-1  avia-builder-el-no-sibling  avia-align-center '  itemprop=\"image\" itemscope=\"itemscope\" itemtype=\"https:\/\/schema.org\/ImageObject\"  ><div class='avia-image-container-inner'><div class='avia-image-overlay-wrap'><img decoding=\"async\" class='wp-image-25358 avia-img-lazy-loading-not-25358 avia_image' src=\"https:\/\/radiorevelacionfm.cl\/wp-content\/uploads\/2022\/12\/foto3-3-1-1.jpg\" alt='' title='foto3 (3) (1) (1)' height=\"600\" width=\"901\"  itemprop=\"thumbnailUrl\" srcset=\"https:\/\/radiorevelacionfm.cl\/wp-content\/uploads\/2022\/12\/foto3-3-1-1.jpg 901w, https:\/\/radiorevelacionfm.cl\/wp-content\/uploads\/2022\/12\/foto3-3-1-1-300x200.jpg 300w, https:\/\/radiorevelacionfm.cl\/wp-content\/uploads\/2022\/12\/foto3-3-1-1-768x511.jpg 768w, https:\/\/radiorevelacionfm.cl\/wp-content\/uploads\/2022\/12\/foto3-3-1-1-705x469.jpg 705w, https:\/\/radiorevelacionfm.cl\/wp-content\/uploads\/2022\/12\/foto3-3-1-1-600x400.jpg 600w\" sizes=\"(max-width: 901px) 100vw, 901px\" \/><\/div><\/div><\/div><\/div><div class=\"flex_column av_one_full  flex_column_div av-zero-column-padding first  avia-builder-el-2  el_after_av_one_full  el_before_av_one_full  column-top-margin\" style='border-radius:0px; '><section class=\"av_textblock_section \"  itemscope=\"itemscope\" itemtype=\"https:\/\/schema.org\/BlogPosting\" itemprop=\"blogPost\" ><div class='avia_textblock  '   itemprop=\"text\" ><p style=\"text-align: center;\"><span style=\"font-size: 18pt;\"><strong>Regimiento N\u00b08 \u201cChilo\u00e9\u201d prest\u00f3 apoyo a Agrupaci\u00f3n de Artesanos de Puerto Ays\u00e9n<\/strong><\/span><\/p>\n<div id=\"gtx-trans\" style=\"position: absolute; left: -50px; top: 4.31534px;\">\n<div class=\"gtx-trans-icon\"><\/div>\n<\/div>\n<\/div><\/section><\/div><div class=\"flex_column av_one_full  flex_column_div av-zero-column-padding first  avia-builder-el-4  el_after_av_one_full  el_before_av_hr  column-top-margin\" style='border-radius:0px; '><section class=\"av_textblock_section \"  itemscope=\"itemscope\" itemtype=\"https:\/\/schema.org\/BlogPosting\" itemprop=\"blogPost\" ><div class='avia_textblock  '   itemprop=\"text\" ><p style=\"text-align: justify;\">Enmarcado en el \u00e1rea de misi\u00f3n \u201cContribuci\u00f3n al desarrollo nacional y acci\u00f3n del estado\u201d, personal y medios del Regimiento N\u00b08 \u201cChilo\u00e9\u201d de Puerto Ays\u00e9n, apoyaron a la Agrupaci\u00f3n social, cultural y deportiva de artesanos y emprendedores \u201cPalafitos de Ays\u00e9n\u201d en el traslado de esculturas de hormig\u00f3n.<\/p>\n<p style=\"text-align: justify;\">El apoyo el cual fue solicitado por el Delegado Presidencial Provincial de Ays\u00e9n, Sr. Jorge Salfate A, consisti\u00f3 en el traslado y reubicaci\u00f3n de dos esculturas de gran tama\u00f1o, que dificultaban el ingreso principal donde se va a realizar la feria de artesanos ubicada a un costado de la Catedral en la plaza de armas de la ciudad puerto.<\/p>\n<p style=\"text-align: justify;\">Soledad Ojeda, Presidenta de la Agrupaci\u00f3n social, cultural y deportiva de artesanos y emprendedores \u201cPalafitos de Ays\u00e9n\u201d, se\u00f1al\u00f3 \u201cAgradecer al Ej\u00e9rcito por su disponibilidad y amabilidad de ayudarnos. Agradecer al Delegado provincial porque en base a la gesti\u00f3n que pudo realizar a ra\u00edz de nuestra solicitud se contact\u00f3 con el Comandante del Regimiento N\u00b08 \u201cChilo\u00e9\u201d y se realiz\u00f3 el apoyo. Esta ayuda es para poder agilizar el espacio donde transitar\u00e1 el p\u00fablico en la feria de artesanos que se efectuar\u00e1 en estos d\u00edas.\u201d<\/p>\n<p style=\"text-align: justify;\">La ayuda realizada por los efectivos de la unidad regimentaria permitir\u00e1 habilitar un sal\u00f3n de ventas, que ir\u00e1 en directo apoyo a la mujer emprendedora de la ciudad de Puerto Ays\u00e9n.<\/p>\n<p style=\"text-align: justify;\">\u201cHoy d\u00eda hemos logrado retirar las estatuas de las \u201cSiervas de San Jos\u00e9\u201d, para realizar una hermosa actividad para la comunidad de Ays\u00e9n. Queremos agradecer al Ej\u00e9rcito por colaborar en esta actividad, cuya finalidad es apoyar a los emprendedores juntos a sus familias\u201d puntualiz\u00f3 Grimanesa Gonz\u00e1lez E., representante de la empresa \u201cAuditores Patagonia\u201d.<\/p>\n<\/div><\/section><\/div><div  style='height:50px' class='hr hr-invisible   avia-builder-el-6  el_after_av_one_full  el_before_av_social_share '><span class='hr-inner ' ><span class='hr-inner-style'><\/span><\/span><\/div><\/p>\n<div  class='av-social-sharing-box  avia-builder-el-7  el_after_av_hr  el_before_av_hr  '><div class='av-share-box'><h5 class='av-share-link-description av-no-toc '>Compartir esta noticia<\/h5><ul class='av-share-box-list noLightbox'><li class='av-share-link av-social-link-facebook' ><a target=\"_blank\" aria-label=\"Compartir en Facebook\" href='https:\/\/www.facebook.com\/sharer.php?u=https:\/\/radiorevelacionfm.cl\/?p=25357&#038;t=Regimiento%20N%C2%B08%20%E2%80%9CChilo%C3%A9%E2%80%9D%20prest%C3%B3%20apoyo%20a%20Agrupaci%C3%B3n%20de%20Artesanos%20de%20Puerto%20Ays%C3%A9n' aria-hidden='false' data-av_icon='\ue8f3' data-av_iconfont='entypo-fontello' title='' data-avia-related-tooltip='Compartir en Facebook' rel=\"noopener\"><span class='avia_hidden_link_text'>Compartir en Facebook<\/span><\/a><\/li><li class='av-share-link av-social-link-twitter' ><a target=\"_blank\" aria-label=\"Compartir en Twitter\" href='https:\/\/twitter.com\/share?text=Regimiento%20N%C2%B08%20%E2%80%9CChilo%C3%A9%E2%80%9D%20prest%C3%B3%20apoyo%20a%20Agrupaci%C3%B3n%20de%20Artesanos%20de%20Puerto%20Ays%C3%A9n&#038;url=https:\/\/radiorevelacionfm.cl\/?p=25357' aria-hidden='false' data-av_icon='\ue8f1' data-av_iconfont='entypo-fontello' title='' data-avia-related-tooltip='Compartir en Twitter' rel=\"noopener\"><span class='avia_hidden_link_text'>Compartir en Twitter<\/span><\/a><\/li><li class='av-share-link av-social-link-whatsapp' ><a target=\"_blank\" aria-label=\"Compartir en Whatsapp\" href='https:\/\/api.whatsapp.com\/send?text=https:\/\/radiorevelacionfm.cl\/?p=25357' aria-hidden='false' data-av_icon='\uf232' data-av_iconfont='entypo-fontello' title='' data-avia-related-tooltip='Compartir en Whatsapp' rel=\"noopener\"><span class='avia_hidden_link_text'>Compartir en Whatsapp<\/span><\/a><\/li><li class='av-share-link av-social-link-linkedin' ><a target=\"_blank\" aria-label=\"Compartir en LinkedIn\" href='https:\/\/linkedin.com\/shareArticle?mini=true&#038;title=Regimiento%20N%C2%B08%20%E2%80%9CChilo%C3%A9%E2%80%9D%20prest%C3%B3%20apoyo%20a%20Agrupaci%C3%B3n%20de%20Artesanos%20de%20Puerto%20Ays%C3%A9n&#038;url=https:\/\/radiorevelacionfm.cl\/?p=25357' aria-hidden='false' data-av_icon='\ue8fc' data-av_iconfont='entypo-fontello' title='' data-avia-related-tooltip='Compartir en LinkedIn' rel=\"noopener\"><span class='avia_hidden_link_text'>Compartir en LinkedIn<\/span><\/a><\/li><li class='av-share-link av-social-link-mail' ><a  aria-label=\"Compartir por correo\" href='mailto:?subject=Regimiento%20N%C2%B08%20%E2%80%9CChilo%C3%A9%E2%80%9D%20prest%C3%B3%20apoyo%20a%20Agrupaci%C3%B3n%20de%20Artesanos%20de%20Puerto%20Ays%C3%A9n&#038;body=https:\/\/radiorevelacionfm.cl\/?p=25357' aria-hidden='false' data-av_icon='\ue805' data-av_iconfont='entypo-fontello' title='' data-avia-related-tooltip='Compartir por correo'><span class='avia_hidden_link_text'>Compartir por correo<\/span><\/a><\/li><\/ul><\/div><\/div>\n<div  style='height:50px' class='hr hr-invisible   avia-builder-el-8  el_after_av_social_share  el_before_av_comments_list '><span class='hr-inner ' ><span class='hr-inner-style'><\/span><\/span><\/div>\n<div  class='av-buildercomment  av-blog-meta-html-info-disabled av-blog-meta-tag-disabled  '><\/div>\n","protected":false},"excerpt":{"rendered":"","protected":false},"author":1,"featured_media":25358,"comment_status":"open","ping_status":"open","sticky":false,"template":"","format":"standard","meta":{"footnotes":""},"categories":[38],"tags":[],"class_list":["post-25357","post","type-post","status-publish","format-standard","has-post-thumbnail","hentry","category-regional"],"jetpack_featured_media_url":"https:\/\/radiorevelacionfm.cl\/wp-content\/uploads\/2022\/12\/foto3-3-1-1.jpg","_links":{"self":[{"href":"https:\/\/radiorevelacionfm.cl\/index.php?rest_route=\/wp\/v2\/posts\/25357","targetHints":{"allow":["GET"]}}],"collection":[{"href":"https:\/\/radiorevelacionfm.cl\/index.php?rest_route=\/wp\/v2\/posts"}],"about":[{"href":"https:\/\/radiorevelacionfm.cl\/index.php?rest_route=\/wp\/v2\/types\/post"}],"author":[{"embeddable":true,"href":"https:\/\/radiorevelacionfm.cl\/index.php?rest_route=\/wp\/v2\/users\/1"}],"replies":[{"embeddable":true,"href":"https:\/\/radiorevelacionfm.cl\/index.php?rest_route=%2Fwp%2Fv2%2Fcomments&post=25357"}],"version-history":[{"count":2,"href":"https:\/\/radiorevelacionfm.cl\/index.php?rest_route=\/wp\/v2\/posts\/25357\/revisions"}],"predecessor-version":[{"id":25360,"href":"https:\/\/radiorevelacionfm.cl\/index.php?rest_route=\/wp\/v2\/posts\/25357\/revisions\/25360"}],"wp:featuredmedia":[{"embeddable":true,"href":"https:\/\/radiorevelacionfm.cl\/index.php?rest_route=\/wp\/v2\/media\/25358"}],"wp:attachment":[{"href":"https:\/\/radiorevelacionfm.cl\/index.php?rest_route=%2Fwp%2Fv2%2Fmedia&parent=25357"}],"wp:term":[{"taxonomy":"category","embeddable":true,"href":"https:\/\/radiorevelacionfm.cl\/index.php?rest_route=%2Fwp%2Fv2%2Fcategories&post=25357"},{"taxonomy":"post_tag","embeddable":true,"href":"https:\/\/radiorevelacionfm.cl\/index.php?rest_route=%2Fwp%2Fv2%2Ftags&post=25357"}],"curies":[{"name":"wp","href":"https:\/\/api.w.org\/{rel}","templated":true}]}}