{"id":25350,"date":"2022-12-13T19:02:55","date_gmt":"2022-12-13T22:02:55","guid":{"rendered":"https:\/\/radiorevelacionfm.cl\/?p=25350"},"modified":"2022-12-13T19:02:55","modified_gmt":"2022-12-13T22:02:55","slug":"calisto-presenta-oficio-a-contraloria-por-fallas-en-barcazas-que-conectan-el-litoral-de-aysen","status":"publish","type":"post","link":"https:\/\/radiorevelacionfm.cl\/?p=25350","title":{"rendered":"Calisto presenta oficio a Contralor\u00eda por fallas en barcazas que conectan el litoral de Ays\u00e9n"},"content":{"rendered":"<div class=\"flex_column av_one_full  flex_column_div av-zero-column-padding first  avia-builder-el-0  el_before_av_one_full  avia-builder-el-first  \" style='border-radius:0px; '><div  class='avia-image-container  av-styling-    avia-builder-el-1  avia-builder-el-no-sibling  avia-align-center '  itemprop=\"image\" itemscope=\"itemscope\" itemtype=\"https:\/\/schema.org\/ImageObject\"  ><div class='avia-image-container-inner'><div class='avia-image-overlay-wrap'><img decoding=\"async\" class='wp-image-20277 avia-img-lazy-loading-not-20277 avia_image' src=\"https:\/\/radiorevelacionfm.cl\/wp-content\/uploads\/2022\/08\/Barcaza-Queulat-1-1.jpg\" alt='' title='Barcaza Queulat (1) (1)' height=\"600\" width=\"956\"  itemprop=\"thumbnailUrl\" srcset=\"https:\/\/radiorevelacionfm.cl\/wp-content\/uploads\/2022\/08\/Barcaza-Queulat-1-1.jpg 956w, https:\/\/radiorevelacionfm.cl\/wp-content\/uploads\/2022\/08\/Barcaza-Queulat-1-1-300x188.jpg 300w, https:\/\/radiorevelacionfm.cl\/wp-content\/uploads\/2022\/08\/Barcaza-Queulat-1-1-768x482.jpg 768w, https:\/\/radiorevelacionfm.cl\/wp-content\/uploads\/2022\/08\/Barcaza-Queulat-1-1-705x442.jpg 705w, https:\/\/radiorevelacionfm.cl\/wp-content\/uploads\/2022\/08\/Barcaza-Queulat-1-1-600x377.jpg 600w\" sizes=\"(max-width: 956px) 100vw, 956px\" \/><\/div><\/div><\/div><\/div><div class=\"flex_column av_one_full  flex_column_div av-zero-column-padding first  avia-builder-el-2  el_after_av_one_full  el_before_av_one_full  column-top-margin\" style='border-radius:0px; '><section class=\"av_textblock_section \"  itemscope=\"itemscope\" itemtype=\"https:\/\/schema.org\/BlogPosting\" itemprop=\"blogPost\" ><div class='avia_textblock  '   itemprop=\"text\" ><p style=\"text-align: center;\"><span style=\"font-size: 18pt;\"><b><span lang=\"ES\">Calisto presenta oficio a Contralor\u00eda por fallas en barcazas que conectan el litoral de Ays\u00e9n<\/span><\/b><\/span><\/p>\n<div id=\"gtx-trans\" style=\"position: absolute; left: -50px; top: 4.31534px;\">\n<div class=\"gtx-trans-icon\"><\/div>\n<\/div>\n<\/div><\/section><\/div><div class=\"flex_column av_one_full  flex_column_div av-zero-column-padding first  avia-builder-el-4  el_after_av_one_full  el_before_av_hr  column-top-margin\" style='border-radius:0px; '><section class=\"av_textblock_section \"  itemscope=\"itemscope\" itemtype=\"https:\/\/schema.org\/BlogPosting\" itemprop=\"blogPost\" ><div class='avia_textblock  '   itemprop=\"text\" ><p style=\"font-weight: 400; text-align: justify;\">Durante los \u00faltimos d\u00edas, las barcazas Jacaf y Queulat presentaron fallas que las mantienen fuera de operaciones.\u00a0Vecinos de Puerto Gala lamentaron la situaci\u00f3n e hicieron llamado al Gobierno a solucionar el problema con agilidad.<\/p>\n<p style=\"font-weight: 400; text-align: justify;\">Como un hecho lamentable calific\u00f3 el diputado Miguel \u00c1ngel Calisto la situaci\u00f3n que afecta a la conectividad mar\u00edtima del litoral aisenino, esto porque actualmente tanto la barcaza Jacaf como Queulat est\u00e1n sin poder operar debido a distintas fallas mec\u00e1nicas, hecho por el cual el parlamentario desliz\u00f3 cr\u00edticas en contra del Gobierno por la falta de fiscalizaci\u00f3n a las empresas que est\u00e1n a cargo del servicio, adem\u00e1s de anunciar el env\u00edo de un oficio de fiscalizaci\u00f3n a Contralor\u00eda por este tema.<\/p>\n<p style=\"font-weight: 400; text-align: justify;\">Seg\u00fan el diputado Calisto, \u201clamento una vez m\u00e1s la ineficiencia por parte del Gobierno. Lamentamos que esta administraci\u00f3n no tenga las competencias para gobernar y fiscalizar lo que est\u00e1 funcionando mal en nuestra regi\u00f3n. lo vemos ne los caminos y su mal estado, tambi\u00e9n lo vemos en materia de conectividad en el Lago General Carrera. Hoy tenemos un problema m\u00e1s, esto porque la barcaza Queulat y Jacaf est\u00e1n en malas condiciones, dejando sin conectividad al litoral de la regi\u00f3n\u201d.<\/p>\n<p style=\"font-weight: 400; text-align: justify;\">\u201c\u00bfQui\u00e9n fiscaliza las mantenciones de estas barcazas? Esto es rol del Ministerio de Transportes como del Ministerio de Obras P\u00fablicas. Hacemos un llamado a las autoridades competentes a fiscalizar, de tal manera que estas empresas que hoy ganan bastante para el transporte de los pasajeros en todo el litoral de nuestra regi\u00f3n, garanticen la seguridad del servicio que ofrecen\u201d, asegur\u00f3.<\/p>\n<p style=\"font-weight: 400; text-align: justify;\">Calisto agreg\u00f3 que \u201cenvi\u00e9 un oficio de fiscalizaci\u00f3n a la Contralor\u00eda, porque ac\u00e1 claramente el Ministerio de Transporte no est\u00e1 haciendo su pega respecto de la fiscalizaci\u00f3n y mantenci\u00f3n de estas embarcaciones, que son operadas por privados, pero cuentan con financiamiento del Estado. La gente del litoral, de Melinka, Gala, Gaviota, Quell\u00f3n, quienes necesitan el transporte mar\u00edtimo en su vida cotidiana. Ac\u00e1 se tiene que pasar a la acci\u00f3n en el sentido de nuestro rol fiscalizador, por eso estamos enviando este oficio a Contralor\u00eda para que determine eventuales irregularidades en la mantenci\u00f3n de estas barcazas\u201d.<\/p>\n<p style=\"font-weight: 400; text-align: justify;\">Por su parte, la Secretaria de la Junta de Vecinos de Puerto Gala, Sandra Meza, asegur\u00f3 que \u201ctenemos problemas con la empresa Naviera Austral empresa que tiene la subvenci\u00f3n para el transporte mar\u00edtimo por la ruta cordillera desde Quell\u00f3n hasta Chacabuco. El s\u00e1bado viaj\u00e9 desde Quell\u00f3n y quedamos varados en Melinka, pudimos venirnos en otra barcaza los pasajeros, no as\u00ed los camiones y la gente que iba a Gaviota, Puerto Aguirre, tuvieron que devolverse a Quell\u00f3n\u201d.<\/p>\n<p style=\"font-weight: 400; text-align: justify;\">\u201cEstos problemas vienen hace mucho tiempo y se suman a otros que vivimos como localidad aislada. Este es el \u00fanico medio de transporte que tenemos por si necesitamos ir a la capital Regional, al doctor, para ir a estudiar, hay gente enferma y adultos mayores, y la barcaza no est\u00e1 cumpliendo con algo tan importante como es la conectividad\u201d, indic\u00f3.<\/p>\n<p style=\"font-weight: 400; text-align: justify;\">Finalmente, la dirigenta afirm\u00f3 que \u201cla empresa le cobra una subvenci\u00f3n al Gobierno, por lo que hago una llamada a las autoridades para que solucionen esto lo m\u00e1s r\u00e1pido posible, y aqu\u00ed hablo por todo el litoral. Le digo al Ministro que ponga ojo en estas localidades chicas, porque Santiago no es Chile. El llamado es a que trabajen para mejorar la calidad de vida de quienes vivimos en estos lugares m\u00e1s aislados\u201d.<\/p>\n<\/div><\/section><\/div><div  style='height:50px' class='hr hr-invisible   avia-builder-el-6  el_after_av_one_full  el_before_av_social_share '><span class='hr-inner ' ><span class='hr-inner-style'><\/span><\/span><\/div><\/p>\n<div  class='av-social-sharing-box  avia-builder-el-7  el_after_av_hr  el_before_av_hr  '><div class='av-share-box'><h5 class='av-share-link-description av-no-toc '>Compartir esta noticia<\/h5><ul class='av-share-box-list noLightbox'><li class='av-share-link av-social-link-facebook' ><a target=\"_blank\" aria-label=\"Compartir en Facebook\" href='https:\/\/www.facebook.com\/sharer.php?u=https:\/\/radiorevelacionfm.cl\/?p=25350&#038;t=Calisto%20presenta%20oficio%20a%20Contralor%C3%ADa%20por%20fallas%20en%20barcazas%20que%20conectan%20el%20litoral%20de%20Ays%C3%A9n' aria-hidden='false' data-av_icon='\ue8f3' data-av_iconfont='entypo-fontello' title='' data-avia-related-tooltip='Compartir en Facebook' rel=\"noopener\"><span class='avia_hidden_link_text'>Compartir en Facebook<\/span><\/a><\/li><li class='av-share-link av-social-link-twitter' ><a target=\"_blank\" aria-label=\"Compartir en Twitter\" href='https:\/\/twitter.com\/share?text=Calisto%20presenta%20oficio%20a%20Contralor%C3%ADa%20por%20fallas%20en%20barcazas%20que%20conectan%20el%20litoral%20de%20Ays%C3%A9n&#038;url=https:\/\/radiorevelacionfm.cl\/?p=25350' aria-hidden='false' data-av_icon='\ue8f1' data-av_iconfont='entypo-fontello' title='' data-avia-related-tooltip='Compartir en Twitter' rel=\"noopener\"><span class='avia_hidden_link_text'>Compartir en Twitter<\/span><\/a><\/li><li class='av-share-link av-social-link-whatsapp' ><a target=\"_blank\" aria-label=\"Compartir en Whatsapp\" href='https:\/\/api.whatsapp.com\/send?text=https:\/\/radiorevelacionfm.cl\/?p=25350' aria-hidden='false' data-av_icon='\uf232' data-av_iconfont='entypo-fontello' title='' data-avia-related-tooltip='Compartir en Whatsapp' rel=\"noopener\"><span class='avia_hidden_link_text'>Compartir en Whatsapp<\/span><\/a><\/li><li class='av-share-link av-social-link-linkedin' ><a target=\"_blank\" aria-label=\"Compartir en LinkedIn\" href='https:\/\/linkedin.com\/shareArticle?mini=true&#038;title=Calisto%20presenta%20oficio%20a%20Contralor%C3%ADa%20por%20fallas%20en%20barcazas%20que%20conectan%20el%20litoral%20de%20Ays%C3%A9n&#038;url=https:\/\/radiorevelacionfm.cl\/?p=25350' aria-hidden='false' data-av_icon='\ue8fc' data-av_iconfont='entypo-fontello' title='' data-avia-related-tooltip='Compartir en LinkedIn' rel=\"noopener\"><span class='avia_hidden_link_text'>Compartir en LinkedIn<\/span><\/a><\/li><li class='av-share-link av-social-link-mail' ><a  aria-label=\"Compartir por correo\" href='mailto:?subject=Calisto%20presenta%20oficio%20a%20Contralor%C3%ADa%20por%20fallas%20en%20barcazas%20que%20conectan%20el%20litoral%20de%20Ays%C3%A9n&#038;body=https:\/\/radiorevelacionfm.cl\/?p=25350' aria-hidden='false' data-av_icon='\ue805' data-av_iconfont='entypo-fontello' title='' data-avia-related-tooltip='Compartir por correo'><span class='avia_hidden_link_text'>Compartir por correo<\/span><\/a><\/li><\/ul><\/div><\/div>\n<div  style='height:50px' class='hr hr-invisible   avia-builder-el-8  el_after_av_social_share  el_before_av_comments_list '><span class='hr-inner ' ><span class='hr-inner-style'><\/span><\/span><\/div>\n<div  class='av-buildercomment  av-blog-meta-html-info-disabled av-blog-meta-tag-disabled  '><\/div>\n","protected":false},"excerpt":{"rendered":"","protected":false},"author":1,"featured_media":20277,"comment_status":"open","ping_status":"open","sticky":false,"template":"","format":"standard","meta":{"footnotes":""},"categories":[35],"tags":[],"class_list":["post-25350","post","type-post","status-publish","format-standard","has-post-thumbnail","hentry","category-politica"],"jetpack_featured_media_url":"https:\/\/radiorevelacionfm.cl\/wp-content\/uploads\/2022\/08\/Barcaza-Queulat-1-1.jpg","_links":{"self":[{"href":"https:\/\/radiorevelacionfm.cl\/index.php?rest_route=\/wp\/v2\/posts\/25350","targetHints":{"allow":["GET"]}}],"collection":[{"href":"https:\/\/radiorevelacionfm.cl\/index.php?rest_route=\/wp\/v2\/posts"}],"about":[{"href":"https:\/\/radiorevelacionfm.cl\/index.php?rest_route=\/wp\/v2\/types\/post"}],"author":[{"embeddable":true,"href":"https:\/\/radiorevelacionfm.cl\/index.php?rest_route=\/wp\/v2\/users\/1"}],"replies":[{"embeddable":true,"href":"https:\/\/radiorevelacionfm.cl\/index.php?rest_route=%2Fwp%2Fv2%2Fcomments&post=25350"}],"version-history":[{"count":2,"href":"https:\/\/radiorevelacionfm.cl\/index.php?rest_route=\/wp\/v2\/posts\/25350\/revisions"}],"predecessor-version":[{"id":25352,"href":"https:\/\/radiorevelacionfm.cl\/index.php?rest_route=\/wp\/v2\/posts\/25350\/revisions\/25352"}],"wp:featuredmedia":[{"embeddable":true,"href":"https:\/\/radiorevelacionfm.cl\/index.php?rest_route=\/wp\/v2\/media\/20277"}],"wp:attachment":[{"href":"https:\/\/radiorevelacionfm.cl\/index.php?rest_route=%2Fwp%2Fv2%2Fmedia&parent=25350"}],"wp:term":[{"taxonomy":"category","embeddable":true,"href":"https:\/\/radiorevelacionfm.cl\/index.php?rest_route=%2Fwp%2Fv2%2Fcategories&post=25350"},{"taxonomy":"post_tag","embeddable":true,"href":"https:\/\/radiorevelacionfm.cl\/index.php?rest_route=%2Fwp%2Fv2%2Ftags&post=25350"}],"curies":[{"name":"wp","href":"https:\/\/api.w.org\/{rel}","templated":true}]}}