{"id":25347,"date":"2022-12-14T09:30:09","date_gmt":"2022-12-14T12:30:09","guid":{"rendered":"https:\/\/radiorevelacionfm.cl\/?p=25347"},"modified":"2022-12-14T09:30:09","modified_gmt":"2022-12-14T12:30:09","slug":"sandoval-y-nuevo-proceso-constitucional-esperamos-contar-con-una-constitucion-que-nos-sirva-de-marco-para-los-proximos-anos-y-hacernos-cargo-hoy-dia-en-paralelo-de-las-verdaderas-exigencia","status":"publish","type":"post","link":"https:\/\/radiorevelacionfm.cl\/?p=25347","title":{"rendered":"Sandoval y nuevo proceso constitucional: \u201cEsperamos contar con una constituci\u00f3n que nos sirva de marco para los pr\u00f3ximos a\u00f1os y hacernos cargo hoy d\u00eda, en paralelo, de las verdaderas exigencias que nos fija la ciudadan\u00eda\u201d"},"content":{"rendered":"<div class=\"flex_column av_one_full  flex_column_div av-zero-column-padding first  avia-builder-el-0  el_before_av_one_full  avia-builder-el-first  \" style='border-radius:0px; '><div  class='avia-image-container  av-styling-    avia-builder-el-1  avia-builder-el-no-sibling  avia-align-center '  itemprop=\"image\" itemscope=\"itemscope\" itemtype=\"https:\/\/schema.org\/ImageObject\"  ><div class='avia-image-container-inner'><div class='avia-image-overlay-wrap'><img decoding=\"async\" class='wp-image-22723 avia-img-lazy-loading-not-22723 avia_image' src=\"https:\/\/radiorevelacionfm.cl\/wp-content\/uploads\/2022\/10\/Sandoval-IMG_1790-1-1.jpg\" alt='' title='Sandoval IMG_1790 (1) (1)' height=\"600\" width=\"835\"  itemprop=\"thumbnailUrl\" srcset=\"https:\/\/radiorevelacionfm.cl\/wp-content\/uploads\/2022\/10\/Sandoval-IMG_1790-1-1.jpg 835w, https:\/\/radiorevelacionfm.cl\/wp-content\/uploads\/2022\/10\/Sandoval-IMG_1790-1-1-300x216.jpg 300w, https:\/\/radiorevelacionfm.cl\/wp-content\/uploads\/2022\/10\/Sandoval-IMG_1790-1-1-768x552.jpg 768w, https:\/\/radiorevelacionfm.cl\/wp-content\/uploads\/2022\/10\/Sandoval-IMG_1790-1-1-705x507.jpg 705w, https:\/\/radiorevelacionfm.cl\/wp-content\/uploads\/2022\/10\/Sandoval-IMG_1790-1-1-600x431.jpg 600w\" sizes=\"(max-width: 835px) 100vw, 835px\" \/><\/div><\/div><\/div><\/div><div class=\"flex_column av_one_full  flex_column_div av-zero-column-padding first  avia-builder-el-2  el_after_av_one_full  el_before_av_one_full  column-top-margin\" style='border-radius:0px; '><section class=\"av_textblock_section \"  itemscope=\"itemscope\" itemtype=\"https:\/\/schema.org\/BlogPosting\" itemprop=\"blogPost\" ><div class='avia_textblock  '   itemprop=\"text\" ><p style=\"text-align: center;\"><strong><span style=\"font-size: 18pt;\">Sandoval y nuevo proceso constitucional: \u201cEsperamos contar con una constituci\u00f3n que nos sirva de marco para los pr\u00f3ximos a\u00f1os y hacernos cargo hoy d\u00eda, en paralelo, de las verdaderas exigencias que nos fija la ciudadan\u00eda\u201d<\/span><\/strong><\/p>\n<div id=\"gtx-trans\" style=\"position: absolute; left: -50px; top: 4.31534px;\">\n<div class=\"gtx-trans-icon\"><\/div>\n<\/div>\n<\/div><\/section><\/div><div class=\"flex_column av_one_full  flex_column_div av-zero-column-padding first  avia-builder-el-4  el_after_av_one_full  el_before_av_hr  column-top-margin\" style='border-radius:0px; '><section class=\"av_textblock_section \"  itemscope=\"itemscope\" itemtype=\"https:\/\/schema.org\/BlogPosting\" itemprop=\"blogPost\" ><div class='avia_textblock  '   itemprop=\"text\" ><p style=\"text-align: justify;\">\u201cSin duda que ha sido un paso relevante el acuerdo pol\u00edtico al que se lleg\u00f3, para hacer frente al desaf\u00edo de la nueva Constituci\u00f3n, tras el absoluto fracaso de la convenci\u00f3n constitucional\u201d. As\u00ed lo afirm\u00f3 el senador David Sandoval al referirse al Acuerdo por Chile, firmado por distintas pol\u00edticas del pa\u00eds, que permite iniciar un nuevo proceso constitucional.<\/p>\n<p style=\"text-align: justify;\">El parlamentario record\u00f3 que el pasado 4 de septiembre \u201cla ciudadan\u00eda mayoritariamente manifest\u00f3 que la propuesta realizada era refundacional, que no estaba ni en el esp\u00edritu ni en el alma de los chilenos\u201d, por lo cual valor\u00f3 que este nuevo acuerdo sea bastante m\u00e1s simple en su elaboraci\u00f3n. \u201cSolamente cincuenta consejeros electos por la ciudadan\u00eda, tal cual como se eligen los senadores y donde nuestra regi\u00f3n, por lo tanto, podr\u00e1 elegir a dos de estos consejeros. Adicionalmente est\u00e1 el grupo de expertos, estas 24 personas que har\u00e1n el ante proyecto, elegidos por la C\u00e1mara de Diputados y el Senado. Y est\u00e1 finalmente el comit\u00e9 t\u00e9cnico de admisibilidad\u201d, puntualiz\u00f3.<\/p>\n<p style=\"text-align: justify;\">Sandoval hizo hincapi\u00e9 en que ahora no se trabajar\u00e1 \u201csobre una hoja en blanco, sino que sobre lo que nosotros somos como pa\u00eds\u201d, recalcando por lo mismo que en Chile \u201cno hay diversidad de naciones, hay diversidad de culturas\u201d, relevando por lo mismo las 12 bases constitucionales consideradas dentro del acuerdo que se firm\u00f3 este lunes en el Ex Congreso, que considera temas como que \u00abChile es una rep\u00fablica democr\u00e1tica, cuya soberan\u00eda residen en el Estado\u201d; que \u00abel Estado de Chile es unitario y descentralizado\u00bb y que \u00abla soberan\u00eda tiene como l\u00edmite la dignidad de la persona humana y los Derechos Humanos reconocidos en los tratados internacionales ratificados por el Estado de Chile y que se encuentren vigentes\u201d, entre otros. \u201cEn enero comenzar\u00e1 el trabajo de los expertos, que tendr\u00e1n un lapso breve de tiempo para elaborar esta propuesta e ir abriendo los espacios para cerrar un cap\u00edtulo que ha dividido tanto a los chilenos\u201d, precis\u00f3.<\/p>\n<p style=\"text-align: justify;\">En esa l\u00ednea, el legislador record\u00f3 que con la anterior propuesta constitucional \u201cen un minuto dado, nos quisieron llevar al borde del abismo, en una propuesta refundacional que romp\u00eda lo que nosotros somos. Ese riesgo y esa situaci\u00f3n no me cabe la menor duda debe ser corregida sustantivamente\u201d, para as\u00ed dar \u201cun paso significativo en cerrar este cap\u00edtulo de larga tramitaci\u00f3n y discusi\u00f3n respecto de la validaci\u00f3n que tiene una constituci\u00f3n\u201d.<\/p>\n<p style=\"text-align: justify;\">Por lo mismo, el senador Sandoval espera que \u201cel trabajo consciente, dedicado, profundo y con estos bordes que se le est\u00e1n definiendo\u201d, terminen por permitir \u201ccontar con una constituci\u00f3n que nos sirva de marco para los pr\u00f3ximos a\u00f1os\u201d, para as\u00ed \u201chacernos cargo, en paralelo, de las verdaderas exigencias que nos fija la ciudadan\u00eda en materia de seguridad, salud, pensiones, desarrollo econ\u00f3mico, que tanto necesitamos en nuestra regi\u00f3n y en el pa\u00eds\u201d.<\/p>\n<\/div><\/section><\/div><div  style='height:50px' class='hr hr-invisible   avia-builder-el-6  el_after_av_one_full  el_before_av_social_share '><span class='hr-inner ' ><span class='hr-inner-style'><\/span><\/span><\/div><\/p>\n<div  class='av-social-sharing-box  avia-builder-el-7  el_after_av_hr  el_before_av_hr  '><div class='av-share-box'><h5 class='av-share-link-description av-no-toc '>Compartir esta noticia<\/h5><ul class='av-share-box-list noLightbox'><li class='av-share-link av-social-link-facebook' ><a target=\"_blank\" aria-label=\"Compartir en Facebook\" href='https:\/\/www.facebook.com\/sharer.php?u=https:\/\/radiorevelacionfm.cl\/?p=25347&#038;t=Sandoval%20y%20nuevo%20proceso%20constitucional%3A%20%E2%80%9CEsperamos%20contar%20con%20una%20constituci%C3%B3n%20que%20nos%20sirva%20de%20marco%20para%20los%20pr%C3%B3ximos%20a%C3%B1os%20y%20hacernos%20cargo%20hoy%20d%C3%ADa%2C%20en%20paralelo%2C%20de%20las%20verdaderas%20exigencias%20que%20nos%20fija%20la%20ciudadan%C3%ADa%E2%80%9D' aria-hidden='false' data-av_icon='\ue8f3' data-av_iconfont='entypo-fontello' title='' data-avia-related-tooltip='Compartir en Facebook' rel=\"noopener\"><span class='avia_hidden_link_text'>Compartir en Facebook<\/span><\/a><\/li><li class='av-share-link av-social-link-twitter' ><a target=\"_blank\" aria-label=\"Compartir en Twitter\" href='https:\/\/twitter.com\/share?text=Sandoval%20y%20nuevo%20proceso%20constitucional%3A%20%E2%80%9CEsperamos%20contar%20con%20una%20constituci%C3%B3n%20que%20nos%20sirva%20de%20marco%20para%20los%20pr%C3%B3ximos%20a%C3%B1os%20y%20hacernos%20cargo%20hoy%20d%C3%ADa%2C%20en%20paralelo%2C%20de%20las%20verdaderas%20exigencias%20que%20nos%20fija%20la%20ciudadan%C3%ADa%E2%80%9D&#038;url=https:\/\/radiorevelacionfm.cl\/?p=25347' aria-hidden='false' data-av_icon='\ue8f1' data-av_iconfont='entypo-fontello' title='' data-avia-related-tooltip='Compartir en Twitter' rel=\"noopener\"><span class='avia_hidden_link_text'>Compartir en Twitter<\/span><\/a><\/li><li class='av-share-link av-social-link-whatsapp' ><a target=\"_blank\" aria-label=\"Compartir en Whatsapp\" href='https:\/\/api.whatsapp.com\/send?text=https:\/\/radiorevelacionfm.cl\/?p=25347' aria-hidden='false' data-av_icon='\uf232' data-av_iconfont='entypo-fontello' title='' data-avia-related-tooltip='Compartir en Whatsapp' rel=\"noopener\"><span class='avia_hidden_link_text'>Compartir en Whatsapp<\/span><\/a><\/li><li class='av-share-link av-social-link-linkedin' ><a target=\"_blank\" aria-label=\"Compartir en LinkedIn\" href='https:\/\/linkedin.com\/shareArticle?mini=true&#038;title=Sandoval%20y%20nuevo%20proceso%20constitucional%3A%20%E2%80%9CEsperamos%20contar%20con%20una%20constituci%C3%B3n%20que%20nos%20sirva%20de%20marco%20para%20los%20pr%C3%B3ximos%20a%C3%B1os%20y%20hacernos%20cargo%20hoy%20d%C3%ADa%2C%20en%20paralelo%2C%20de%20las%20verdaderas%20exigencias%20que%20nos%20fija%20la%20ciudadan%C3%ADa%E2%80%9D&#038;url=https:\/\/radiorevelacionfm.cl\/?p=25347' aria-hidden='false' data-av_icon='\ue8fc' data-av_iconfont='entypo-fontello' title='' data-avia-related-tooltip='Compartir en LinkedIn' rel=\"noopener\"><span class='avia_hidden_link_text'>Compartir en LinkedIn<\/span><\/a><\/li><li class='av-share-link av-social-link-mail' ><a  aria-label=\"Compartir por correo\" href='mailto:?subject=Sandoval%20y%20nuevo%20proceso%20constitucional%3A%20%E2%80%9CEsperamos%20contar%20con%20una%20constituci%C3%B3n%20que%20nos%20sirva%20de%20marco%20para%20los%20pr%C3%B3ximos%20a%C3%B1os%20y%20hacernos%20cargo%20hoy%20d%C3%ADa%2C%20en%20paralelo%2C%20de%20las%20verdaderas%20exigencias%20que%20nos%20fija%20la%20ciudadan%C3%ADa%E2%80%9D&#038;body=https:\/\/radiorevelacionfm.cl\/?p=25347' aria-hidden='false' data-av_icon='\ue805' data-av_iconfont='entypo-fontello' title='' data-avia-related-tooltip='Compartir por correo'><span class='avia_hidden_link_text'>Compartir por correo<\/span><\/a><\/li><\/ul><\/div><\/div>\n<div  style='height:50px' class='hr hr-invisible   avia-builder-el-8  el_after_av_social_share  el_before_av_comments_list '><span class='hr-inner ' ><span class='hr-inner-style'><\/span><\/span><\/div>\n<div  class='av-buildercomment  av-blog-meta-html-info-disabled av-blog-meta-tag-disabled  '><\/div>\n","protected":false},"excerpt":{"rendered":"","protected":false},"author":1,"featured_media":22723,"comment_status":"open","ping_status":"open","sticky":false,"template":"","format":"standard","meta":{"footnotes":""},"categories":[35],"tags":[],"class_list":["post-25347","post","type-post","status-publish","format-standard","has-post-thumbnail","hentry","category-politica"],"jetpack_featured_media_url":"https:\/\/radiorevelacionfm.cl\/wp-content\/uploads\/2022\/10\/Sandoval-IMG_1790-1-1.jpg","_links":{"self":[{"href":"https:\/\/radiorevelacionfm.cl\/index.php?rest_route=\/wp\/v2\/posts\/25347","targetHints":{"allow":["GET"]}}],"collection":[{"href":"https:\/\/radiorevelacionfm.cl\/index.php?rest_route=\/wp\/v2\/posts"}],"about":[{"href":"https:\/\/radiorevelacionfm.cl\/index.php?rest_route=\/wp\/v2\/types\/post"}],"author":[{"embeddable":true,"href":"https:\/\/radiorevelacionfm.cl\/index.php?rest_route=\/wp\/v2\/users\/1"}],"replies":[{"embeddable":true,"href":"https:\/\/radiorevelacionfm.cl\/index.php?rest_route=%2Fwp%2Fv2%2Fcomments&post=25347"}],"version-history":[{"count":2,"href":"https:\/\/radiorevelacionfm.cl\/index.php?rest_route=\/wp\/v2\/posts\/25347\/revisions"}],"predecessor-version":[{"id":25355,"href":"https:\/\/radiorevelacionfm.cl\/index.php?rest_route=\/wp\/v2\/posts\/25347\/revisions\/25355"}],"wp:featuredmedia":[{"embeddable":true,"href":"https:\/\/radiorevelacionfm.cl\/index.php?rest_route=\/wp\/v2\/media\/22723"}],"wp:attachment":[{"href":"https:\/\/radiorevelacionfm.cl\/index.php?rest_route=%2Fwp%2Fv2%2Fmedia&parent=25347"}],"wp:term":[{"taxonomy":"category","embeddable":true,"href":"https:\/\/radiorevelacionfm.cl\/index.php?rest_route=%2Fwp%2Fv2%2Fcategories&post=25347"},{"taxonomy":"post_tag","embeddable":true,"href":"https:\/\/radiorevelacionfm.cl\/index.php?rest_route=%2Fwp%2Fv2%2Ftags&post=25347"}],"curies":[{"name":"wp","href":"https:\/\/api.w.org\/{rel}","templated":true}]}}