{"id":25341,"date":"2022-12-13T21:24:29","date_gmt":"2022-12-14T00:24:29","guid":{"rendered":"https:\/\/radiorevelacionfm.cl\/?p=25341"},"modified":"2022-12-13T21:24:29","modified_gmt":"2022-12-14T00:24:29","slug":"seremi-de-culturas-aysen-concluye-actividades-del-dia-nacional-de-la-musica-con-excelente-balance","status":"publish","type":"post","link":"https:\/\/radiorevelacionfm.cl\/?p=25341","title":{"rendered":"Seremi de Culturas Ays\u00e9n concluye actividades del D\u00eda Nacional de la M\u00fasica con excelente balance"},"content":{"rendered":"<div class=\"flex_column av_one_full  flex_column_div av-zero-column-padding first  avia-builder-el-0  el_before_av_one_full  avia-builder-el-first  \" style='border-radius:0px; '><div  class='avia-image-container  av-styling-    avia-builder-el-1  avia-builder-el-no-sibling  avia-align-center '  itemprop=\"image\" itemscope=\"itemscope\" itemtype=\"https:\/\/schema.org\/ImageObject\"  ><div class='avia-image-container-inner'><div class='avia-image-overlay-wrap'><img decoding=\"async\" class='wp-image-25342 avia-img-lazy-loading-not-25342 avia_image' src=\"https:\/\/radiorevelacionfm.cl\/wp-content\/uploads\/2022\/12\/dia-de-la-musica-2022-chile-chico-1_optimized.jpg\" alt='' title='d\u00eda-de-la-m\u00fasica-2022---chile-chico-1_optimized' height=\"600\" width=\"899\"  itemprop=\"thumbnailUrl\" srcset=\"https:\/\/radiorevelacionfm.cl\/wp-content\/uploads\/2022\/12\/dia-de-la-musica-2022-chile-chico-1_optimized.jpg 899w, https:\/\/radiorevelacionfm.cl\/wp-content\/uploads\/2022\/12\/dia-de-la-musica-2022-chile-chico-1_optimized-300x200.jpg 300w, https:\/\/radiorevelacionfm.cl\/wp-content\/uploads\/2022\/12\/dia-de-la-musica-2022-chile-chico-1_optimized-768x513.jpg 768w, https:\/\/radiorevelacionfm.cl\/wp-content\/uploads\/2022\/12\/dia-de-la-musica-2022-chile-chico-1_optimized-705x471.jpg 705w, https:\/\/radiorevelacionfm.cl\/wp-content\/uploads\/2022\/12\/dia-de-la-musica-2022-chile-chico-1_optimized-600x400.jpg 600w\" sizes=\"(max-width: 899px) 100vw, 899px\" \/><\/div><\/div><\/div><\/div><div class=\"flex_column av_one_full  flex_column_div av-zero-column-padding first  avia-builder-el-2  el_after_av_one_full  el_before_av_one_full  column-top-margin\" style='border-radius:0px; '><section class=\"av_textblock_section \"  itemscope=\"itemscope\" itemtype=\"https:\/\/schema.org\/BlogPosting\" itemprop=\"blogPost\" ><div class='avia_textblock  '   itemprop=\"text\" ><p style=\"text-align: center;\"><span style=\"font-size: 18pt;\"><b>Seremi de Culturas Ays\u00e9n concluye actividades del D\u00eda Nacional de la M\u00fasica con excelente balance<\/b><\/span><\/p>\n<div id=\"gtx-trans\" style=\"position: absolute; left: -50px; top: 4.31534px;\">\n<div class=\"gtx-trans-icon\"><\/div>\n<\/div>\n<\/div><\/section><\/div><div class=\"flex_column av_one_full  flex_column_div av-zero-column-padding first  avia-builder-el-4  el_after_av_one_full  el_before_av_hr  column-top-margin\" style='border-radius:0px; '><section class=\"av_textblock_section \"  itemscope=\"itemscope\" itemtype=\"https:\/\/schema.org\/BlogPosting\" itemprop=\"blogPost\" ><div class='avia_textblock  '   itemprop=\"text\" ><p style=\"text-align: justify;\">Este mes cerraron los \u00faltimos proyectos en el marco del convenio establecido entre la Seremi de Culturas Ays\u00e9n y los municipios de Chile Chico, Guaitecas, Cochrane, Ays\u00e9n y O\u2019Higgins para la conmemoraci\u00f3n del D\u00eda Nacional de la M\u00fasica 2022. Las actividades que tuvieron como foco la reactivaci\u00f3n de espacios y visibilizaci\u00f3n de artistas se ejecutaron a contar de octubre hasta la fecha.<\/p>\n<p style=\"text-align: justify;\">Bajo financiamiento del Fondo Fomento de la M\u00fasica, la programaci\u00f3n a cargo de las casas edilicias, vino a subsanar un silencio art\u00edstico tras dos a\u00f1os de pandemia con la reapertura de espacios comunitarios. En distintos puntos del territorio, la circulaci\u00f3n de creaciones sonoras de artistas locales y regionales, adem\u00e1s de la posibilidad de reencuentro en torno a un panorama que visibiliz\u00f3 producciones originales, fue la t\u00f3nica de las festividades que tienen sus or\u00edgenes en el natalicio de Violeta Parra.<\/p>\n<p style=\"text-align: justify;\">El seremi de Culturas Ays\u00e9n, Felipe Quiroz, expres\u00f3: \u201cQuisimos hacer un convenio con cinco comunas de nuestra regi\u00f3n, desde Guaitecas hasta O\u2019Higgins, para ir descentralizando esta actividad y que cada comuna con las cuales firmamos, tenga la capacidad de generar programaci\u00f3n musical. Este eje y propuesta tambi\u00e9n va en sinton\u00eda con aquello que nos ha mandatado el presidente Boric, de trabajar en conjunto con los gobiernos locales para ir fortaleciendo tanto el rol del Estado y sus v\u00ednculos con los gobiernos comunales\u201d.<\/p>\n<p style=\"text-align: justify;\">En ese contexto, los organizadores de Guaitecas colocaron \u00e9nfasis en el rescate de tradiciones, el desarrollo hist\u00f3rico y cultural, raz\u00f3n por la cual las acciones se alinearon a la \u201cFiesta del Erizo\u201d. \u201cLas actividades fueron supersignificativas, toda vez que en la comuna hay una serie de cultores que tienen tradici\u00f3n art\u00edstica, tanto como int\u00e9rpretes o compositores. La creaci\u00f3n que realizan es con experiencias locales y el poder ser parte de la celebraci\u00f3n del D\u00eda Nacional de la M\u00fasica fue un espacio para reconocer la trayectoria que tienen\u201d, detall\u00f3 la encargada de Cultura, Lorena Gonz\u00e1lez.<\/p>\n<p style=\"text-align: justify;\">En las localidades del sur, Cochrane festej\u00f3 la ocasi\u00f3n con los artistas Marcos Millalonco, Rafa y sus Teclados, y Atilio Cruces, en la \u201cCelebraci\u00f3n del D\u00eda de la M\u00fasica 2022\u201d. Asimismo, la directora de DIDECO de O\u2019Higgins, Claudia Vald\u00e9s, puso sobre el tapete el impacto del financiamiento. \u201cPara las comunas peque\u00f1as o alejadas de centros urbanos es importante este apoyo, porque muchas veces no podemos acceder por una limitaci\u00f3n de recursos y los altos costos que significa a veces contar con artistas y distintas presentaciones. Entonces, esto justamente habla de democratizar la cultura y el acceso para toda la poblaci\u00f3n\u201d.<\/p>\n<p style=\"text-align: justify;\">En tanto, en la comuna de Ays\u00e9n se desarroll\u00f3 el primer \u201cFestiva Laguna Esponja 2022\u201d. \u201cHa sido una misi\u00f3n y una responsabilidad habilitar y otorgar espacios a los m\u00fasicos y m\u00fasicas locales, en tanto es necesario poner en valor a nuestros artistas y cultores, pero tambi\u00e9n con la finalidad de que la comunidad sea capaz de reconocerlos y, en el mejor de los casos, fomentar el sentido de pertenencia e identidad\u201d, manifest\u00f3 el encargado de Cultura de Ays\u00e9n, Cristi\u00e1n Torres.<\/p>\n<p style=\"text-align: justify;\">Tras efectuarse la \u201cCelebraci\u00f3n del D\u00eda de la M\u00fasica Nacional en Skatepark\u201d, la encargada de Cultura de Chile Chico, Pamela Gallardo, puntualiz\u00f3: \u201cFue bien bonito y de un alto nivel. Quedamos con muchas ganas de seguir haciendo cosas, porque la convocatoria aqu\u00ed a cualquier n\u00famero art\u00edstico, a cualquier convocatoria art\u00edstica, ya sea m\u00fasica, teatro, folclor, tiene muy buena acogida. La gente est\u00e1 muy ansiosa de tener ese tipo de presentaciones y ojal\u00e1 en vivo\u201d.<\/p>\n<\/div><\/section><\/div><div  style='height:50px' class='hr hr-invisible   avia-builder-el-6  el_after_av_one_full  el_before_av_social_share '><span class='hr-inner ' ><span class='hr-inner-style'><\/span><\/span><\/div><\/p>\n<div  class='av-social-sharing-box  avia-builder-el-7  el_after_av_hr  el_before_av_hr  '><div class='av-share-box'><h5 class='av-share-link-description av-no-toc '>Compartir esta noticia<\/h5><ul class='av-share-box-list noLightbox'><li class='av-share-link av-social-link-facebook' ><a target=\"_blank\" aria-label=\"Compartir en Facebook\" href='https:\/\/www.facebook.com\/sharer.php?u=https:\/\/radiorevelacionfm.cl\/?p=25341&#038;t=Seremi%20de%20Culturas%20Ays%C3%A9n%20concluye%20actividades%20del%20D%C3%ADa%20Nacional%20de%20la%20M%C3%BAsica%20con%20excelente%20balance' aria-hidden='false' data-av_icon='\ue8f3' data-av_iconfont='entypo-fontello' title='' data-avia-related-tooltip='Compartir en Facebook' rel=\"noopener\"><span class='avia_hidden_link_text'>Compartir en Facebook<\/span><\/a><\/li><li class='av-share-link av-social-link-twitter' ><a target=\"_blank\" aria-label=\"Compartir en Twitter\" href='https:\/\/twitter.com\/share?text=Seremi%20de%20Culturas%20Ays%C3%A9n%20concluye%20actividades%20del%20D%C3%ADa%20Nacional%20de%20la%20M%C3%BAsica%20con%20excelente%20balance&#038;url=https:\/\/radiorevelacionfm.cl\/?p=25341' aria-hidden='false' data-av_icon='\ue8f1' data-av_iconfont='entypo-fontello' title='' data-avia-related-tooltip='Compartir en Twitter' rel=\"noopener\"><span class='avia_hidden_link_text'>Compartir en Twitter<\/span><\/a><\/li><li class='av-share-link av-social-link-whatsapp' ><a target=\"_blank\" aria-label=\"Compartir en Whatsapp\" href='https:\/\/api.whatsapp.com\/send?text=https:\/\/radiorevelacionfm.cl\/?p=25341' aria-hidden='false' data-av_icon='\uf232' data-av_iconfont='entypo-fontello' title='' data-avia-related-tooltip='Compartir en Whatsapp' rel=\"noopener\"><span class='avia_hidden_link_text'>Compartir en Whatsapp<\/span><\/a><\/li><li class='av-share-link av-social-link-linkedin' ><a target=\"_blank\" aria-label=\"Compartir en LinkedIn\" href='https:\/\/linkedin.com\/shareArticle?mini=true&#038;title=Seremi%20de%20Culturas%20Ays%C3%A9n%20concluye%20actividades%20del%20D%C3%ADa%20Nacional%20de%20la%20M%C3%BAsica%20con%20excelente%20balance&#038;url=https:\/\/radiorevelacionfm.cl\/?p=25341' aria-hidden='false' data-av_icon='\ue8fc' data-av_iconfont='entypo-fontello' title='' data-avia-related-tooltip='Compartir en LinkedIn' rel=\"noopener\"><span class='avia_hidden_link_text'>Compartir en LinkedIn<\/span><\/a><\/li><li class='av-share-link av-social-link-mail' ><a  aria-label=\"Compartir por correo\" href='mailto:?subject=Seremi%20de%20Culturas%20Ays%C3%A9n%20concluye%20actividades%20del%20D%C3%ADa%20Nacional%20de%20la%20M%C3%BAsica%20con%20excelente%20balance&#038;body=https:\/\/radiorevelacionfm.cl\/?p=25341' aria-hidden='false' data-av_icon='\ue805' data-av_iconfont='entypo-fontello' title='' data-avia-related-tooltip='Compartir por correo'><span class='avia_hidden_link_text'>Compartir por correo<\/span><\/a><\/li><\/ul><\/div><\/div>\n<div  style='height:50px' class='hr hr-invisible   avia-builder-el-8  el_after_av_social_share  el_before_av_comments_list '><span class='hr-inner ' ><span class='hr-inner-style'><\/span><\/span><\/div>\n<div  class='av-buildercomment  av-blog-meta-html-info-disabled av-blog-meta-tag-disabled  '><\/div>\n","protected":false},"excerpt":{"rendered":"","protected":false},"author":1,"featured_media":25342,"comment_status":"open","ping_status":"open","sticky":false,"template":"","format":"standard","meta":{"footnotes":""},"categories":[52],"tags":[],"class_list":["post-25341","post","type-post","status-publish","format-standard","has-post-thumbnail","hentry","category-cultura"],"jetpack_featured_media_url":"https:\/\/radiorevelacionfm.cl\/wp-content\/uploads\/2022\/12\/dia-de-la-musica-2022-chile-chico-1_optimized.jpg","_links":{"self":[{"href":"https:\/\/radiorevelacionfm.cl\/index.php?rest_route=\/wp\/v2\/posts\/25341","targetHints":{"allow":["GET"]}}],"collection":[{"href":"https:\/\/radiorevelacionfm.cl\/index.php?rest_route=\/wp\/v2\/posts"}],"about":[{"href":"https:\/\/radiorevelacionfm.cl\/index.php?rest_route=\/wp\/v2\/types\/post"}],"author":[{"embeddable":true,"href":"https:\/\/radiorevelacionfm.cl\/index.php?rest_route=\/wp\/v2\/users\/1"}],"replies":[{"embeddable":true,"href":"https:\/\/radiorevelacionfm.cl\/index.php?rest_route=%2Fwp%2Fv2%2Fcomments&post=25341"}],"version-history":[{"count":2,"href":"https:\/\/radiorevelacionfm.cl\/index.php?rest_route=\/wp\/v2\/posts\/25341\/revisions"}],"predecessor-version":[{"id":25354,"href":"https:\/\/radiorevelacionfm.cl\/index.php?rest_route=\/wp\/v2\/posts\/25341\/revisions\/25354"}],"wp:featuredmedia":[{"embeddable":true,"href":"https:\/\/radiorevelacionfm.cl\/index.php?rest_route=\/wp\/v2\/media\/25342"}],"wp:attachment":[{"href":"https:\/\/radiorevelacionfm.cl\/index.php?rest_route=%2Fwp%2Fv2%2Fmedia&parent=25341"}],"wp:term":[{"taxonomy":"category","embeddable":true,"href":"https:\/\/radiorevelacionfm.cl\/index.php?rest_route=%2Fwp%2Fv2%2Fcategories&post=25341"},{"taxonomy":"post_tag","embeddable":true,"href":"https:\/\/radiorevelacionfm.cl\/index.php?rest_route=%2Fwp%2Fv2%2Ftags&post=25341"}],"curies":[{"name":"wp","href":"https:\/\/api.w.org\/{rel}","templated":true}]}}