{"id":25339,"date":"2022-12-13T17:00:12","date_gmt":"2022-12-13T20:00:12","guid":{"rendered":"https:\/\/radiorevelacionfm.cl\/?p=25339"},"modified":"2022-12-13T17:00:12","modified_gmt":"2022-12-13T20:00:12","slug":"region-de-aysen-justicia-condeno-a-la-tienda-abcdin-a-indemnizar-a-consumidora","status":"publish","type":"post","link":"https:\/\/radiorevelacionfm.cl\/?p=25339","title":{"rendered":"Regi\u00f3n de Ays\u00e9n: Justicia conden\u00f3 a la tienda ABCDIN a indemnizar a consumidora"},"content":{"rendered":"<div class=\"flex_column av_one_full  flex_column_div av-zero-column-padding first  avia-builder-el-0  el_before_av_one_full  avia-builder-el-first  \" style='border-radius:0px; '><div  class='avia-image-container  av-styling-    avia-builder-el-1  avia-builder-el-no-sibling  avia-align-center '  itemprop=\"image\" itemscope=\"itemscope\" itemtype=\"https:\/\/schema.org\/ImageObject\"  ><div class='avia-image-container-inner'><div class='avia-image-overlay-wrap'><img decoding=\"async\" class='wp-image-23576 avia-img-lazy-loading-not-23576 avia_image' src=\"https:\/\/radiorevelacionfm.cl\/wp-content\/uploads\/2022\/10\/abcdin-1-1.jpg\" alt='' title='abcdin (1) (1)' height=\"600\" width=\"800\"  itemprop=\"thumbnailUrl\" srcset=\"https:\/\/radiorevelacionfm.cl\/wp-content\/uploads\/2022\/10\/abcdin-1-1.jpg 800w, https:\/\/radiorevelacionfm.cl\/wp-content\/uploads\/2022\/10\/abcdin-1-1-300x225.jpg 300w, https:\/\/radiorevelacionfm.cl\/wp-content\/uploads\/2022\/10\/abcdin-1-1-768x576.jpg 768w, https:\/\/radiorevelacionfm.cl\/wp-content\/uploads\/2022\/10\/abcdin-1-1-705x529.jpg 705w, https:\/\/radiorevelacionfm.cl\/wp-content\/uploads\/2022\/10\/abcdin-1-1-600x450.jpg 600w\" sizes=\"(max-width: 800px) 100vw, 800px\" \/><\/div><\/div><\/div><\/div><div class=\"flex_column av_one_full  flex_column_div av-zero-column-padding first  avia-builder-el-2  el_after_av_one_full  el_before_av_one_full  column-top-margin\" style='border-radius:0px; '><section class=\"av_textblock_section \"  itemscope=\"itemscope\" itemtype=\"https:\/\/schema.org\/BlogPosting\" itemprop=\"blogPost\" ><div class='avia_textblock  '   itemprop=\"text\" ><p style=\"text-align: center;\"><strong><span style=\"font-size: 18pt;\">Regi\u00f3n de Ays\u00e9n: Justicia conden\u00f3 a la tienda ABCDIN a indemnizar a consumidora<\/span><\/strong><\/p>\n<div id=\"gtx-trans\" style=\"position: absolute; left: -50px; top: 4.31534px;\">\n<div class=\"gtx-trans-icon\"><\/div>\n<\/div>\n<\/div><\/section><\/div><div class=\"flex_column av_one_full  flex_column_div av-zero-column-padding first  avia-builder-el-4  el_after_av_one_full  el_before_av_hr  column-top-margin\" style='border-radius:0px; '><section class=\"av_textblock_section \"  itemscope=\"itemscope\" itemtype=\"https:\/\/schema.org\/BlogPosting\" itemprop=\"blogPost\" ><div class='avia_textblock  '   itemprop=\"text\" ><p style=\"text-align: justify;\">La empresa fue sentenciada a pagar $300 mil por da\u00f1o moral a la persona afectada, adem\u00e1s de ordenarle la restituci\u00f3n de m\u00e1s de $900 mil correspondiente al dinero que hab\u00eda pagado por el producto que ven\u00eda con fallas.<\/p>\n<p style=\"text-align: justify;\">Este fallo, en el cual el SERNAC fue parte, confirma que los consumidores tienen derecho a la garant\u00eda legal cuando un producto comprado nuevo sale defectuoso.<\/p>\n<p style=\"text-align: justify;\">La Corte de Apelaciones de la ciudad de Coyhaique, tras confirmar el fallo de primera instancia, conden\u00f3 a la multitienda ABCDIN al pago de una indemnizaci\u00f3n de $300 mil pesos, adem\u00e1s de ordenarle a la empresa la restituci\u00f3n del dinero a una consumidora por la venta de un celular que sali\u00f3 defectuoso.<\/p>\n<p style=\"text-align: justify;\">Los hechos se originaron en el mes de agosto del a\u00f1o 2021 cuando la consumidora compr\u00f3 en la tienda de retail un tel\u00e9fono celular Galaxy S21 Ultra Phant, pagando un monto de $939.990.<\/p>\n<p style=\"text-align: justify;\">Sin embargo, a los pocos d\u00edas de uso, el aparato comenz\u00f3 a presentar fallas en su c\u00e1mara para la captura de fotograf\u00edas y la grabaci\u00f3n de videos, ya que el m\u00f3vil informaba errores en la lectura y reproducci\u00f3n por archivos da\u00f1ados.<\/p>\n<p style=\"text-align: justify;\">Con esos antecedentes, la consumidora se dirigi\u00f3 a la empresa ABCDIN, quienes la derivaron al servicio t\u00e9cnico de la empresa para su reparaci\u00f3n.<\/p>\n<p style=\"text-align: justify;\">En los d\u00edas siguientes la empresa le comunic\u00f3 que su celular estaba reparado. No obstante, el equipo sigui\u00f3 presentando diversas fallas, ante lo cual la afectada tuvo, por segunda vez, ingresarlo al servicio t\u00e9cnico, quienes finalmente, despu\u00e9s de meses de espera, le explicaron que la falla era de origen y que no eran responsables.<\/p>\n<p style=\"text-align: justify;\">A ra\u00edz del hecho, el afectado interpuso un reclamo ante el SERNAC, y al no recibir una respuesta positiva de parte de la empresa, decidi\u00f3 acudir a la justicia a trav\u00e9s de una denuncia, instancia donde el SERNAC se hizo parte.<\/p>\n<p style=\"text-align: justify;\">Tras analizar los antecedentes del caso, el tribunal de la Regi\u00f3n de Ays\u00e9n, estableci\u00f3 que la multitienda ABCDIN infringi\u00f3 la Ley del Consumidor (LPC) al actuar de forma negligente y causar menoscabo debido a las deficiencias de calidad en el producto. Tras la decisi\u00f3n del tribunal la empresa apel\u00f3.<\/p>\n<p style=\"text-align: justify;\">Finalmente, la Corte de Apelaciones de la ciudad Coyhaique ratific\u00f3 el fallo de primera instancia y conden\u00f3 a la empresa a devolver $939.990, dinero que corresponde a lo que la consumidora hab\u00eda pagado por el equipo. Adem\u00e1s, el tribunal de alzada sentenci\u00f3 a la empresa a pagar a la afectada $300 mil por el da\u00f1o moral, esto es, las molestias ocasionadas.<\/p>\n<p style=\"text-align: justify;\">Para la Directora Regional del SERNAC, Mar\u00eda Francisca Ortiz, \u201cSi las empresas venden productos da\u00f1ados las personas tienen derechos, entre ellos, el derecho a la garant\u00eda legal, donde pueden exigir durante los seis primeros meses el cambio, la reparaci\u00f3n o la devoluci\u00f3n del dinero. El consumidor es quien elige la opci\u00f3n, no la empresa\u201d.<\/p>\n<p style=\"text-align: justify;\"><strong>DERECHO A GARANT\u00cdA LEGAL <\/strong><\/p>\n<p style=\"text-align: justify;\">Recordemos que a partir de este 24 de marzo comenz\u00f3 a regir la ampliaci\u00f3n del plazo de tres a seis meses para poder exigir el derecho a la garant\u00eda legal en caso que compren un producto nuevo que salga defectuoso.<\/p>\n<p style=\"text-align: justify;\">Esto quiere decir que las personas que compren un producto que venga malo, pueden exigir durante los seis primeros meses el cambio, la reparaci\u00f3n o la devoluci\u00f3n del dinero, esto a su elecci\u00f3n.<\/p>\n<p style=\"text-align: justify;\">Algunos productos como los electrodom\u00e9sticos, podr\u00edan requerir una revisi\u00f3n en el servicio t\u00e9cnico para verificar el origen de la falla, pero cumplido ese tr\u00e1mite, los consumidores tienen derecho al cambio, la reparaci\u00f3n o la devoluci\u00f3n de lo pagado, a su elecci\u00f3n si es que el defecto no fue de su responsabilidad.<\/p>\n<p style=\"text-align: justify;\">Adem\u00e1s, la ley establece que las empresas no pueden ofrecer a las personas la contrataci\u00f3n de servicios cuya cobertura corresponda a las obligaciones propias de la garant\u00eda legal.<\/p>\n<p style=\"text-align: justify;\">En caso de que las empresas no cumplan con la normativa, arriesgan multas de hasta 300 UTM, esto es, m\u00e1s de 18 millones por cada infracci\u00f3n.<\/p>\n<p style=\"text-align: justify;\">El llamado a los consumidores es a ingresar sus reclamos al SERNAC a trav\u00e9s de www.sernac.cl o llamando en forma gratuita al n\u00famero 800 700 100.<\/p>\n<\/div><\/section><\/div><div  style='height:50px' class='hr hr-invisible   avia-builder-el-6  el_after_av_one_full  el_before_av_social_share '><span class='hr-inner ' ><span class='hr-inner-style'><\/span><\/span><\/div><\/p>\n<div  class='av-social-sharing-box  avia-builder-el-7  el_after_av_hr  el_before_av_hr  '><div class='av-share-box'><h5 class='av-share-link-description av-no-toc '>Compartir esta noticia<\/h5><ul class='av-share-box-list noLightbox'><li class='av-share-link av-social-link-facebook' ><a target=\"_blank\" aria-label=\"Compartir en Facebook\" href='https:\/\/www.facebook.com\/sharer.php?u=https:\/\/radiorevelacionfm.cl\/?p=25339&#038;t=Regi%C3%B3n%20de%20Ays%C3%A9n%3A%20Justicia%20conden%C3%B3%20a%20la%20tienda%20ABCDIN%20a%20indemnizar%20a%20consumidora' aria-hidden='false' data-av_icon='\ue8f3' data-av_iconfont='entypo-fontello' title='' data-avia-related-tooltip='Compartir en Facebook' rel=\"noopener\"><span class='avia_hidden_link_text'>Compartir en Facebook<\/span><\/a><\/li><li class='av-share-link av-social-link-twitter' ><a target=\"_blank\" aria-label=\"Compartir en Twitter\" href='https:\/\/twitter.com\/share?text=Regi%C3%B3n%20de%20Ays%C3%A9n%3A%20Justicia%20conden%C3%B3%20a%20la%20tienda%20ABCDIN%20a%20indemnizar%20a%20consumidora&#038;url=https:\/\/radiorevelacionfm.cl\/?p=25339' aria-hidden='false' data-av_icon='\ue8f1' data-av_iconfont='entypo-fontello' title='' data-avia-related-tooltip='Compartir en Twitter' rel=\"noopener\"><span class='avia_hidden_link_text'>Compartir en Twitter<\/span><\/a><\/li><li class='av-share-link av-social-link-whatsapp' ><a target=\"_blank\" aria-label=\"Compartir en Whatsapp\" href='https:\/\/api.whatsapp.com\/send?text=https:\/\/radiorevelacionfm.cl\/?p=25339' aria-hidden='false' data-av_icon='\uf232' data-av_iconfont='entypo-fontello' title='' data-avia-related-tooltip='Compartir en Whatsapp' rel=\"noopener\"><span class='avia_hidden_link_text'>Compartir en Whatsapp<\/span><\/a><\/li><li class='av-share-link av-social-link-linkedin' ><a target=\"_blank\" aria-label=\"Compartir en LinkedIn\" href='https:\/\/linkedin.com\/shareArticle?mini=true&#038;title=Regi%C3%B3n%20de%20Ays%C3%A9n%3A%20Justicia%20conden%C3%B3%20a%20la%20tienda%20ABCDIN%20a%20indemnizar%20a%20consumidora&#038;url=https:\/\/radiorevelacionfm.cl\/?p=25339' aria-hidden='false' data-av_icon='\ue8fc' data-av_iconfont='entypo-fontello' title='' data-avia-related-tooltip='Compartir en LinkedIn' rel=\"noopener\"><span class='avia_hidden_link_text'>Compartir en LinkedIn<\/span><\/a><\/li><li class='av-share-link av-social-link-mail' ><a  aria-label=\"Compartir por correo\" href='mailto:?subject=Regi%C3%B3n%20de%20Ays%C3%A9n%3A%20Justicia%20conden%C3%B3%20a%20la%20tienda%20ABCDIN%20a%20indemnizar%20a%20consumidora&#038;body=https:\/\/radiorevelacionfm.cl\/?p=25339' aria-hidden='false' data-av_icon='\ue805' data-av_iconfont='entypo-fontello' title='' data-avia-related-tooltip='Compartir por correo'><span class='avia_hidden_link_text'>Compartir por correo<\/span><\/a><\/li><\/ul><\/div><\/div>\n<div  style='height:50px' class='hr hr-invisible   avia-builder-el-8  el_after_av_social_share  el_before_av_comments_list '><span class='hr-inner ' ><span class='hr-inner-style'><\/span><\/span><\/div>\n<div  class='av-buildercomment  av-blog-meta-html-info-disabled av-blog-meta-tag-disabled  '><\/div>\n","protected":false},"excerpt":{"rendered":"","protected":false},"author":1,"featured_media":23576,"comment_status":"open","ping_status":"open","sticky":false,"template":"","format":"standard","meta":{"footnotes":""},"categories":[55],"tags":[],"class_list":["post-25339","post","type-post","status-publish","format-standard","has-post-thumbnail","hentry","category-justicia"],"jetpack_featured_media_url":"https:\/\/radiorevelacionfm.cl\/wp-content\/uploads\/2022\/10\/abcdin-1-1.jpg","_links":{"self":[{"href":"https:\/\/radiorevelacionfm.cl\/index.php?rest_route=\/wp\/v2\/posts\/25339","targetHints":{"allow":["GET"]}}],"collection":[{"href":"https:\/\/radiorevelacionfm.cl\/index.php?rest_route=\/wp\/v2\/posts"}],"about":[{"href":"https:\/\/radiorevelacionfm.cl\/index.php?rest_route=\/wp\/v2\/types\/post"}],"author":[{"embeddable":true,"href":"https:\/\/radiorevelacionfm.cl\/index.php?rest_route=\/wp\/v2\/users\/1"}],"replies":[{"embeddable":true,"href":"https:\/\/radiorevelacionfm.cl\/index.php?rest_route=%2Fwp%2Fv2%2Fcomments&post=25339"}],"version-history":[{"count":2,"href":"https:\/\/radiorevelacionfm.cl\/index.php?rest_route=\/wp\/v2\/posts\/25339\/revisions"}],"predecessor-version":[{"id":25346,"href":"https:\/\/radiorevelacionfm.cl\/index.php?rest_route=\/wp\/v2\/posts\/25339\/revisions\/25346"}],"wp:featuredmedia":[{"embeddable":true,"href":"https:\/\/radiorevelacionfm.cl\/index.php?rest_route=\/wp\/v2\/media\/23576"}],"wp:attachment":[{"href":"https:\/\/radiorevelacionfm.cl\/index.php?rest_route=%2Fwp%2Fv2%2Fmedia&parent=25339"}],"wp:term":[{"taxonomy":"category","embeddable":true,"href":"https:\/\/radiorevelacionfm.cl\/index.php?rest_route=%2Fwp%2Fv2%2Fcategories&post=25339"},{"taxonomy":"post_tag","embeddable":true,"href":"https:\/\/radiorevelacionfm.cl\/index.php?rest_route=%2Fwp%2Fv2%2Ftags&post=25339"}],"curies":[{"name":"wp","href":"https:\/\/api.w.org\/{rel}","templated":true}]}}