{"id":25332,"date":"2022-12-13T14:30:05","date_gmt":"2022-12-13T17:30:05","guid":{"rendered":"https:\/\/radiorevelacionfm.cl\/?p=25332"},"modified":"2022-12-13T14:30:05","modified_gmt":"2022-12-13T17:30:05","slug":"nave-caleman-ii-reemplazara-a-barcaza-padre-antonio-ronchi-en-fiordo-mitchell","status":"publish","type":"post","link":"https:\/\/radiorevelacionfm.cl\/?p=25332","title":{"rendered":"Nave Caleman II reemplazar\u00e1 a barcaza Padre Antonio Ronchi en Fiordo Mitchell"},"content":{"rendered":"<div class=\"flex_column av_one_full  flex_column_div av-zero-column-padding first  avia-builder-el-0  el_before_av_one_full  avia-builder-el-first  \" style='border-radius:0px; '><div  class='avia-image-container  av-styling-    avia-builder-el-1  avia-builder-el-no-sibling  avia-align-center '  itemprop=\"image\" itemscope=\"itemscope\" itemtype=\"https:\/\/schema.org\/ImageObject\"  ><div class='avia-image-container-inner'><div class='avia-image-overlay-wrap'><img decoding=\"async\" class='wp-image-25333 avia-img-lazy-loading-not-25333 avia_image' src=\"https:\/\/radiorevelacionfm.cl\/wp-content\/uploads\/2022\/12\/caleman-ii_1-1_optimized.jpg\" alt='' title='caleman-ii_1-(1)_optimized' height=\"600\" width=\"760\"  itemprop=\"thumbnailUrl\" srcset=\"https:\/\/radiorevelacionfm.cl\/wp-content\/uploads\/2022\/12\/caleman-ii_1-1_optimized.jpg 760w, https:\/\/radiorevelacionfm.cl\/wp-content\/uploads\/2022\/12\/caleman-ii_1-1_optimized-300x237.jpg 300w, https:\/\/radiorevelacionfm.cl\/wp-content\/uploads\/2022\/12\/caleman-ii_1-1_optimized-705x557.jpg 705w, https:\/\/radiorevelacionfm.cl\/wp-content\/uploads\/2022\/12\/caleman-ii_1-1_optimized-600x474.jpg 600w\" sizes=\"(max-width: 760px) 100vw, 760px\" \/><\/div><\/div><\/div><\/div><div class=\"flex_column av_one_full  flex_column_div av-zero-column-padding first  avia-builder-el-2  el_after_av_one_full  el_before_av_one_full  column-top-margin\" style='border-radius:0px; '><section class=\"av_textblock_section \"  itemscope=\"itemscope\" itemtype=\"https:\/\/schema.org\/BlogPosting\" itemprop=\"blogPost\" ><div class='avia_textblock  '   itemprop=\"text\" ><p style=\"text-align: center;\"><strong><span style=\"font-size: 18pt;\">Nave Caleman II reemplazar\u00e1 a barcaza Padre Antonio Ronchi en Fiordo Mitchell<\/span><\/strong><\/p>\n<div id=\"gtx-trans\" style=\"position: absolute; left: -50px; top: 4.31534px;\">\n<div class=\"gtx-trans-icon\"><\/div>\n<\/div>\n<\/div><\/section><\/div><div class=\"flex_column av_one_full  flex_column_div av-zero-column-padding first  avia-builder-el-4  el_after_av_one_full  el_before_av_hr  column-top-margin\" style='border-radius:0px; '><section class=\"av_textblock_section \"  itemscope=\"itemscope\" itemtype=\"https:\/\/schema.org\/BlogPosting\" itemprop=\"blogPost\" ><div class='avia_textblock  '   itemprop=\"text\" ><p style=\"text-align: justify;\">Ante la inminente carena que se realizar\u00e1 en la emblem\u00e1tica barcaza que une a Villa O\u00b4Higgins con el territorio regional, el transbordador Caleman II cubrir\u00e1 este recorrido hasta finales de febrero.<\/p>\n<p style=\"text-align: justify;\">Luego de arduas gestiones realizadas desde la SeremiTT Ays\u00e9n con el operador del servicio de transporte subvencionado por el Fiordo Mitchell, fue posible definir la embarcaci\u00f3n que realizar\u00e1 el recorrido entre Puerto Yungay y R\u00edo Bravo, mientras la nave Padre Antonio Ronchi se somete a las obras de mantenci\u00f3n programadas como carena.<\/p>\n<p style=\"text-align: justify;\">Se trata de la barcaza Caleman II, que con mayor capacidad, tanto para pasajeros y transporte de carga, podr\u00e1 responder a las mayores necesidades de movilidad hacia Villa O\u00b4Higgins en \u00e9poca estival. El arribo de \u00e9sta a Puerto Yungay se planifica para el 15 de diciembre, lugar en donde se someter\u00e1 a pruebas t\u00e9cnicas para asegurar la operaci\u00f3n. Desde entonces, su funcionamiento en la ruta de conectividad se planifica hasta fines de febrero.<\/p>\n<p style=\"text-align: justify;\">Comparativamente, el transbordador Caleman II puede trasladar un total de 150 pasajeros y 100 metros lineales, en contraste con la Padre Antonio Ronchi que puede albergar a 40 pasajeros y transportar 60 mts lineales de carga. Esto, sumado al aumento de frecuencias definidas por el contrato del servicio \u2013 5 diarias, durante enero y febrero) \u2013 permite asegurar la movilidad para los habitantes de la comuna de O\u00b4Higgins en los meses donde hist\u00f3ricamente se registra mayor demanda.<\/p>\n<p style=\"text-align: justify;\">La Seremi de Transportes y Telecomunicaciones,\u00a0 Claudia Cantero destac\u00f3 que se haya concretado el reemplazo de esta nave. \u201cSabemos que los habitantes y autoridades comunales de O\u00b4Higgins estaban muy preocupados por la nave que har\u00eda el relevo de la barcaza Padre Antonio Ronchi, dado que en oportunidades anteriores no tuvieron la mejor experiencia. Con el ingreso de la Caleman II, creemos que se responder\u00e1 en forma efectiva a lo que espera la gente de Villa O\u00b4Higgins en sus traslados y tambi\u00e9n el ingreso de carga, ya que sabemos que durante los meses de verano, se incrementa la demanda por la temporada tur\u00edstica.\u201d<\/p>\n<p style=\"text-align: justify;\">La autoridad sectorial destac\u00f3 tambi\u00e9n la importancia de realizar las faenas de mantenci\u00f3n de la barcaza Padre Antonio Ronchi, de forma de que \u00e9sta pueda continuar realizando su recorrido en el Fiordo Mitchell a partir de marzo. Este proceso ser\u00e1 monitoreado en conjunto con las Direcci\u00f3n de Obras Portuarias del MOP.<\/p>\n<\/div><\/section><\/div><div  style='height:50px' class='hr hr-invisible   avia-builder-el-6  el_after_av_one_full  el_before_av_social_share '><span class='hr-inner ' ><span class='hr-inner-style'><\/span><\/span><\/div><\/p>\n<div  class='av-social-sharing-box  avia-builder-el-7  el_after_av_hr  el_before_av_hr  '><div class='av-share-box'><h5 class='av-share-link-description av-no-toc '>Compartir esta noticia<\/h5><ul class='av-share-box-list noLightbox'><li class='av-share-link av-social-link-facebook' ><a target=\"_blank\" aria-label=\"Compartir en Facebook\" href='https:\/\/www.facebook.com\/sharer.php?u=https:\/\/radiorevelacionfm.cl\/?p=25332&#038;t=Nave%20Caleman%20II%20reemplazar%C3%A1%20a%20barcaza%20Padre%20Antonio%20Ronchi%20en%20Fiordo%20Mitchell' aria-hidden='false' data-av_icon='\ue8f3' data-av_iconfont='entypo-fontello' title='' data-avia-related-tooltip='Compartir en Facebook' rel=\"noopener\"><span class='avia_hidden_link_text'>Compartir en Facebook<\/span><\/a><\/li><li class='av-share-link av-social-link-twitter' ><a target=\"_blank\" aria-label=\"Compartir en Twitter\" href='https:\/\/twitter.com\/share?text=Nave%20Caleman%20II%20reemplazar%C3%A1%20a%20barcaza%20Padre%20Antonio%20Ronchi%20en%20Fiordo%20Mitchell&#038;url=https:\/\/radiorevelacionfm.cl\/?p=25332' aria-hidden='false' data-av_icon='\ue8f1' data-av_iconfont='entypo-fontello' title='' data-avia-related-tooltip='Compartir en Twitter' rel=\"noopener\"><span class='avia_hidden_link_text'>Compartir en Twitter<\/span><\/a><\/li><li class='av-share-link av-social-link-whatsapp' ><a target=\"_blank\" aria-label=\"Compartir en Whatsapp\" href='https:\/\/api.whatsapp.com\/send?text=https:\/\/radiorevelacionfm.cl\/?p=25332' aria-hidden='false' data-av_icon='\uf232' data-av_iconfont='entypo-fontello' title='' data-avia-related-tooltip='Compartir en Whatsapp' rel=\"noopener\"><span class='avia_hidden_link_text'>Compartir en Whatsapp<\/span><\/a><\/li><li class='av-share-link av-social-link-linkedin' ><a target=\"_blank\" aria-label=\"Compartir en LinkedIn\" href='https:\/\/linkedin.com\/shareArticle?mini=true&#038;title=Nave%20Caleman%20II%20reemplazar%C3%A1%20a%20barcaza%20Padre%20Antonio%20Ronchi%20en%20Fiordo%20Mitchell&#038;url=https:\/\/radiorevelacionfm.cl\/?p=25332' aria-hidden='false' data-av_icon='\ue8fc' data-av_iconfont='entypo-fontello' title='' data-avia-related-tooltip='Compartir en LinkedIn' rel=\"noopener\"><span class='avia_hidden_link_text'>Compartir en LinkedIn<\/span><\/a><\/li><li class='av-share-link av-social-link-mail' ><a  aria-label=\"Compartir por correo\" href='mailto:?subject=Nave%20Caleman%20II%20reemplazar%C3%A1%20a%20barcaza%20Padre%20Antonio%20Ronchi%20en%20Fiordo%20Mitchell&#038;body=https:\/\/radiorevelacionfm.cl\/?p=25332' aria-hidden='false' data-av_icon='\ue805' data-av_iconfont='entypo-fontello' title='' data-avia-related-tooltip='Compartir por correo'><span class='avia_hidden_link_text'>Compartir por correo<\/span><\/a><\/li><\/ul><\/div><\/div>\n<div  style='height:50px' class='hr hr-invisible   avia-builder-el-8  el_after_av_social_share  el_before_av_comments_list '><span class='hr-inner ' ><span class='hr-inner-style'><\/span><\/span><\/div>\n<div  class='av-buildercomment  av-blog-meta-html-info-disabled av-blog-meta-tag-disabled  '><\/div>\n","protected":false},"excerpt":{"rendered":"","protected":false},"author":1,"featured_media":25333,"comment_status":"open","ping_status":"open","sticky":false,"template":"","format":"standard","meta":{"footnotes":""},"categories":[59],"tags":[],"class_list":["post-25332","post","type-post","status-publish","format-standard","has-post-thumbnail","hentry","category-transporte"],"jetpack_featured_media_url":"https:\/\/radiorevelacionfm.cl\/wp-content\/uploads\/2022\/12\/caleman-ii_1-1_optimized.jpg","_links":{"self":[{"href":"https:\/\/radiorevelacionfm.cl\/index.php?rest_route=\/wp\/v2\/posts\/25332","targetHints":{"allow":["GET"]}}],"collection":[{"href":"https:\/\/radiorevelacionfm.cl\/index.php?rest_route=\/wp\/v2\/posts"}],"about":[{"href":"https:\/\/radiorevelacionfm.cl\/index.php?rest_route=\/wp\/v2\/types\/post"}],"author":[{"embeddable":true,"href":"https:\/\/radiorevelacionfm.cl\/index.php?rest_route=\/wp\/v2\/users\/1"}],"replies":[{"embeddable":true,"href":"https:\/\/radiorevelacionfm.cl\/index.php?rest_route=%2Fwp%2Fv2%2Fcomments&post=25332"}],"version-history":[{"count":2,"href":"https:\/\/radiorevelacionfm.cl\/index.php?rest_route=\/wp\/v2\/posts\/25332\/revisions"}],"predecessor-version":[{"id":25338,"href":"https:\/\/radiorevelacionfm.cl\/index.php?rest_route=\/wp\/v2\/posts\/25332\/revisions\/25338"}],"wp:featuredmedia":[{"embeddable":true,"href":"https:\/\/radiorevelacionfm.cl\/index.php?rest_route=\/wp\/v2\/media\/25333"}],"wp:attachment":[{"href":"https:\/\/radiorevelacionfm.cl\/index.php?rest_route=%2Fwp%2Fv2%2Fmedia&parent=25332"}],"wp:term":[{"taxonomy":"category","embeddable":true,"href":"https:\/\/radiorevelacionfm.cl\/index.php?rest_route=%2Fwp%2Fv2%2Fcategories&post=25332"},{"taxonomy":"post_tag","embeddable":true,"href":"https:\/\/radiorevelacionfm.cl\/index.php?rest_route=%2Fwp%2Fv2%2Ftags&post=25332"}],"curies":[{"name":"wp","href":"https:\/\/api.w.org\/{rel}","templated":true}]}}