{"id":25328,"date":"2022-12-13T18:28:49","date_gmt":"2022-12-13T21:28:49","guid":{"rendered":"https:\/\/radiorevelacionfm.cl\/?p=25328"},"modified":"2022-12-13T18:28:49","modified_gmt":"2022-12-13T21:28:49","slug":"subdere-supera-los-2-300-millones-de-inversion-en-la-region-de-aysen","status":"publish","type":"post","link":"https:\/\/radiorevelacionfm.cl\/?p=25328","title":{"rendered":"Subdere supera los $2.300 millones de inversi\u00f3n en la Regi\u00f3n de Ays\u00e9n"},"content":{"rendered":"<div class=\"flex_column av_one_full  flex_column_div av-zero-column-padding first  avia-builder-el-0  el_before_av_one_full  avia-builder-el-first  \" style='border-radius:0px; '><div  class='avia-image-container  av-styling-    avia-builder-el-1  avia-builder-el-no-sibling  avia-align-center '  itemprop=\"image\" itemscope=\"itemscope\" itemtype=\"https:\/\/schema.org\/ImageObject\"  ><div class='avia-image-container-inner'><div class='avia-image-overlay-wrap'><img decoding=\"async\" class='wp-image-25330 avia-img-lazy-loading-not-25330 avia_image' src=\"https:\/\/radiorevelacionfm.cl\/wp-content\/uploads\/2022\/12\/whatsapp-image-2022-12-13-at-11_optimized.43.52-2-1.jpeg\" alt='' title='whatsapp-image-2022-12-13-at-11_optimized.43.52-(2)-(1)' height=\"600\" width=\"900\"  itemprop=\"thumbnailUrl\" srcset=\"https:\/\/radiorevelacionfm.cl\/wp-content\/uploads\/2022\/12\/whatsapp-image-2022-12-13-at-11_optimized.43.52-2-1.jpeg 900w, https:\/\/radiorevelacionfm.cl\/wp-content\/uploads\/2022\/12\/whatsapp-image-2022-12-13-at-11_optimized.43.52-2-1-300x200.jpeg 300w, https:\/\/radiorevelacionfm.cl\/wp-content\/uploads\/2022\/12\/whatsapp-image-2022-12-13-at-11_optimized.43.52-2-1-768x512.jpeg 768w, https:\/\/radiorevelacionfm.cl\/wp-content\/uploads\/2022\/12\/whatsapp-image-2022-12-13-at-11_optimized.43.52-2-1-705x470.jpeg 705w, https:\/\/radiorevelacionfm.cl\/wp-content\/uploads\/2022\/12\/whatsapp-image-2022-12-13-at-11_optimized.43.52-2-1-600x400.jpeg 600w\" sizes=\"(max-width: 900px) 100vw, 900px\" \/><\/div><\/div><\/div><\/div><div class=\"flex_column av_one_full  flex_column_div av-zero-column-padding first  avia-builder-el-2  el_after_av_one_full  el_before_av_one_full  column-top-margin\" style='border-radius:0px; '><section class=\"av_textblock_section \"  itemscope=\"itemscope\" itemtype=\"https:\/\/schema.org\/BlogPosting\" itemprop=\"blogPost\" ><div class='avia_textblock  '   itemprop=\"text\" ><p style=\"text-align: center;\"><span style=\"font-size: 18pt;\"><b><span lang=\"ES\">Subdere supera los $2.300 millones de inversi\u00f3n en la Regi\u00f3n de Ays\u00e9n<\/span><\/b><\/span><\/p>\n<div id=\"gtx-trans\" style=\"position: absolute; left: -50px; top: 4.31534px;\">\n<div class=\"gtx-trans-icon\"><\/div>\n<\/div>\n<\/div><\/section><\/div><div class=\"flex_column av_one_full  flex_column_div av-zero-column-padding first  avia-builder-el-4  el_after_av_one_full  el_before_av_hr  column-top-margin\" style='border-radius:0px; '><section class=\"av_textblock_section \"  itemscope=\"itemscope\" itemtype=\"https:\/\/schema.org\/BlogPosting\" itemprop=\"blogPost\" ><div class='avia_textblock  '   itemprop=\"text\" ><p style=\"font-weight: 400; text-align: justify;\">Sobre 2.300 millones de pesos ha invertido este a\u00f1o la Subsecretar\u00eda de Desarrollo Regional (Subdere), en el conjunto de comunas de la Regi\u00f3n de Ays\u00e9n, fundamentalmente, con los Programas de Mejoramiento Urbano (PMU) y Mejoramiento de Barrios (PMB).<\/p>\n<p style=\"font-weight: 400; text-align: justify;\">As\u00ed lo informaron el Delegado Presidencial Regional, Rodrigo Araya, junto al encargado unidad regional Subdere, Guillermo Mart\u00ednez, al realzar el valor de estos programas para una mayor seguridad ciudadana y social en todas las comunas.<\/p>\n<p style=\"font-weight: 400; text-align: justify;\">Entre ellas, Guaitecas donde el Delegado Rodrigo Araya inaugur\u00f3 junto al alcalde Marcos Silva un sendero mirador para habitantes y turistas avaluado en 60 millones de pesos de recursos Subdere.<\/p>\n<p style=\"font-weight: 400; text-align: justify;\">\u201cNuestro gobierno, en estos meses, ha dado se\u00f1ales muy claras de la importancia que tiene el desarrollo de los territorios y para eso la Subdere es la instituci\u00f3n que se relaciona con los municipios y que puede transferir recursos para ejecuci\u00f3n en materias de Mejoramiento Urbano, Mejoramiento de Barrios y seguridad ciudadana. Aqu\u00ed comprobamos uno de esos financiamientos, que permite hacer una pasarela de madera hermosa, llegar a un cerro mirador, para el uso de los habitantes como tambi\u00e9n para los turistas\u201d, afirm\u00f3.<\/p>\n<p style=\"font-weight: 400; text-align: justify;\">Guillermo Mart\u00ednez agreg\u00f3 que todos los proyectos responden a necesidades expresadas por las propias comunidades.<\/p>\n<p style=\"font-weight: 400; text-align: justify;\">\u201cDurante este per\u00edodo del Presidente Boric nosotros hemos podido transferir recursos a los distintos municipios de la regi\u00f3n por un total de 2.300 millones de pesos en distintos programas que buscan mejorar las condiciones de vida de los pobladores de Ays\u00e9n: puntos limpios para el medio ambiente, casetas sanitarias, agua potable rural, sedes comunitarias, juntas de vecinos y otros espacios como puede ser, incluso, salas de proceso para que la comunidad, las organizaciones, puedan desarrollar una actividad productiva que pueda ir mejorando, obviamente, la calidad de vida de las personas\u201d, afirm\u00f3.<\/p>\n<p style=\"font-weight: 400; text-align: justify;\"><strong>Apreciaciones en comunas<\/strong><\/p>\n<p style=\"font-weight: 400; text-align: justify;\">Para el alcalde de R\u00edo Ib\u00e1\u00f1ez y presidente de Aremu, Marcelo Santana, la inversi\u00f3n ha sido relevante para concretar proyectos que contribuyan a incrementar la sensaci\u00f3n de seguridad.<\/p>\n<p style=\"font-weight: 400; text-align: justify;\">\u201cDesde R\u00edo Ib\u00e1\u00f1ez le estamos dando \u00e9nfasis a los proyectos de seguridad p\u00fablica, particularmente, poder dotar de sistema de teleprotecci\u00f3n, estos son c\u00e1maras de seguridad en localidades como V\u00eda Cerro Castillo y Bah\u00eda Murta, as\u00ed como tambi\u00e9n mejorando el alumbrado p\u00fablico en distintas localidades de nuestra comuna, de modo de tener espacios m\u00e1s seguros, donde nuestros vecinos se sientan tranquilos y protegidos con este nuevo sistema de iluminaci\u00f3n que est\u00e1 disponible para las municipalidades\u201d, sintetiz\u00f3.<\/p>\n<p style=\"font-weight: 400; text-align: justify;\">Por su parte, el alcalde Marcos Silva reafirm\u00f3 la importancia de concretar iniciativas que contribuyan a mejorar la calidad de vida y potenciar las vocaciones productivas de las comunidades.<\/p>\n<p style=\"font-weight: 400; text-align: justify;\">\u201cSubdere es nuestro aliado estrat\u00e9gico para generar inversi\u00f3n y mano de obra y eso ha sido, en este \u00faltimo tiempo, crucial para nosotros. Hoy d\u00eda tenemos al menos siete proyectos aprobados con Subdere para ejecutar el pr\u00f3ximo a\u00f1o, por lo tanto, va a seguir siendo importante. Hoy d\u00eda c\u00f3mo le damos inversi\u00f3n a estas pasarelas, que tengan sinergia con el entorno y c\u00f3mo se transforma para el uso de nuestra gente y de quienes nos visitan, permitiendo deleitarse con una vista maravillosa desde el cerro y eso permite tambi\u00e9n ir incorporando otras cosas\u201d, se\u00f1al\u00f3.<\/p>\n<p style=\"font-weight: 400; text-align: justify;\">Dentro de los proyectos m\u00e1s importantes, se cuentan puntos limpios en la comuna de Cochrane, ampliaci\u00f3n de la Feria de Artesanos en Puyuhuapi, construcci\u00f3n de sala de proceso en Villa O\u00b4Higgins y esterilizaci\u00f3n de mascotas en toda la regi\u00f3n mediante el Programa Tenencia Responsable de Animales de Compa\u00f1\u00eda.<\/p>\n<\/div><\/section><\/div><div  style='height:50px' class='hr hr-invisible   avia-builder-el-6  el_after_av_one_full  el_before_av_social_share '><span class='hr-inner ' ><span class='hr-inner-style'><\/span><\/span><\/div><\/p>\n<div  class='av-social-sharing-box  avia-builder-el-7  el_after_av_hr  el_before_av_hr  '><div class='av-share-box'><h5 class='av-share-link-description av-no-toc '>Compartir esta noticia<\/h5><ul class='av-share-box-list noLightbox'><li class='av-share-link av-social-link-facebook' ><a target=\"_blank\" aria-label=\"Compartir en Facebook\" href='https:\/\/www.facebook.com\/sharer.php?u=https:\/\/radiorevelacionfm.cl\/?p=25328&#038;t=Subdere%20supera%20los%20%242.300%20millones%20de%20inversi%C3%B3n%20en%20la%20Regi%C3%B3n%20de%20Ays%C3%A9n' aria-hidden='false' data-av_icon='\ue8f3' data-av_iconfont='entypo-fontello' title='' data-avia-related-tooltip='Compartir en Facebook' rel=\"noopener\"><span class='avia_hidden_link_text'>Compartir en Facebook<\/span><\/a><\/li><li class='av-share-link av-social-link-twitter' ><a target=\"_blank\" aria-label=\"Compartir en Twitter\" href='https:\/\/twitter.com\/share?text=Subdere%20supera%20los%20%242.300%20millones%20de%20inversi%C3%B3n%20en%20la%20Regi%C3%B3n%20de%20Ays%C3%A9n&#038;url=https:\/\/radiorevelacionfm.cl\/?p=25328' aria-hidden='false' data-av_icon='\ue8f1' data-av_iconfont='entypo-fontello' title='' data-avia-related-tooltip='Compartir en Twitter' rel=\"noopener\"><span class='avia_hidden_link_text'>Compartir en Twitter<\/span><\/a><\/li><li class='av-share-link av-social-link-whatsapp' ><a target=\"_blank\" aria-label=\"Compartir en Whatsapp\" href='https:\/\/api.whatsapp.com\/send?text=https:\/\/radiorevelacionfm.cl\/?p=25328' aria-hidden='false' data-av_icon='\uf232' data-av_iconfont='entypo-fontello' title='' data-avia-related-tooltip='Compartir en Whatsapp' rel=\"noopener\"><span class='avia_hidden_link_text'>Compartir en Whatsapp<\/span><\/a><\/li><li class='av-share-link av-social-link-linkedin' ><a target=\"_blank\" aria-label=\"Compartir en LinkedIn\" href='https:\/\/linkedin.com\/shareArticle?mini=true&#038;title=Subdere%20supera%20los%20%242.300%20millones%20de%20inversi%C3%B3n%20en%20la%20Regi%C3%B3n%20de%20Ays%C3%A9n&#038;url=https:\/\/radiorevelacionfm.cl\/?p=25328' aria-hidden='false' data-av_icon='\ue8fc' data-av_iconfont='entypo-fontello' title='' data-avia-related-tooltip='Compartir en LinkedIn' rel=\"noopener\"><span class='avia_hidden_link_text'>Compartir en LinkedIn<\/span><\/a><\/li><li class='av-share-link av-social-link-mail' ><a  aria-label=\"Compartir por correo\" href='mailto:?subject=Subdere%20supera%20los%20%242.300%20millones%20de%20inversi%C3%B3n%20en%20la%20Regi%C3%B3n%20de%20Ays%C3%A9n&#038;body=https:\/\/radiorevelacionfm.cl\/?p=25328' aria-hidden='false' data-av_icon='\ue805' data-av_iconfont='entypo-fontello' title='' data-avia-related-tooltip='Compartir por correo'><span class='avia_hidden_link_text'>Compartir por correo<\/span><\/a><\/li><\/ul><\/div><\/div>\n<div  style='height:50px' class='hr hr-invisible   avia-builder-el-8  el_after_av_social_share  el_before_av_comments_list '><span class='hr-inner ' ><span class='hr-inner-style'><\/span><\/span><\/div>\n<div  class='av-buildercomment  av-blog-meta-html-info-disabled av-blog-meta-tag-disabled  '><\/div>\n","protected":false},"excerpt":{"rendered":"","protected":false},"author":1,"featured_media":25330,"comment_status":"open","ping_status":"open","sticky":false,"template":"","format":"standard","meta":{"footnotes":""},"categories":[38],"tags":[],"class_list":["post-25328","post","type-post","status-publish","format-standard","has-post-thumbnail","hentry","category-regional"],"jetpack_featured_media_url":"https:\/\/radiorevelacionfm.cl\/wp-content\/uploads\/2022\/12\/whatsapp-image-2022-12-13-at-11_optimized.43.52-2-1.jpeg","_links":{"self":[{"href":"https:\/\/radiorevelacionfm.cl\/index.php?rest_route=\/wp\/v2\/posts\/25328","targetHints":{"allow":["GET"]}}],"collection":[{"href":"https:\/\/radiorevelacionfm.cl\/index.php?rest_route=\/wp\/v2\/posts"}],"about":[{"href":"https:\/\/radiorevelacionfm.cl\/index.php?rest_route=\/wp\/v2\/types\/post"}],"author":[{"embeddable":true,"href":"https:\/\/radiorevelacionfm.cl\/index.php?rest_route=\/wp\/v2\/users\/1"}],"replies":[{"embeddable":true,"href":"https:\/\/radiorevelacionfm.cl\/index.php?rest_route=%2Fwp%2Fv2%2Fcomments&post=25328"}],"version-history":[{"count":2,"href":"https:\/\/radiorevelacionfm.cl\/index.php?rest_route=\/wp\/v2\/posts\/25328\/revisions"}],"predecessor-version":[{"id":25349,"href":"https:\/\/radiorevelacionfm.cl\/index.php?rest_route=\/wp\/v2\/posts\/25328\/revisions\/25349"}],"wp:featuredmedia":[{"embeddable":true,"href":"https:\/\/radiorevelacionfm.cl\/index.php?rest_route=\/wp\/v2\/media\/25330"}],"wp:attachment":[{"href":"https:\/\/radiorevelacionfm.cl\/index.php?rest_route=%2Fwp%2Fv2%2Fmedia&parent=25328"}],"wp:term":[{"taxonomy":"category","embeddable":true,"href":"https:\/\/radiorevelacionfm.cl\/index.php?rest_route=%2Fwp%2Fv2%2Fcategories&post=25328"},{"taxonomy":"post_tag","embeddable":true,"href":"https:\/\/radiorevelacionfm.cl\/index.php?rest_route=%2Fwp%2Fv2%2Ftags&post=25328"}],"curies":[{"name":"wp","href":"https:\/\/api.w.org\/{rel}","templated":true}]}}