{"id":25325,"date":"2022-12-13T16:38:11","date_gmt":"2022-12-13T19:38:11","guid":{"rendered":"https:\/\/radiorevelacionfm.cl\/?p=25325"},"modified":"2022-12-13T16:38:11","modified_gmt":"2022-12-13T19:38:11","slug":"mas-de-50-ninos-con-fisura-labio-palatina-de-toda-la-region-fueron-atendidos-en-operativo-de-la-fundacion-gantz","status":"publish","type":"post","link":"https:\/\/radiorevelacionfm.cl\/?p=25325","title":{"rendered":"M\u00e1s de 50 ni\u00f1os con fisura labio palatina de toda la regi\u00f3n fueron atendidos en operativo de la Fundaci\u00f3n Gantz"},"content":{"rendered":"<div class=\"flex_column av_one_full  flex_column_div av-zero-column-padding first  avia-builder-el-0  el_before_av_one_full  avia-builder-el-first  \" style='border-radius:0px; '><div  class='avia-image-container  av-styling-    avia-builder-el-1  avia-builder-el-no-sibling  avia-align-center '  itemprop=\"image\" itemscope=\"itemscope\" itemtype=\"https:\/\/schema.org\/ImageObject\"  ><div class='avia-image-container-inner'><div class='avia-image-overlay-wrap'><img decoding=\"async\" class='wp-image-25326 avia-img-lazy-loading-not-25326 avia_image' src=\"https:\/\/radiorevelacionfm.cl\/wp-content\/uploads\/2022\/12\/Fundacion-Gantz-2022_1-1-1.jpg\" alt='' title='Fundacion Gantz 2022_1 (1) (1)' height=\"600\" width=\"702\"  itemprop=\"thumbnailUrl\" srcset=\"https:\/\/radiorevelacionfm.cl\/wp-content\/uploads\/2022\/12\/Fundacion-Gantz-2022_1-1-1.jpg 702w, https:\/\/radiorevelacionfm.cl\/wp-content\/uploads\/2022\/12\/Fundacion-Gantz-2022_1-1-1-300x256.jpg 300w, https:\/\/radiorevelacionfm.cl\/wp-content\/uploads\/2022\/12\/Fundacion-Gantz-2022_1-1-1-600x513.jpg 600w\" sizes=\"(max-width: 702px) 100vw, 702px\" \/><\/div><\/div><\/div><\/div><div class=\"flex_column av_one_full  flex_column_div av-zero-column-padding first  avia-builder-el-2  el_after_av_one_full  el_before_av_one_full  column-top-margin\" style='border-radius:0px; '><section class=\"av_textblock_section \"  itemscope=\"itemscope\" itemtype=\"https:\/\/schema.org\/BlogPosting\" itemprop=\"blogPost\" ><div class='avia_textblock  '   itemprop=\"text\" ><p style=\"text-align: center;\"><span style=\"font-size: 18pt;\"><strong>M\u00e1s de 50 ni\u00f1os con fisura labio palatina de toda la regi\u00f3n fueron atendidos en operativo de la Fundaci\u00f3n Gantz<\/strong><\/span><\/p>\n<div id=\"gtx-trans\" style=\"position: absolute; left: -50px; top: 4.31534px;\">\n<div class=\"gtx-trans-icon\"><\/div>\n<\/div>\n<\/div><\/section><\/div><div class=\"flex_column av_one_full  flex_column_div av-zero-column-padding first  avia-builder-el-4  el_after_av_one_full  el_before_av_hr  column-top-margin\" style='border-radius:0px; '><section class=\"av_textblock_section \"  itemscope=\"itemscope\" itemtype=\"https:\/\/schema.org\/BlogPosting\" itemprop=\"blogPost\" ><div class='avia_textblock  '   itemprop=\"text\" ><p style=\"text-align: justify;\">El operativo se realiz\u00f3 en conjunto con profesionales del Hospital Regional Coyhaique, donde se realizaron cirug\u00edas y controles a pacientes que no ten\u00edan atenci\u00f3n m\u00e9dica por esta patolog\u00eda hace 3 a\u00f1os.<\/p>\n<p style=\"text-align: justify;\">Un total de 50 atenciones y 9 cirug\u00edas realiz\u00f3 el equipo de la Fundaci\u00f3n Gantz en conjunto con los especialistas del Hospital Regional Coyhaique (HRC), operativo que benefici\u00f3 a ni\u00f1os con fisura labio palatina de toda la regi\u00f3n, incluyendo pacientes de Caleta Tortel, Puerto Cisnes, Puerto Ays\u00e9n y Coyhaique, entre otras localidades de Ays\u00e9n.<\/p>\n<p style=\"text-align: justify;\">Este operativo contempl\u00f3 la participaci\u00f3n de cirujanos pedi\u00e1tricos, anestesistas, cirujanos maxilofaciales, ortodoncistas y odontopediatras, incluyendo tambi\u00e9n arsenaleras y TENS para apoyo en pabell\u00f3n.<\/p>\n<p style=\"text-align: justify;\">Debido a la pandemia, estos operativos que se realizaban anualmente en el HRC se detuvieron durante 3 a\u00f1os, lo que provoc\u00f3 un retraso en el tratamiento de muchos pacientes con esta patolog\u00eda, puesto que adem\u00e1s hubo muchos usuarios que no se acercaron al hospital a agendar sus controles, situaciones que llevaron a un importante aumento de la lista de espera quir\u00fargica del \u00fanico establecimiento de alta complejidad de la regi\u00f3n de Ays\u00e9n.<\/p>\n<p style=\"text-align: justify;\">\u201cProducto de la pandemia hubo atenciones que se cancelaron y en muchos casos hab\u00eda pacientes que les daba susto asistir al hospital. Pretendemos controlarlos a todos y volver a gestionar las cirug\u00edas que corresponden\u201d, indic\u00f3 la Dra. Mar\u00eda Eugenia Sol\u00eds, odontopediatra del HRC, precisando que existen alrededor de 30 ni\u00f1os que no pudieron ser parte de este operativo, quedando pendientes para retomar sus controles durante el primer semestre de 2023.<\/p>\n<p style=\"text-align: justify;\">En tanto, el Dr. Dr. Carlos Giugliano, m\u00e9dico cirujano y vicepresidente ejecutivo de Fundaci\u00f3n Gantz, precis\u00f3 que \u201chemos pesquisado que en la regi\u00f3n de Ays\u00e9n se han detenido las atenciones y la continuidad de muchos ni\u00f1os, ni\u00f1as, adolescentes y adultos con secuelas por fisura labio palatina. Debemos retomar la lista de espera tanto de atenciones como cirug\u00edas\u201d, precis\u00f3 el Dr. Carlos Giugliano, m\u00e9dico cirujano y vicepresidente ejecutivo de Fundaci\u00f3n Gantz.<\/p>\n<p style=\"text-align: justify;\">El especialista destac\u00f3 la importancia de dar continuidad a los pacientes, sobre todo a aquellos que no fue posible atender en esta ocasi\u00f3n. En efecto, junto con el equipo del HRC se determin\u00f3 realizar 2 operativos para el a\u00f1o 2023, que permitan aumentar el n\u00famero de cirug\u00edas. \u201cHemos pesquisado varios pacientes que requieren que se haga una agenda quir\u00fargica para los pr\u00f3ximos viajes\u201d, sostuvo el Dr. Giugliano.<\/p>\n<p style=\"text-align: justify;\">Por su parte, el Dr. Rodrigo Verdugo, cirujano pedi\u00e1trico del HRC, destac\u00f3 el convenio de colaboraci\u00f3n con la Fundaci\u00f3n Gantz, que se lleva a efecto hace 12 a\u00f1os y que ha permitido que cientos de ni\u00f1os con fisura de labio y paladar puedan ser atendidos, sobre todo considerando que esta patolog\u00eda est\u00e1 cubierta por el GES (Garant\u00edas expl\u00edcitas en salud) e implica una serie de cirug\u00edas a lo largo de la vida de estos ni\u00f1os.<\/p>\n<p style=\"text-align: justify;\">\u201cGracias al apoyo de los directivos del HRC y de la Fundaci\u00f3n Gantz, podemos confirmar para el pr\u00f3ximo a\u00f1o 2 operativos en Coyhaique, uno en cada semestre, para poder ampliar la cobertura y ponernos al d\u00eda con lo que hemos perdido en el tiempo de pandemia. Hay aproximadamente 30 ni\u00f1os que faltan para volver a reiniciar sus controles y pretendemos controlarlos a todos en el pr\u00f3ximo operativo y gestionar las cirug\u00edas respectivas\u201d, indic\u00f3 el Dr. Verdugo.<\/p>\n<\/div><\/section><\/div><div  style='height:50px' class='hr hr-invisible   avia-builder-el-6  el_after_av_one_full  el_before_av_social_share '><span class='hr-inner ' ><span class='hr-inner-style'><\/span><\/span><\/div><\/p>\n<div  class='av-social-sharing-box  avia-builder-el-7  el_after_av_hr  el_before_av_hr  '><div class='av-share-box'><h5 class='av-share-link-description av-no-toc '>Compartir esta noticia<\/h5><ul class='av-share-box-list noLightbox'><li class='av-share-link av-social-link-facebook' ><a target=\"_blank\" aria-label=\"Compartir en Facebook\" href='https:\/\/www.facebook.com\/sharer.php?u=https:\/\/radiorevelacionfm.cl\/?p=25325&#038;t=M%C3%A1s%20de%2050%20ni%C3%B1os%20con%20fisura%20labio%20palatina%20de%20toda%20la%20regi%C3%B3n%20fueron%20atendidos%20en%20operativo%20de%20la%20Fundaci%C3%B3n%20Gantz' aria-hidden='false' data-av_icon='\ue8f3' data-av_iconfont='entypo-fontello' title='' data-avia-related-tooltip='Compartir en Facebook' rel=\"noopener\"><span class='avia_hidden_link_text'>Compartir en Facebook<\/span><\/a><\/li><li class='av-share-link av-social-link-twitter' ><a target=\"_blank\" aria-label=\"Compartir en Twitter\" href='https:\/\/twitter.com\/share?text=M%C3%A1s%20de%2050%20ni%C3%B1os%20con%20fisura%20labio%20palatina%20de%20toda%20la%20regi%C3%B3n%20fueron%20atendidos%20en%20operativo%20de%20la%20Fundaci%C3%B3n%20Gantz&#038;url=https:\/\/radiorevelacionfm.cl\/?p=25325' aria-hidden='false' data-av_icon='\ue8f1' data-av_iconfont='entypo-fontello' title='' data-avia-related-tooltip='Compartir en Twitter' rel=\"noopener\"><span class='avia_hidden_link_text'>Compartir en Twitter<\/span><\/a><\/li><li class='av-share-link av-social-link-whatsapp' ><a target=\"_blank\" aria-label=\"Compartir en Whatsapp\" href='https:\/\/api.whatsapp.com\/send?text=https:\/\/radiorevelacionfm.cl\/?p=25325' aria-hidden='false' data-av_icon='\uf232' data-av_iconfont='entypo-fontello' title='' data-avia-related-tooltip='Compartir en Whatsapp' rel=\"noopener\"><span class='avia_hidden_link_text'>Compartir en Whatsapp<\/span><\/a><\/li><li class='av-share-link av-social-link-linkedin' ><a target=\"_blank\" aria-label=\"Compartir en LinkedIn\" href='https:\/\/linkedin.com\/shareArticle?mini=true&#038;title=M%C3%A1s%20de%2050%20ni%C3%B1os%20con%20fisura%20labio%20palatina%20de%20toda%20la%20regi%C3%B3n%20fueron%20atendidos%20en%20operativo%20de%20la%20Fundaci%C3%B3n%20Gantz&#038;url=https:\/\/radiorevelacionfm.cl\/?p=25325' aria-hidden='false' data-av_icon='\ue8fc' data-av_iconfont='entypo-fontello' title='' data-avia-related-tooltip='Compartir en LinkedIn' rel=\"noopener\"><span class='avia_hidden_link_text'>Compartir en LinkedIn<\/span><\/a><\/li><li class='av-share-link av-social-link-mail' ><a  aria-label=\"Compartir por correo\" href='mailto:?subject=M%C3%A1s%20de%2050%20ni%C3%B1os%20con%20fisura%20labio%20palatina%20de%20toda%20la%20regi%C3%B3n%20fueron%20atendidos%20en%20operativo%20de%20la%20Fundaci%C3%B3n%20Gantz&#038;body=https:\/\/radiorevelacionfm.cl\/?p=25325' aria-hidden='false' data-av_icon='\ue805' data-av_iconfont='entypo-fontello' title='' data-avia-related-tooltip='Compartir por correo'><span class='avia_hidden_link_text'>Compartir por correo<\/span><\/a><\/li><\/ul><\/div><\/div>\n<div  style='height:50px' class='hr hr-invisible   avia-builder-el-8  el_after_av_social_share  el_before_av_comments_list '><span class='hr-inner ' ><span class='hr-inner-style'><\/span><\/span><\/div>\n<div  class='av-buildercomment  av-blog-meta-html-info-disabled av-blog-meta-tag-disabled  '><\/div>\n","protected":false},"excerpt":{"rendered":"","protected":false},"author":1,"featured_media":25326,"comment_status":"open","ping_status":"open","sticky":false,"template":"","format":"standard","meta":{"footnotes":""},"categories":[46],"tags":[],"class_list":["post-25325","post","type-post","status-publish","format-standard","has-post-thumbnail","hentry","category-salud"],"jetpack_featured_media_url":"https:\/\/radiorevelacionfm.cl\/wp-content\/uploads\/2022\/12\/Fundacion-Gantz-2022_1-1-1.jpg","_links":{"self":[{"href":"https:\/\/radiorevelacionfm.cl\/index.php?rest_route=\/wp\/v2\/posts\/25325","targetHints":{"allow":["GET"]}}],"collection":[{"href":"https:\/\/radiorevelacionfm.cl\/index.php?rest_route=\/wp\/v2\/posts"}],"about":[{"href":"https:\/\/radiorevelacionfm.cl\/index.php?rest_route=\/wp\/v2\/types\/post"}],"author":[{"embeddable":true,"href":"https:\/\/radiorevelacionfm.cl\/index.php?rest_route=\/wp\/v2\/users\/1"}],"replies":[{"embeddable":true,"href":"https:\/\/radiorevelacionfm.cl\/index.php?rest_route=%2Fwp%2Fv2%2Fcomments&post=25325"}],"version-history":[{"count":2,"href":"https:\/\/radiorevelacionfm.cl\/index.php?rest_route=\/wp\/v2\/posts\/25325\/revisions"}],"predecessor-version":[{"id":25345,"href":"https:\/\/radiorevelacionfm.cl\/index.php?rest_route=\/wp\/v2\/posts\/25325\/revisions\/25345"}],"wp:featuredmedia":[{"embeddable":true,"href":"https:\/\/radiorevelacionfm.cl\/index.php?rest_route=\/wp\/v2\/media\/25326"}],"wp:attachment":[{"href":"https:\/\/radiorevelacionfm.cl\/index.php?rest_route=%2Fwp%2Fv2%2Fmedia&parent=25325"}],"wp:term":[{"taxonomy":"category","embeddable":true,"href":"https:\/\/radiorevelacionfm.cl\/index.php?rest_route=%2Fwp%2Fv2%2Fcategories&post=25325"},{"taxonomy":"post_tag","embeddable":true,"href":"https:\/\/radiorevelacionfm.cl\/index.php?rest_route=%2Fwp%2Fv2%2Ftags&post=25325"}],"curies":[{"name":"wp","href":"https:\/\/api.w.org\/{rel}","templated":true}]}}