{"id":25306,"date":"2022-12-13T09:55:46","date_gmt":"2022-12-13T12:55:46","guid":{"rendered":"https:\/\/radiorevelacionfm.cl\/?p=25306"},"modified":"2022-12-13T09:55:46","modified_gmt":"2022-12-13T12:55:46","slug":"emprendedores-as-de-coyhaique-potencian-sus-actividades-productivas-con-el-fosis-y-reciben-certificacion","status":"publish","type":"post","link":"https:\/\/radiorevelacionfm.cl\/?p=25306","title":{"rendered":"Emprendedores\/as de Coyhaique potencian sus actividades productivas con el FOSIS y reciben certificaci\u00f3n"},"content":{"rendered":"<div class=\"flex_column av_one_full  flex_column_div av-zero-column-padding first  avia-builder-el-0  el_before_av_one_full  avia-builder-el-first  \" style='border-radius:0px; '><div  class='avia-image-container  av-styling-    avia-builder-el-1  avia-builder-el-no-sibling  avia-align-center '  itemprop=\"image\" itemscope=\"itemscope\" itemtype=\"https:\/\/schema.org\/ImageObject\"  ><div class='avia-image-container-inner'><div class='avia-image-overlay-wrap'><img decoding=\"async\" class='wp-image-25307 avia-img-lazy-loading-not-25307 avia_image' src=\"https:\/\/radiorevelacionfm.cl\/wp-content\/uploads\/2022\/12\/1-emprendamos-semilla-coyhaique-1_optimized-1.jpeg\" alt='' title='1-emprendamos-semilla-coyhaique-(1)_optimized (1)' height=\"600\" width=\"1067\"  itemprop=\"thumbnailUrl\" srcset=\"https:\/\/radiorevelacionfm.cl\/wp-content\/uploads\/2022\/12\/1-emprendamos-semilla-coyhaique-1_optimized-1.jpeg 1067w, https:\/\/radiorevelacionfm.cl\/wp-content\/uploads\/2022\/12\/1-emprendamos-semilla-coyhaique-1_optimized-1-300x169.jpeg 300w, https:\/\/radiorevelacionfm.cl\/wp-content\/uploads\/2022\/12\/1-emprendamos-semilla-coyhaique-1_optimized-1-1030x579.jpeg 1030w, https:\/\/radiorevelacionfm.cl\/wp-content\/uploads\/2022\/12\/1-emprendamos-semilla-coyhaique-1_optimized-1-768x432.jpeg 768w, https:\/\/radiorevelacionfm.cl\/wp-content\/uploads\/2022\/12\/1-emprendamos-semilla-coyhaique-1_optimized-1-705x396.jpeg 705w, https:\/\/radiorevelacionfm.cl\/wp-content\/uploads\/2022\/12\/1-emprendamos-semilla-coyhaique-1_optimized-1-600x337.jpeg 600w\" sizes=\"(max-width: 1067px) 100vw, 1067px\" \/><\/div><\/div><\/div><\/div><div class=\"flex_column av_one_full  flex_column_div av-zero-column-padding first  avia-builder-el-2  el_after_av_one_full  el_before_av_one_full  column-top-margin\" style='border-radius:0px; '><section class=\"av_textblock_section \"  itemscope=\"itemscope\" itemtype=\"https:\/\/schema.org\/BlogPosting\" itemprop=\"blogPost\" ><div class='avia_textblock  '   itemprop=\"text\" ><p style=\"text-align: center;\"><span style=\"font-size: 18pt;\"><strong>Emprendedores\/as de Coyhaique potencian sus actividades productivas con el FOSIS y reciben certificaci\u00f3n<\/strong><\/span><\/p>\n<div id=\"gtx-trans\" style=\"position: absolute; left: -50px; top: 4.31534px;\">\n<div class=\"gtx-trans-icon\"><\/div>\n<\/div>\n<\/div><\/section><\/div><div class=\"flex_column av_one_full  flex_column_div av-zero-column-padding first  avia-builder-el-4  el_after_av_one_full  el_before_av_hr  column-top-margin\" style='border-radius:0px; '><section class=\"av_textblock_section \"  itemscope=\"itemscope\" itemtype=\"https:\/\/schema.org\/BlogPosting\" itemprop=\"blogPost\" ><div class='avia_textblock  '   itemprop=\"text\" ><p style=\"text-align: justify;\">El programa Emprendamos Semilla es financiando por el Fondo de Solidaridad e Inversi\u00f3n Social, FOSIS, del Ministerio de Desarrollo Social y Familia y en esta oportunidad, permiti\u00f3 la intervenci\u00f3n de 89 usuarios y usuarias de la comuna de Coyhaique.<\/p>\n<p style=\"text-align: justify;\">Los y las participantes potenciaron sus ideas de negocio o emprendimientos incipientes a trav\u00e9s de la capacitaci\u00f3n, asesor\u00eda t\u00e9cnica, acompa\u00f1amiento y el financiamiento de un plan de negocios, que permite a los usuarios y usuarias del programa adquirir herramientas, maquinaria e insumos para desarrollar su emprendimiento y aumentar sus ingresos.<\/p>\n<p style=\"text-align: justify;\">En la ceremonia de cierre los y las emprendedoras que finalizaron las distintas etapas de formaci\u00f3n y financiamiento, pudieron escuchar las experiencias y testimonios de tres exitosas mujeres emprendedoras de Coyhaique, quienes tambi\u00e9n recibieron apoyo del FOSIS para desarrollar sus negocios: Erika Alarc\u00f3n de Confecciones Erika Yvonne, Camila Navarro de Cosmetolog\u00eda y Masoterapia Magdalena y Carla Sep\u00falveda de Artejidos.<\/p>\n<p style=\"text-align: justify;\">Fernanda Leiva, Directora Regional del FOSIS en Ays\u00e9n, destac\u00f3 que \u201cestamos muy contentos de la convocatoria en esta ceremonia de cierre y de la asistencia y participaci\u00f3n del programa Emprendamos Semilla. Felices de poder transmitir la experiencia de nuestras emprendedoras con un poco m\u00e1s de trayecto en este camino, para poder dar consejos, entregar conocimiento y experiencia de vida a las emprendedoras que est\u00e1n iniciando sus emprendimientos. Nos complace celebrar a estas usuarias y usuario que se presentaron hoy en el cierre del proceso donde estuvieron involucrados y donde los y las invitamos a seguir emprendiendo con el apoyo del FOSIS en las instancias que viene en el futuro.\u201d<\/p>\n<p style=\"text-align: justify;\">Tamara Abarca es Manicurista y Cosmet\u00f3loga en su emprendimiento Alliss Nail Art. La usuaria aseguro que el FOSIS \u201cha sido un apoyo fundamental en la entrega econ\u00f3mica y de las capacitaciones, porque nos han ayudado a como poder ir organiz\u00e1ndonos, ir creciendo como emprendedores. En mi emprendimiento, Alliss Nail Art, hago embellecimiento de manos, lifting de pesta\u00f1as y todo lo que sea tratamiento facial, pueden encontrar m\u00e1s informaci\u00f3n en mis cuentas de Instagram o Facebook. Escuchar las experiencias de las emprendedoras que expusieron hoy fue genial para quienes estamos empezando, ya que eso nos da aliento para poder llegar a lograr lo que ellas han conseguido en este tiempo.\u201d<\/p>\n<p style=\"text-align: justify;\">El programa Emprendamos Semilla apoya el desarrollo de un negocio o trabajo independiente que permita generar o aumentar ingresos. Esta instancia program\u00e1tica, parte de la oferta regular que FOSIS financia todos los a\u00f1os, est\u00e1 dirigida a quienes tienen una idea de negocio o quieren empezar un emprendimiento y no tienen trabajo o tienen un trabajo precario.<\/p>\n<\/div><\/section><\/div><div  style='height:50px' class='hr hr-invisible   avia-builder-el-6  el_after_av_one_full  el_before_av_social_share '><span class='hr-inner ' ><span class='hr-inner-style'><\/span><\/span><\/div><\/p>\n<div  class='av-social-sharing-box  avia-builder-el-7  el_after_av_hr  el_before_av_hr  '><div class='av-share-box'><h5 class='av-share-link-description av-no-toc '>Compartir esta noticia<\/h5><ul class='av-share-box-list noLightbox'><li class='av-share-link av-social-link-facebook' ><a target=\"_blank\" aria-label=\"Compartir en Facebook\" href='https:\/\/www.facebook.com\/sharer.php?u=https:\/\/radiorevelacionfm.cl\/?p=25306&#038;t=Emprendedores%2Fas%20de%20Coyhaique%20potencian%20sus%20actividades%20productivas%20con%20el%20FOSIS%20y%20reciben%20certificaci%C3%B3n' aria-hidden='false' data-av_icon='\ue8f3' data-av_iconfont='entypo-fontello' title='' data-avia-related-tooltip='Compartir en Facebook' rel=\"noopener\"><span class='avia_hidden_link_text'>Compartir en Facebook<\/span><\/a><\/li><li class='av-share-link av-social-link-twitter' ><a target=\"_blank\" aria-label=\"Compartir en Twitter\" href='https:\/\/twitter.com\/share?text=Emprendedores%2Fas%20de%20Coyhaique%20potencian%20sus%20actividades%20productivas%20con%20el%20FOSIS%20y%20reciben%20certificaci%C3%B3n&#038;url=https:\/\/radiorevelacionfm.cl\/?p=25306' aria-hidden='false' data-av_icon='\ue8f1' data-av_iconfont='entypo-fontello' title='' data-avia-related-tooltip='Compartir en Twitter' rel=\"noopener\"><span class='avia_hidden_link_text'>Compartir en Twitter<\/span><\/a><\/li><li class='av-share-link av-social-link-whatsapp' ><a target=\"_blank\" aria-label=\"Compartir en Whatsapp\" href='https:\/\/api.whatsapp.com\/send?text=https:\/\/radiorevelacionfm.cl\/?p=25306' aria-hidden='false' data-av_icon='\uf232' data-av_iconfont='entypo-fontello' title='' data-avia-related-tooltip='Compartir en Whatsapp' rel=\"noopener\"><span class='avia_hidden_link_text'>Compartir en Whatsapp<\/span><\/a><\/li><li class='av-share-link av-social-link-linkedin' ><a target=\"_blank\" aria-label=\"Compartir en LinkedIn\" href='https:\/\/linkedin.com\/shareArticle?mini=true&#038;title=Emprendedores%2Fas%20de%20Coyhaique%20potencian%20sus%20actividades%20productivas%20con%20el%20FOSIS%20y%20reciben%20certificaci%C3%B3n&#038;url=https:\/\/radiorevelacionfm.cl\/?p=25306' aria-hidden='false' data-av_icon='\ue8fc' data-av_iconfont='entypo-fontello' title='' data-avia-related-tooltip='Compartir en LinkedIn' rel=\"noopener\"><span class='avia_hidden_link_text'>Compartir en LinkedIn<\/span><\/a><\/li><li class='av-share-link av-social-link-mail' ><a  aria-label=\"Compartir por correo\" href='mailto:?subject=Emprendedores%2Fas%20de%20Coyhaique%20potencian%20sus%20actividades%20productivas%20con%20el%20FOSIS%20y%20reciben%20certificaci%C3%B3n&#038;body=https:\/\/radiorevelacionfm.cl\/?p=25306' aria-hidden='false' data-av_icon='\ue805' data-av_iconfont='entypo-fontello' title='' data-avia-related-tooltip='Compartir por correo'><span class='avia_hidden_link_text'>Compartir por correo<\/span><\/a><\/li><\/ul><\/div><\/div>\n<div  style='height:50px' class='hr hr-invisible   avia-builder-el-8  el_after_av_social_share  el_before_av_comments_list '><span class='hr-inner ' ><span class='hr-inner-style'><\/span><\/span><\/div>\n<div  class='av-buildercomment  av-blog-meta-html-info-disabled av-blog-meta-tag-disabled  '><\/div>\n","protected":false},"excerpt":{"rendered":"","protected":false},"author":1,"featured_media":25307,"comment_status":"open","ping_status":"open","sticky":false,"template":"","format":"standard","meta":{"footnotes":""},"categories":[38],"tags":[],"class_list":["post-25306","post","type-post","status-publish","format-standard","has-post-thumbnail","hentry","category-regional"],"jetpack_featured_media_url":"https:\/\/radiorevelacionfm.cl\/wp-content\/uploads\/2022\/12\/1-emprendamos-semilla-coyhaique-1_optimized-1.jpeg","_links":{"self":[{"href":"https:\/\/radiorevelacionfm.cl\/index.php?rest_route=\/wp\/v2\/posts\/25306","targetHints":{"allow":["GET"]}}],"collection":[{"href":"https:\/\/radiorevelacionfm.cl\/index.php?rest_route=\/wp\/v2\/posts"}],"about":[{"href":"https:\/\/radiorevelacionfm.cl\/index.php?rest_route=\/wp\/v2\/types\/post"}],"author":[{"embeddable":true,"href":"https:\/\/radiorevelacionfm.cl\/index.php?rest_route=\/wp\/v2\/users\/1"}],"replies":[{"embeddable":true,"href":"https:\/\/radiorevelacionfm.cl\/index.php?rest_route=%2Fwp%2Fv2%2Fcomments&post=25306"}],"version-history":[{"count":2,"href":"https:\/\/radiorevelacionfm.cl\/index.php?rest_route=\/wp\/v2\/posts\/25306\/revisions"}],"predecessor-version":[{"id":25309,"href":"https:\/\/radiorevelacionfm.cl\/index.php?rest_route=\/wp\/v2\/posts\/25306\/revisions\/25309"}],"wp:featuredmedia":[{"embeddable":true,"href":"https:\/\/radiorevelacionfm.cl\/index.php?rest_route=\/wp\/v2\/media\/25307"}],"wp:attachment":[{"href":"https:\/\/radiorevelacionfm.cl\/index.php?rest_route=%2Fwp%2Fv2%2Fmedia&parent=25306"}],"wp:term":[{"taxonomy":"category","embeddable":true,"href":"https:\/\/radiorevelacionfm.cl\/index.php?rest_route=%2Fwp%2Fv2%2Fcategories&post=25306"},{"taxonomy":"post_tag","embeddable":true,"href":"https:\/\/radiorevelacionfm.cl\/index.php?rest_route=%2Fwp%2Fv2%2Ftags&post=25306"}],"curies":[{"name":"wp","href":"https:\/\/api.w.org\/{rel}","templated":true}]}}