{"id":25288,"date":"2022-12-12T19:11:10","date_gmt":"2022-12-12T22:11:10","guid":{"rendered":"https:\/\/radiorevelacionfm.cl\/?p=25288"},"modified":"2022-12-12T19:11:10","modified_gmt":"2022-12-12T22:11:10","slug":"gobierno-regional-entrega-reconocimiento-a-tres-deportistas-destacados","status":"publish","type":"post","link":"https:\/\/radiorevelacionfm.cl\/?p=25288","title":{"rendered":"Gobierno Regional entrega reconocimiento a tres deportistas destacados"},"content":{"rendered":"<div class=\"flex_column av_one_full  flex_column_div av-zero-column-padding first  avia-builder-el-0  el_before_av_one_full  avia-builder-el-first  \" style='border-radius:0px; '><div  class='avia-image-container  av-styling-    avia-builder-el-1  avia-builder-el-no-sibling  avia-align-center '  itemprop=\"image\" itemscope=\"itemscope\" itemtype=\"https:\/\/schema.org\/ImageObject\"  ><div class='avia-image-container-inner'><div class='avia-image-overlay-wrap'><img decoding=\"async\" class='wp-image-25289 avia-img-lazy-loading-not-25289 avia_image' src=\"https:\/\/radiorevelacionfm.cl\/wp-content\/uploads\/2022\/12\/WhatsApp-Image-2022-12-12-at-10.13.36-1-1.jpeg\" alt='' title='WhatsApp Image 2022-12-12 at 10.13.36 (1) (1)' height=\"600\" width=\"764\"  itemprop=\"thumbnailUrl\" srcset=\"https:\/\/radiorevelacionfm.cl\/wp-content\/uploads\/2022\/12\/WhatsApp-Image-2022-12-12-at-10.13.36-1-1.jpeg 764w, https:\/\/radiorevelacionfm.cl\/wp-content\/uploads\/2022\/12\/WhatsApp-Image-2022-12-12-at-10.13.36-1-1-300x236.jpeg 300w, https:\/\/radiorevelacionfm.cl\/wp-content\/uploads\/2022\/12\/WhatsApp-Image-2022-12-12-at-10.13.36-1-1-705x554.jpeg 705w, https:\/\/radiorevelacionfm.cl\/wp-content\/uploads\/2022\/12\/WhatsApp-Image-2022-12-12-at-10.13.36-1-1-600x471.jpeg 600w\" sizes=\"(max-width: 764px) 100vw, 764px\" \/><\/div><\/div><\/div><\/div><div class=\"flex_column av_one_full  flex_column_div av-zero-column-padding first  avia-builder-el-2  el_after_av_one_full  el_before_av_one_full  column-top-margin\" style='border-radius:0px; '><section class=\"av_textblock_section \"  itemscope=\"itemscope\" itemtype=\"https:\/\/schema.org\/BlogPosting\" itemprop=\"blogPost\" ><div class='avia_textblock  '   itemprop=\"text\" ><p style=\"text-align: center;\"><strong><span style=\"font-size: 18pt;\">Gobierno Regional entrega reconocimiento a tres deportistas destacados<\/span><\/strong><\/p>\n<div id=\"gtx-trans\" style=\"position: absolute; left: -50px; top: 4.31534px;\">\n<div class=\"gtx-trans-icon\"><\/div>\n<\/div>\n<\/div><\/section><\/div><div class=\"flex_column av_one_full  flex_column_div av-zero-column-padding first  avia-builder-el-4  el_after_av_one_full  el_before_av_hr  column-top-margin\" style='border-radius:0px; '><section class=\"av_textblock_section \"  itemscope=\"itemscope\" itemtype=\"https:\/\/schema.org\/BlogPosting\" itemprop=\"blogPost\" ><div class='avia_textblock  '   itemprop=\"text\" ><p style=\"text-align: justify;\">En la Escuela Pedro Quintana Masilla se realiz\u00f3 una ceremonia en reconocimiento a tres deportistas destacados de la Regi\u00f3n de Ays\u00e9n: Manuel Echaveguren (tenis de mesa), Camilla Lagos (judo) y Juan Carlos Navarro (escalada). El encuentro fue organizado por el Gobierno Regional y el motociclista Patricio Cabrera.<\/p>\n<p style=\"text-align: justify;\">\u201cSiempre es necesario reconocer a aquellas personas que hacen un aporte significativo para nuestra regi\u00f3n, en este caso en materia deportiva, representando a muchos y muchas deportistas en distintas disciplinas\u201d, dijo la Gobernadora Regional, Andrea Mac\u00edas Palma.<\/p>\n<p style=\"text-align: justify;\">M\u00e1s de cincuenta alumnas y alumnos del establecimiento asistieron al acto para conocer a los deportistas presentes; Patricio Cabrera y Juan Carlos Navarro, en tanto, Camila Lagos y Manuel Echaveguren se encuentran fuera de la regi\u00f3n.\u00a0 Adem\u00e1s, en el sal\u00f3n estaban autoridades como la Secretaria Regional Ministerial (Seremi) del Deporte, Mar\u00eda Eugenia Dur\u00e1n, el director del Instituto Nacional del Deporte, Jos\u00e9 Manuel Sep\u00falveda, y el delegado Presidencial de la Regi\u00f3n de Ays\u00e9n, Rodrigo Araya.<\/p>\n<p style=\"text-align: justify;\">Sobre el encuentro, el motociclista Patricio Cabrera manifest\u00f3 su alegr\u00eda y espera la realizaci\u00f3n de la ceremonia a\u00f1o a a\u00f1o. \u201cFeliz de compartir con los j\u00f3venes, aqu\u00ed en un liceo de la ciudad de Coyhaique, de irme con la inyecci\u00f3n de energ\u00eda para el Rally Dakar. Estas son las cosas lindas en las cuales me gusta participar, apoyar en proyectos so\u00f1adores como el que tuvimos nosotros y, ojal\u00e1, que estos deportistas se conviertan en los mejores deportistas de la regi\u00f3n, cumplan todos sus sue\u00f1os y se conviertan en embajadores de la Patagonia en el mundo\u201d, expres\u00f3 Cabrera.<\/p>\n<p style=\"text-align: justify;\">Uno de los homenajeados que estuvo presente fue el escalador Juan Carlos Navarro, quien conoci\u00f3 la escalada cuando ten\u00eda doce\u00a0 a\u00f1os cuando cursaba sexto B\u00e1sico en la Escuela Altamira de Coyhaique. All\u00ed, particip\u00f3 en su primer campeonato, donde obtuvo el tercer lugar. \u201cSiento que es muy grato estar en este tipo de eventos, ya que, potencia y da visibilidad a todos los escaladores y a toda la gente que est\u00e1 detr\u00e1s (&#8230;) que los j\u00f3venes sigan probando nuevas cosas, escalando, saliendo a la vida <em>outdoor<\/em>. No se duerman, siempre est\u00e9n tratando de hacer cosas\u201d, enfatiz\u00f3 el deportista..<\/p>\n<p style=\"text-align: justify;\">Tambi\u00e9n fue reconocida la judoka Camila Lagos, que el pasado fin de semana logr\u00f3 ser campeona de la \u201cGran Final Nacional Santiago 2022\u201d, por ese motivo no pudo estar presente, pero dej\u00f3 un mensaje audiovisual a las y los asistentes contando c\u00f3mo inici\u00f3 en la disciplina y su trayectoria hasta el momento.<\/p>\n<p style=\"text-align: justify;\">En la actividad estaban presentes los Consejeros Regionales, Rocco Martiniello y Sergio Gonz\u00e1lez, este \u00faltimo como presidente de la comisi\u00f3n de Desarrollo Social del cuerpo colegiado. En la actividad recalc\u00f3 la importancia de la existencia del siete por ciento del Fondo Nacional de Desarrollo Regional (FNDR), ya que, apoya en el desarrollo de la comunidad.<\/p>\n<p style=\"text-align: justify;\">\u201cHoy d\u00eda tenemos la posibilidad de tener a representantes nuestros a nivel nacional e internacional y, obviamente, la muestra del d\u00eda de hoy de Juan Carlos Navarro, de Patricio Cabrera, nos dan la muestra de que estamos haciendo bien las cosas. El compromiso lo reafirmamos para seguir trabajando por los deportistas de nuestra regi\u00f3n, para que logren sus sue\u00f1os y alcancen los mejores resultados\u201d, dijo el Consejero de la Provincia de Ays\u00e9n,\u00a0 Sergio Gonz\u00e1lez.<\/p>\n<p style=\"text-align: justify;\">El deportista paral\u00edmpico de tenis de mesa, Manuel Echaveguren, fue reconocido por su desempe\u00f1o en competencias nacionales e internacionales. Echaveguren reside en Alemania, donde se prepara para los pr\u00f3ximos Juegos Paral\u00edmpicos 2023 a realizarse en Francia.<\/p>\n<p style=\"text-align: justify;\">El trofeo fue entregado a su pap\u00e1 Manuel Echaveguren y a su mam\u00e1 Cecilia Far\u00edas, quien tras recibir el reconocimiento expres\u00f3 que \u201ctiene un significado muy especial porque Manuel es un representante de la Regi\u00f3n de Ays\u00e9n, pero m\u00e1s que eso, fundamentalmente es un joven que lucha por sus sue\u00f1os deportivos y ha dedicado su vida (&#8230;) agradecer a las autoridades, al Gobierno Regional, fundamentalmente, y en general a todas las instancias que han apoyado la carrera deportiva de mi hijo. Creo que el deporte es importante, creo que debemos cultivarlo\u201d.<\/p>\n<p style=\"text-align: justify;\">Para el pr\u00f3ximo a\u00f1o el Fondo Nacional de Desarrollo Regional (FNDR) aumentar\u00e1 a un ocho por ciento, lo que permitir\u00e1 que m\u00e1s organizaciones sociales, deportistas, entre otros, accedan al apoyo entregado por el Gobierno Regional y su Consejo para seguir contribuyendo en el desarrollo del territorio.<\/p>\n<\/div><\/section><\/div><div  style='height:50px' class='hr hr-invisible   avia-builder-el-6  el_after_av_one_full  el_before_av_social_share '><span class='hr-inner ' ><span class='hr-inner-style'><\/span><\/span><\/div><\/p>\n<div  class='av-social-sharing-box  avia-builder-el-7  el_after_av_hr  el_before_av_hr  '><div class='av-share-box'><h5 class='av-share-link-description av-no-toc '>Compartir esta noticia<\/h5><ul class='av-share-box-list noLightbox'><li class='av-share-link av-social-link-facebook' ><a target=\"_blank\" aria-label=\"Compartir en Facebook\" href='https:\/\/www.facebook.com\/sharer.php?u=https:\/\/radiorevelacionfm.cl\/?p=25288&#038;t=Gobierno%20Regional%20entrega%20reconocimiento%20a%20tres%20deportistas%20destacados' aria-hidden='false' data-av_icon='\ue8f3' data-av_iconfont='entypo-fontello' title='' data-avia-related-tooltip='Compartir en Facebook' rel=\"noopener\"><span class='avia_hidden_link_text'>Compartir en Facebook<\/span><\/a><\/li><li class='av-share-link av-social-link-twitter' ><a target=\"_blank\" aria-label=\"Compartir en Twitter\" href='https:\/\/twitter.com\/share?text=Gobierno%20Regional%20entrega%20reconocimiento%20a%20tres%20deportistas%20destacados&#038;url=https:\/\/radiorevelacionfm.cl\/?p=25288' aria-hidden='false' data-av_icon='\ue8f1' data-av_iconfont='entypo-fontello' title='' data-avia-related-tooltip='Compartir en Twitter' rel=\"noopener\"><span class='avia_hidden_link_text'>Compartir en Twitter<\/span><\/a><\/li><li class='av-share-link av-social-link-whatsapp' ><a target=\"_blank\" aria-label=\"Compartir en Whatsapp\" href='https:\/\/api.whatsapp.com\/send?text=https:\/\/radiorevelacionfm.cl\/?p=25288' aria-hidden='false' data-av_icon='\uf232' data-av_iconfont='entypo-fontello' title='' data-avia-related-tooltip='Compartir en Whatsapp' rel=\"noopener\"><span class='avia_hidden_link_text'>Compartir en Whatsapp<\/span><\/a><\/li><li class='av-share-link av-social-link-linkedin' ><a target=\"_blank\" aria-label=\"Compartir en LinkedIn\" href='https:\/\/linkedin.com\/shareArticle?mini=true&#038;title=Gobierno%20Regional%20entrega%20reconocimiento%20a%20tres%20deportistas%20destacados&#038;url=https:\/\/radiorevelacionfm.cl\/?p=25288' aria-hidden='false' data-av_icon='\ue8fc' data-av_iconfont='entypo-fontello' title='' data-avia-related-tooltip='Compartir en LinkedIn' rel=\"noopener\"><span class='avia_hidden_link_text'>Compartir en LinkedIn<\/span><\/a><\/li><li class='av-share-link av-social-link-mail' ><a  aria-label=\"Compartir por correo\" href='mailto:?subject=Gobierno%20Regional%20entrega%20reconocimiento%20a%20tres%20deportistas%20destacados&#038;body=https:\/\/radiorevelacionfm.cl\/?p=25288' aria-hidden='false' data-av_icon='\ue805' data-av_iconfont='entypo-fontello' title='' data-avia-related-tooltip='Compartir por correo'><span class='avia_hidden_link_text'>Compartir por correo<\/span><\/a><\/li><\/ul><\/div><\/div>\n<div  style='height:50px' class='hr hr-invisible   avia-builder-el-8  el_after_av_social_share  el_before_av_comments_list '><span class='hr-inner ' ><span class='hr-inner-style'><\/span><\/span><\/div>\n<div  class='av-buildercomment  av-blog-meta-html-info-disabled av-blog-meta-tag-disabled  '><\/div>\n","protected":false},"excerpt":{"rendered":"","protected":false},"author":1,"featured_media":25289,"comment_status":"open","ping_status":"open","sticky":false,"template":"","format":"standard","meta":{"footnotes":""},"categories":[38],"tags":[],"class_list":["post-25288","post","type-post","status-publish","format-standard","has-post-thumbnail","hentry","category-regional"],"jetpack_featured_media_url":"https:\/\/radiorevelacionfm.cl\/wp-content\/uploads\/2022\/12\/WhatsApp-Image-2022-12-12-at-10.13.36-1-1.jpeg","_links":{"self":[{"href":"https:\/\/radiorevelacionfm.cl\/index.php?rest_route=\/wp\/v2\/posts\/25288","targetHints":{"allow":["GET"]}}],"collection":[{"href":"https:\/\/radiorevelacionfm.cl\/index.php?rest_route=\/wp\/v2\/posts"}],"about":[{"href":"https:\/\/radiorevelacionfm.cl\/index.php?rest_route=\/wp\/v2\/types\/post"}],"author":[{"embeddable":true,"href":"https:\/\/radiorevelacionfm.cl\/index.php?rest_route=\/wp\/v2\/users\/1"}],"replies":[{"embeddable":true,"href":"https:\/\/radiorevelacionfm.cl\/index.php?rest_route=%2Fwp%2Fv2%2Fcomments&post=25288"}],"version-history":[{"count":2,"href":"https:\/\/radiorevelacionfm.cl\/index.php?rest_route=\/wp\/v2\/posts\/25288\/revisions"}],"predecessor-version":[{"id":25299,"href":"https:\/\/radiorevelacionfm.cl\/index.php?rest_route=\/wp\/v2\/posts\/25288\/revisions\/25299"}],"wp:featuredmedia":[{"embeddable":true,"href":"https:\/\/radiorevelacionfm.cl\/index.php?rest_route=\/wp\/v2\/media\/25289"}],"wp:attachment":[{"href":"https:\/\/radiorevelacionfm.cl\/index.php?rest_route=%2Fwp%2Fv2%2Fmedia&parent=25288"}],"wp:term":[{"taxonomy":"category","embeddable":true,"href":"https:\/\/radiorevelacionfm.cl\/index.php?rest_route=%2Fwp%2Fv2%2Fcategories&post=25288"},{"taxonomy":"post_tag","embeddable":true,"href":"https:\/\/radiorevelacionfm.cl\/index.php?rest_route=%2Fwp%2Fv2%2Ftags&post=25288"}],"curies":[{"name":"wp","href":"https:\/\/api.w.org\/{rel}","templated":true}]}}