{"id":25281,"date":"2022-12-13T13:09:22","date_gmt":"2022-12-13T16:09:22","guid":{"rendered":"https:\/\/radiorevelacionfm.cl\/?p=25281"},"modified":"2022-12-13T13:09:50","modified_gmt":"2022-12-13T16:09:50","slug":"presentan-nueva-directora-del-consultorio-alejandro-gutierrez-de-coyhaique","status":"publish","type":"post","link":"https:\/\/radiorevelacionfm.cl\/?p=25281","title":{"rendered":"Presentan a nueva directora del consultorio Alejandro Guti\u00e9rrez de Coyhaique"},"content":{"rendered":"<div class=\"flex_column av_one_full  flex_column_div av-zero-column-padding first  avia-builder-el-0  el_before_av_one_full  avia-builder-el-first  \" style='border-radius:0px; '><div  class='avia-image-container  av-styling-    avia-builder-el-1  avia-builder-el-no-sibling  avia-align-center '  itemprop=\"image\" itemscope=\"itemscope\" itemtype=\"https:\/\/schema.org\/ImageObject\"  ><div class='avia-image-container-inner'><div class='avia-image-overlay-wrap'><img decoding=\"async\" class='wp-image-25282 avia-img-lazy-loading-not-25282 avia_image' src=\"https:\/\/radiorevelacionfm.cl\/wp-content\/uploads\/2022\/12\/presentaciOn-dire-cag-1-1_optimized.jpeg\" alt='' title='presentaci\u00d3n-dire-cag-(1)-(1)_optimized' height=\"600\" width=\"800\"  itemprop=\"thumbnailUrl\" srcset=\"https:\/\/radiorevelacionfm.cl\/wp-content\/uploads\/2022\/12\/presentaciOn-dire-cag-1-1_optimized.jpeg 800w, https:\/\/radiorevelacionfm.cl\/wp-content\/uploads\/2022\/12\/presentaciOn-dire-cag-1-1_optimized-300x225.jpeg 300w, https:\/\/radiorevelacionfm.cl\/wp-content\/uploads\/2022\/12\/presentaciOn-dire-cag-1-1_optimized-768x576.jpeg 768w, https:\/\/radiorevelacionfm.cl\/wp-content\/uploads\/2022\/12\/presentaciOn-dire-cag-1-1_optimized-705x529.jpeg 705w, https:\/\/radiorevelacionfm.cl\/wp-content\/uploads\/2022\/12\/presentaciOn-dire-cag-1-1_optimized-600x450.jpeg 600w\" sizes=\"(max-width: 800px) 100vw, 800px\" \/><\/div><\/div><\/div><\/div>\n<div class=\"flex_column av_one_full  flex_column_div av-zero-column-padding first  avia-builder-el-2  el_after_av_one_full  el_before_av_one_full  column-top-margin\" style='border-radius:0px; '><section class=\"av_textblock_section \"  itemscope=\"itemscope\" itemtype=\"https:\/\/schema.org\/BlogPosting\" itemprop=\"blogPost\" ><div class='avia_textblock  '   itemprop=\"text\" ><p style=\"text-align: center;\"><span style=\"font-size: 18pt;\"><b>Presentan a nueva directora del consultorio Alejandro Guti\u00e9rrez de Coyhaique<\/b><\/span><\/p>\n<div id=\"gtx-trans\" style=\"position: absolute; left: -50px; top: 4.31534px;\">\n<div class=\"gtx-trans-icon\"><\/div>\n<\/div>\n<\/div><\/section><\/div><div class=\"flex_column av_one_full  flex_column_div av-zero-column-padding first  avia-builder-el-4  el_after_av_one_full  el_before_av_hr  column-top-margin\" style='border-radius:0px; '><section class=\"av_textblock_section \"  itemscope=\"itemscope\" itemtype=\"https:\/\/schema.org\/BlogPosting\" itemprop=\"blogPost\" ><div class='avia_textblock  '   itemprop=\"text\" ><p class=\"v1MsoNormal\" style=\"text-align: justify;\">La ma\u00f1ana de este lunes 12 de diciembre fue presentada la nueva directora del consultorio Alejandro Guti\u00e9rrez de Coyhaique. Se trata de la kinesi\u00f3loga y mag\u00edster en salud p\u00fablica con menci\u00f3n en gesti\u00f3n, Pamela Rojas Rojas, quien reemplaza al Dr. Jos\u00e9 Luis Toledo.<\/p>\n<p class=\"v1MsoNormal\" style=\"text-align: justify;\">Rojas cuenta con diversos diplomados, de promoci\u00f3n y calidad de vida, salud p\u00fablica, pol\u00edticas p\u00fablicas, como asimismo un postgrado en maestr\u00eda de \u00abneurodesarrollocinesiolog\u00eda, del desarrollo, seg\u00fan m\u00e9todo Vojta\u00bb. \u00abA partir de hoy asume Pamela Rojas, profesional con m\u00e1s de 25 a\u00f1os en el sector, kinesi\u00f3loga, con un mag\u00edster en salud p\u00fablica y con experiencia en las distintas l\u00edneas program\u00e1ticas y en atenci\u00f3n primaria, que es sonde nosotros queremos poner \u00e9nfasis\u00bb, precis\u00f3 Mauricio Cort\u00e9s, director del Servicio de Salud Ays\u00e9n.<\/p>\n<p class=\"v1MsoNormal\" style=\"text-align: justify;\">En esa misma l\u00ednea la directora de Atenci\u00f3n Primaria, Lorena Guerrero, agreg\u00f3 que \u00abla universalidad de la atenci\u00f3n primaria es uno de los compromisos principales de este gobierno y es el pilar fundamental para las transformaciones que hay que hacer en salud\u00bb.<\/p>\n<p class=\"v1MsoNormal\" style=\"text-align: justify;\">Pamela Rojas trabaj\u00f3 m\u00e1s de 15 a\u00f1os en atenci\u00f3n primaria en funciones cl\u00ednicas y de gesti\u00f3n, adem\u00e1s fue encargada regional de salud en la infancia y salud integral del adolescente. \u00abMuy positivo desde lo profesional y personal, me toca asumir la direcci\u00f3n desde la gesti\u00f3n, contento y muy agradecido del equipo que me entreg\u00f3 su confianza para trabajar\u00bb, resumi\u00f3 el Dr. Jos\u00e9 Luis Toledo, director saliente y que se dedicar\u00e1 a la atenci\u00f3n cl\u00ednica.<\/p>\n<p class=\"v1MsoNormal\" style=\"text-align: justify;\">Pamela Rojas junto con dar las gracias por la confianza depositada complement\u00f3 que \u00abnuestro foco est\u00e1 en la atenci\u00f3n primaria, acercar y estar en la comunidad, ver sus necesidades y con todas las ganas y motivaci\u00f3n de trabajar. Tenemos que aumentar nuestra oferta y mejorarla en cobertura y calidad\u00bb, sentenci\u00f3.<\/p>\n<p class=\"v1MsoNormal\" style=\"text-align: justify;\">\u00abCon la llegada de la nueva directora a nuestro lugar de trabajo, es natural sentir muchas expectativas, ya que seguramente los cambios ser\u00e1n inevitables. Saber dar la bienvenida a la directora, ya que esto marcar\u00e1 un buen comienzo en las relaciones laborales con nuestros asociados. Al igual que cualquier otro empleado nuevo, es importante hacerla sentir c\u00f3moda y bien recibida\u00bb, dijo Rodrigo Mena, de la FENATS.<\/p>\n<\/div><\/section><\/div><\/p>\n<div  style='height:50px' class='hr hr-invisible   avia-builder-el-6  el_after_av_one_full  el_before_av_social_share '><span class='hr-inner ' ><span class='hr-inner-style'><\/span><\/span><\/div>\n<div  class='av-social-sharing-box  avia-builder-el-7  el_after_av_hr  el_before_av_hr  '><div class='av-share-box'><h5 class='av-share-link-description av-no-toc '>Compartir esta noticia<\/h5><ul class='av-share-box-list noLightbox'><li class='av-share-link av-social-link-facebook' ><a target=\"_blank\" aria-label=\"Compartir en Facebook\" href='https:\/\/www.facebook.com\/sharer.php?u=https:\/\/radiorevelacionfm.cl\/?p=25281&#038;t=Presentan%20a%20nueva%20directora%20del%20consultorio%20Alejandro%20Guti%C3%A9rrez%20de%20Coyhaique' aria-hidden='false' data-av_icon='\ue8f3' data-av_iconfont='entypo-fontello' title='' data-avia-related-tooltip='Compartir en Facebook' rel=\"noopener\"><span class='avia_hidden_link_text'>Compartir en Facebook<\/span><\/a><\/li><li class='av-share-link av-social-link-twitter' ><a target=\"_blank\" aria-label=\"Compartir en Twitter\" href='https:\/\/twitter.com\/share?text=Presentan%20a%20nueva%20directora%20del%20consultorio%20Alejandro%20Guti%C3%A9rrez%20de%20Coyhaique&#038;url=https:\/\/radiorevelacionfm.cl\/?p=25281' aria-hidden='false' data-av_icon='\ue8f1' data-av_iconfont='entypo-fontello' title='' data-avia-related-tooltip='Compartir en Twitter' rel=\"noopener\"><span class='avia_hidden_link_text'>Compartir en Twitter<\/span><\/a><\/li><li class='av-share-link av-social-link-whatsapp' ><a target=\"_blank\" aria-label=\"Compartir en Whatsapp\" href='https:\/\/api.whatsapp.com\/send?text=https:\/\/radiorevelacionfm.cl\/?p=25281' aria-hidden='false' data-av_icon='\uf232' data-av_iconfont='entypo-fontello' title='' data-avia-related-tooltip='Compartir en Whatsapp' rel=\"noopener\"><span class='avia_hidden_link_text'>Compartir en Whatsapp<\/span><\/a><\/li><li class='av-share-link av-social-link-linkedin' ><a target=\"_blank\" aria-label=\"Compartir en LinkedIn\" href='https:\/\/linkedin.com\/shareArticle?mini=true&#038;title=Presentan%20a%20nueva%20directora%20del%20consultorio%20Alejandro%20Guti%C3%A9rrez%20de%20Coyhaique&#038;url=https:\/\/radiorevelacionfm.cl\/?p=25281' aria-hidden='false' data-av_icon='\ue8fc' data-av_iconfont='entypo-fontello' title='' data-avia-related-tooltip='Compartir en LinkedIn' rel=\"noopener\"><span class='avia_hidden_link_text'>Compartir en LinkedIn<\/span><\/a><\/li><li class='av-share-link av-social-link-mail' ><a  aria-label=\"Compartir por correo\" href='mailto:?subject=Presentan%20a%20nueva%20directora%20del%20consultorio%20Alejandro%20Guti%C3%A9rrez%20de%20Coyhaique&#038;body=https:\/\/radiorevelacionfm.cl\/?p=25281' aria-hidden='false' data-av_icon='\ue805' data-av_iconfont='entypo-fontello' title='' data-avia-related-tooltip='Compartir por correo'><span class='avia_hidden_link_text'>Compartir por correo<\/span><\/a><\/li><\/ul><\/div><\/div>\n<div  style='height:50px' class='hr hr-invisible   avia-builder-el-8  el_after_av_social_share  el_before_av_comments_list '><span class='hr-inner ' ><span class='hr-inner-style'><\/span><\/span><\/div>\n<div  class='av-buildercomment  av-blog-meta-html-info-disabled av-blog-meta-tag-disabled  '><\/div>\n","protected":false},"excerpt":{"rendered":"","protected":false},"author":1,"featured_media":25282,"comment_status":"open","ping_status":"open","sticky":false,"template":"","format":"standard","meta":{"footnotes":""},"categories":[46],"tags":[],"class_list":["post-25281","post","type-post","status-publish","format-standard","has-post-thumbnail","hentry","category-salud"],"jetpack_featured_media_url":"https:\/\/radiorevelacionfm.cl\/wp-content\/uploads\/2022\/12\/presentaciOn-dire-cag-1-1_optimized.jpeg","_links":{"self":[{"href":"https:\/\/radiorevelacionfm.cl\/index.php?rest_route=\/wp\/v2\/posts\/25281","targetHints":{"allow":["GET"]}}],"collection":[{"href":"https:\/\/radiorevelacionfm.cl\/index.php?rest_route=\/wp\/v2\/posts"}],"about":[{"href":"https:\/\/radiorevelacionfm.cl\/index.php?rest_route=\/wp\/v2\/types\/post"}],"author":[{"embeddable":true,"href":"https:\/\/radiorevelacionfm.cl\/index.php?rest_route=\/wp\/v2\/users\/1"}],"replies":[{"embeddable":true,"href":"https:\/\/radiorevelacionfm.cl\/index.php?rest_route=%2Fwp%2Fv2%2Fcomments&post=25281"}],"version-history":[{"count":4,"href":"https:\/\/radiorevelacionfm.cl\/index.php?rest_route=\/wp\/v2\/posts\/25281\/revisions"}],"predecessor-version":[{"id":25323,"href":"https:\/\/radiorevelacionfm.cl\/index.php?rest_route=\/wp\/v2\/posts\/25281\/revisions\/25323"}],"wp:featuredmedia":[{"embeddable":true,"href":"https:\/\/radiorevelacionfm.cl\/index.php?rest_route=\/wp\/v2\/media\/25282"}],"wp:attachment":[{"href":"https:\/\/radiorevelacionfm.cl\/index.php?rest_route=%2Fwp%2Fv2%2Fmedia&parent=25281"}],"wp:term":[{"taxonomy":"category","embeddable":true,"href":"https:\/\/radiorevelacionfm.cl\/index.php?rest_route=%2Fwp%2Fv2%2Fcategories&post=25281"},{"taxonomy":"post_tag","embeddable":true,"href":"https:\/\/radiorevelacionfm.cl\/index.php?rest_route=%2Fwp%2Fv2%2Ftags&post=25281"}],"curies":[{"name":"wp","href":"https:\/\/api.w.org\/{rel}","templated":true}]}}