{"id":25275,"date":"2022-12-12T18:31:27","date_gmt":"2022-12-12T21:31:27","guid":{"rendered":"https:\/\/radiorevelacionfm.cl\/?p=25275"},"modified":"2022-12-12T18:31:27","modified_gmt":"2022-12-12T21:31:27","slug":"con-solemne-ceremonia-se-realizo-cambio-de-mando-en-la-iv-division-de-ejercito","status":"publish","type":"post","link":"https:\/\/radiorevelacionfm.cl\/?p=25275","title":{"rendered":"Con solemne ceremonia se realiz\u00f3 cambio de mando en la IV Divisi\u00f3n de Ej\u00e9rcito"},"content":{"rendered":"<div class=\"flex_column av_one_full  flex_column_div av-zero-column-padding first  avia-builder-el-0  el_before_av_one_full  avia-builder-el-first  \" style='border-radius:0px; '><div  class='avia-image-container  av-styling-    avia-builder-el-1  avia-builder-el-no-sibling  avia-align-center '  itemprop=\"image\" itemscope=\"itemscope\" itemtype=\"https:\/\/schema.org\/ImageObject\"  ><div class='avia-image-container-inner'><div class='avia-image-overlay-wrap'><img decoding=\"async\" class='wp-image-25276 avia-img-lazy-loading-not-25276 avia_image' src=\"https:\/\/radiorevelacionfm.cl\/wp-content\/uploads\/2022\/12\/dsc7781-1_optimized.jpg\" alt='' title='_dsc7781-(1)_optimized' height=\"600\" width=\"924\"  itemprop=\"thumbnailUrl\" srcset=\"https:\/\/radiorevelacionfm.cl\/wp-content\/uploads\/2022\/12\/dsc7781-1_optimized.jpg 924w, https:\/\/radiorevelacionfm.cl\/wp-content\/uploads\/2022\/12\/dsc7781-1_optimized-300x195.jpg 300w, https:\/\/radiorevelacionfm.cl\/wp-content\/uploads\/2022\/12\/dsc7781-1_optimized-768x499.jpg 768w, https:\/\/radiorevelacionfm.cl\/wp-content\/uploads\/2022\/12\/dsc7781-1_optimized-705x458.jpg 705w, https:\/\/radiorevelacionfm.cl\/wp-content\/uploads\/2022\/12\/dsc7781-1_optimized-600x390.jpg 600w\" sizes=\"(max-width: 924px) 100vw, 924px\" \/><\/div><\/div><\/div><\/div><div class=\"flex_column av_one_full  flex_column_div av-zero-column-padding first  avia-builder-el-2  el_after_av_one_full  el_before_av_one_full  column-top-margin\" style='border-radius:0px; '><section class=\"av_textblock_section \"  itemscope=\"itemscope\" itemtype=\"https:\/\/schema.org\/BlogPosting\" itemprop=\"blogPost\" ><div class='avia_textblock  '   itemprop=\"text\" ><p style=\"text-align: center;\"><strong><span style=\"font-size: 18pt;\">Con solemne ceremonia se realiz\u00f3 cambio de mando en la IV Divisi\u00f3n de Ej\u00e9rcito<\/span><\/strong><\/p>\n<div id=\"gtx-trans\" style=\"position: absolute; left: -50px; top: 4.31534px;\">\n<div class=\"gtx-trans-icon\"><\/div>\n<\/div>\n<\/div><\/section><\/div><div class=\"flex_column av_one_full  flex_column_div av-zero-column-padding first  avia-builder-el-4  el_after_av_one_full  el_before_av_hr  column-top-margin\" style='border-radius:0px; '><section class=\"av_textblock_section \"  itemscope=\"itemscope\" itemtype=\"https:\/\/schema.org\/BlogPosting\" itemprop=\"blogPost\" ><div class='avia_textblock  '   itemprop=\"text\" ><p style=\"text-align: justify;\">Con una solemne ceremonia, efectuada en el \u00a0Campo Militar \u201cCoyhaique,\u201d se llev\u00f3 a cabo el cambio de mando de la IV Divisi\u00f3n de Ej\u00e9rcito, acto que fue presidido por el Comandante de Operaciones Terrestres General de Divisi\u00f3n, Christian Bolivar Romero.<\/p>\n<p style=\"text-align: justify;\">La actividad comenz\u00f3 con la firma de actas donde el General de Brigada Luis Felipe P\u00e9rez Astorga, hizo entrega del mando al General de Brigada Mario Sep\u00falveda Fuentes, actuando como Oficial interventor el Jefe de Estado Mayor del Comando de Operaciones Terrestres, Coronel Hugo Julio S.<\/p>\n<p style=\"text-align: justify;\">Posteriormente, en el patio de formaci\u00f3n del Campo Militar \u201cCoyhaique\u201d y ante la presencia de autoridades militares y civiles, tras la lectura del decreto de nombramiento, \u00a0el General de Brigada Mario Sep\u00falveda F, asumi\u00f3 el mando de la Divisi\u00f3n.<\/p>\n<p style=\"text-align: justify;\">Para finalizar la actividad se hizo entrega del gallardete de mando que\u00a0 acompa\u00f1\u00f3\u00a0 al General P\u00e9rez \u00a0durante su gesti\u00f3n, cerrando la ceremonia con un desfile de honor.<\/p>\n<\/div><\/section><\/div><div  style='height:50px' class='hr hr-invisible   avia-builder-el-6  el_after_av_one_full  el_before_av_social_share '><span class='hr-inner ' ><span class='hr-inner-style'><\/span><\/span><\/div><\/p>\n<div  class='av-social-sharing-box  avia-builder-el-7  el_after_av_hr  el_before_av_hr  '><div class='av-share-box'><h5 class='av-share-link-description av-no-toc '>Compartir esta noticia<\/h5><ul class='av-share-box-list noLightbox'><li class='av-share-link av-social-link-facebook' ><a target=\"_blank\" aria-label=\"Compartir en Facebook\" href='https:\/\/www.facebook.com\/sharer.php?u=https:\/\/radiorevelacionfm.cl\/?p=25275&#038;t=Con%20solemne%20ceremonia%20se%20realiz%C3%B3%20cambio%20de%20mando%20en%20la%20IV%20Divisi%C3%B3n%20de%20Ej%C3%A9rcito' aria-hidden='false' data-av_icon='\ue8f3' data-av_iconfont='entypo-fontello' title='' data-avia-related-tooltip='Compartir en Facebook' rel=\"noopener\"><span class='avia_hidden_link_text'>Compartir en Facebook<\/span><\/a><\/li><li class='av-share-link av-social-link-twitter' ><a target=\"_blank\" aria-label=\"Compartir en Twitter\" href='https:\/\/twitter.com\/share?text=Con%20solemne%20ceremonia%20se%20realiz%C3%B3%20cambio%20de%20mando%20en%20la%20IV%20Divisi%C3%B3n%20de%20Ej%C3%A9rcito&#038;url=https:\/\/radiorevelacionfm.cl\/?p=25275' aria-hidden='false' data-av_icon='\ue8f1' data-av_iconfont='entypo-fontello' title='' data-avia-related-tooltip='Compartir en Twitter' rel=\"noopener\"><span class='avia_hidden_link_text'>Compartir en Twitter<\/span><\/a><\/li><li class='av-share-link av-social-link-whatsapp' ><a target=\"_blank\" aria-label=\"Compartir en Whatsapp\" href='https:\/\/api.whatsapp.com\/send?text=https:\/\/radiorevelacionfm.cl\/?p=25275' aria-hidden='false' data-av_icon='\uf232' data-av_iconfont='entypo-fontello' title='' data-avia-related-tooltip='Compartir en Whatsapp' rel=\"noopener\"><span class='avia_hidden_link_text'>Compartir en Whatsapp<\/span><\/a><\/li><li class='av-share-link av-social-link-linkedin' ><a target=\"_blank\" aria-label=\"Compartir en LinkedIn\" href='https:\/\/linkedin.com\/shareArticle?mini=true&#038;title=Con%20solemne%20ceremonia%20se%20realiz%C3%B3%20cambio%20de%20mando%20en%20la%20IV%20Divisi%C3%B3n%20de%20Ej%C3%A9rcito&#038;url=https:\/\/radiorevelacionfm.cl\/?p=25275' aria-hidden='false' data-av_icon='\ue8fc' data-av_iconfont='entypo-fontello' title='' data-avia-related-tooltip='Compartir en LinkedIn' rel=\"noopener\"><span class='avia_hidden_link_text'>Compartir en LinkedIn<\/span><\/a><\/li><li class='av-share-link av-social-link-mail' ><a  aria-label=\"Compartir por correo\" href='mailto:?subject=Con%20solemne%20ceremonia%20se%20realiz%C3%B3%20cambio%20de%20mando%20en%20la%20IV%20Divisi%C3%B3n%20de%20Ej%C3%A9rcito&#038;body=https:\/\/radiorevelacionfm.cl\/?p=25275' aria-hidden='false' data-av_icon='\ue805' data-av_iconfont='entypo-fontello' title='' data-avia-related-tooltip='Compartir por correo'><span class='avia_hidden_link_text'>Compartir por correo<\/span><\/a><\/li><\/ul><\/div><\/div>\n<div  style='height:50px' class='hr hr-invisible   avia-builder-el-8  el_after_av_social_share  el_before_av_comments_list '><span class='hr-inner ' ><span class='hr-inner-style'><\/span><\/span><\/div>\n<div  class='av-buildercomment  av-blog-meta-html-info-disabled av-blog-meta-tag-disabled  '><\/div>\n","protected":false},"excerpt":{"rendered":"","protected":false},"author":1,"featured_media":25276,"comment_status":"open","ping_status":"open","sticky":false,"template":"","format":"standard","meta":{"footnotes":""},"categories":[38],"tags":[],"class_list":["post-25275","post","type-post","status-publish","format-standard","has-post-thumbnail","hentry","category-regional"],"jetpack_featured_media_url":"https:\/\/radiorevelacionfm.cl\/wp-content\/uploads\/2022\/12\/dsc7781-1_optimized.jpg","_links":{"self":[{"href":"https:\/\/radiorevelacionfm.cl\/index.php?rest_route=\/wp\/v2\/posts\/25275","targetHints":{"allow":["GET"]}}],"collection":[{"href":"https:\/\/radiorevelacionfm.cl\/index.php?rest_route=\/wp\/v2\/posts"}],"about":[{"href":"https:\/\/radiorevelacionfm.cl\/index.php?rest_route=\/wp\/v2\/types\/post"}],"author":[{"embeddable":true,"href":"https:\/\/radiorevelacionfm.cl\/index.php?rest_route=\/wp\/v2\/users\/1"}],"replies":[{"embeddable":true,"href":"https:\/\/radiorevelacionfm.cl\/index.php?rest_route=%2Fwp%2Fv2%2Fcomments&post=25275"}],"version-history":[{"count":2,"href":"https:\/\/radiorevelacionfm.cl\/index.php?rest_route=\/wp\/v2\/posts\/25275\/revisions"}],"predecessor-version":[{"id":25293,"href":"https:\/\/radiorevelacionfm.cl\/index.php?rest_route=\/wp\/v2\/posts\/25275\/revisions\/25293"}],"wp:featuredmedia":[{"embeddable":true,"href":"https:\/\/radiorevelacionfm.cl\/index.php?rest_route=\/wp\/v2\/media\/25276"}],"wp:attachment":[{"href":"https:\/\/radiorevelacionfm.cl\/index.php?rest_route=%2Fwp%2Fv2%2Fmedia&parent=25275"}],"wp:term":[{"taxonomy":"category","embeddable":true,"href":"https:\/\/radiorevelacionfm.cl\/index.php?rest_route=%2Fwp%2Fv2%2Fcategories&post=25275"},{"taxonomy":"post_tag","embeddable":true,"href":"https:\/\/radiorevelacionfm.cl\/index.php?rest_route=%2Fwp%2Fv2%2Ftags&post=25275"}],"curies":[{"name":"wp","href":"https:\/\/api.w.org\/{rel}","templated":true}]}}