{"id":25271,"date":"2022-12-12T18:02:03","date_gmt":"2022-12-12T21:02:03","guid":{"rendered":"https:\/\/radiorevelacionfm.cl\/?p=25271"},"modified":"2022-12-12T18:02:03","modified_gmt":"2022-12-12T21:02:03","slug":"programa-siembra-por-chile-destina-500-millones-para-restauracion-de-bosque-nativo-en-areas-silvestres-protegidas-de-aysen","status":"publish","type":"post","link":"https:\/\/radiorevelacionfm.cl\/?p=25271","title":{"rendered":"Programa Siembra Por Chile destina $500 millones para restauraci\u00f3n de bosque nativo en \u00c1reas Silvestres Protegidas de Ays\u00e9n"},"content":{"rendered":"<div class=\"flex_column av_one_full  flex_column_div av-zero-column-padding first  avia-builder-el-0  el_before_av_one_full  avia-builder-el-first  \" style='border-radius:0px; '><div  class='avia-image-container  av-styling-    avia-builder-el-1  avia-builder-el-no-sibling  avia-align-center '  itemprop=\"image\" itemscope=\"itemscope\" itemtype=\"https:\/\/schema.org\/ImageObject\"  ><div class='avia-image-container-inner'><div class='avia-image-overlay-wrap'><img decoding=\"async\" class='wp-image-25273 avia-img-lazy-loading-not-25273 avia_image' src=\"https:\/\/radiorevelacionfm.cl\/wp-content\/uploads\/2022\/12\/z9a1704-1_optimized-1.jpg\" alt='' title='_z9a1704-(1)_optimized (1)' height=\"600\" width=\"900\"  itemprop=\"thumbnailUrl\" srcset=\"https:\/\/radiorevelacionfm.cl\/wp-content\/uploads\/2022\/12\/z9a1704-1_optimized-1.jpg 900w, https:\/\/radiorevelacionfm.cl\/wp-content\/uploads\/2022\/12\/z9a1704-1_optimized-1-300x200.jpg 300w, https:\/\/radiorevelacionfm.cl\/wp-content\/uploads\/2022\/12\/z9a1704-1_optimized-1-768x512.jpg 768w, https:\/\/radiorevelacionfm.cl\/wp-content\/uploads\/2022\/12\/z9a1704-1_optimized-1-705x470.jpg 705w, https:\/\/radiorevelacionfm.cl\/wp-content\/uploads\/2022\/12\/z9a1704-1_optimized-1-600x400.jpg 600w\" sizes=\"(max-width: 900px) 100vw, 900px\" \/><\/div><\/div><\/div><\/div><div class=\"flex_column av_one_full  flex_column_div av-zero-column-padding first  avia-builder-el-2  el_after_av_one_full  el_before_av_one_full  column-top-margin\" style='border-radius:0px; '><section class=\"av_textblock_section \"  itemscope=\"itemscope\" itemtype=\"https:\/\/schema.org\/BlogPosting\" itemprop=\"blogPost\" ><div class='avia_textblock  '   itemprop=\"text\" ><p style=\"text-align: center;\"><span style=\"font-size: 18pt;\"><b class=\"v1ContentPasted0\">Programa Siembra Por Chile destina $500 millones para restauraci\u00f3n de bosque nativo en \u00c1reas Silvestres Protegidas de Ays\u00e9n<\/b>\u00a0<\/span><\/p>\n<div id=\"gtx-trans\" style=\"position: absolute; left: -50px; top: 4.31534px;\">\n<div class=\"gtx-trans-icon\"><\/div>\n<\/div>\n<\/div><\/section><\/div><div class=\"flex_column av_one_full  flex_column_div av-zero-column-padding first  avia-builder-el-4  el_after_av_one_full  el_before_av_hr  column-top-margin\" style='border-radius:0px; '><section class=\"av_textblock_section \"  itemscope=\"itemscope\" itemtype=\"https:\/\/schema.org\/BlogPosting\" itemprop=\"blogPost\" ><div class='avia_textblock  '   itemprop=\"text\" ><p class=\"v1MsoNormal v1ContentPasted0\" style=\"text-align: justify;\">Con visita a obras de cercos, manejo de especies y huerto clonal en Reserva Nacional Coyhaique, Seremi de Agricultura junto CONAF destacan inversi\u00f3n en recuperaci\u00f3n de bosque nativos y generaci\u00f3n de empleo a trav\u00e9s de programa de Gobierno.<\/p>\n<p class=\"v1MsoNormal v1ContentPasted0\" style=\"text-align: justify;\">Un total de 15 proyectos ejecutados en las provincias de Coyhaique, General Carrera, Ays\u00e9n y Capit\u00e1n Prat, forman parte de la implementaci\u00f3n del programa de restauraci\u00f3n del bosque Nativo, impulsado por el Ministerio de Agricultura y ejecutado por la Corporaci\u00f3n Nacional Forestal (CONAF) en la regi\u00f3n.<\/p>\n<p class=\"v1MsoNormal v1ContentPasted0\" style=\"text-align: justify;\">La medida, incluida en el Plan Siembra Por chile del Gobierno, implica la intervenci\u00f3n de 4.070 hect\u00e1reas en Reservas, Parque y Monumentos Naturales, con un monto de $500 millones, buscando restaurar bosques y generar empleo.<\/p>\n<p class=\"v1MsoNormal v1ContentPasted0\" style=\"text-align: justify;\">Objetivos que fueron destacados en reciente visita a la Reserva Nacional Coyhaique, donde el Seremi de Agricultura, Alan Espinoza Ortiz, la directora (I) de CONAF, Andrea Bahamonde Valenzuela y profesionales de la entidad recorrieron las obras ejecutadas.<\/p>\n<p class=\"v1MsoNormal v1ContentPasted0\" style=\"text-align: justify;\">\u00abEstamos viendo el avance y el progreso que ha tenido el Plan de Siembra por Chile, que se est\u00e1 trabajando desde el Ministerio de Agricultura y la Corporaci\u00f3n Nacional Forestal. Este plan que ha incentivado la conservaci\u00f3n y la restauraci\u00f3n de nuestros bosques, de nuestra flora y nuestra fauna, ha invertido cerca de 500 millones de pesos en poder tener y trabajar directamente m\u00e1s de 4000 hect\u00e1reas en las distintas \u00e1reas y reservas de nuestra regi\u00f3n\u00bb, sostuvo el Seremi de Agricultura.<\/p>\n<p class=\"v1MsoNormal v1ContentPasted0\" style=\"text-align: justify;\">Obras que son realizadas en conjunto con la comunidad regional, contemplando empresas locales, con contrataci\u00f3n directa de 100 personas, destinadas a apoyo t\u00e9cnico para el control en las zonas bajo restauraci\u00f3n pasiva.<\/p>\n<p class=\"v1MsoNormal v1ContentPasted0\" style=\"text-align: justify;\">En el \u00e1mbito de recuperaci\u00f3n de bosques el programa Siembra Por Chile, a nivel regional, involucr\u00f3 producci\u00f3n de plantas, recolecci\u00f3n de semillas, adem\u00e1s de limpieza de sectores para plantaci\u00f3n con especies nativas. Asimismo, contempl\u00f3 la mantenci\u00f3n y mejoramiento de infraestructura en parques urbanos, entre otras iniciativas.<\/p>\n<p class=\"v1MsoNormal v1ContentPasted0\" style=\"text-align: justify;\">\u00abEn la regi\u00f3n de Ays\u00e9n alrededor del 52% son \u00c1reas Silvestres Protegidas con diferentes grados de protecci\u00f3n. Hay \u00e1reas silvestres que son parques nacionales, otros son Reserva Nacional y Monumentos Naturales, cada una con su objetivo de creaci\u00f3n espec\u00edfico.\u00a0 Lo que queremos hacer, es proteger nuestro ecosistema, nuestro patrimonio natural y cultural. Por ejemplo, en esta reserva nacional, hubo plantaciones de especies forestales con pino que cumplieron su funci\u00f3n.\u00a0 La idea es hacer una restauraci\u00f3n ecol\u00f3gica y volver al ecosistema natural de lenga\u00bb, sostuvo la Directora (I) de CONAF Andrea Bahamonde Valenzuela.<\/p>\n<p class=\"v1MsoNormal\" style=\"text-align: justify;\"><b class=\"v1ContentPasted0\">Obras en Reserva Coyhaique<\/b><\/p>\n<p class=\"v1MsoNormal v1ContentPasted0\" style=\"text-align: justify;\">En la reserva, ubicada a 3 kil\u00f3metros del centro de Coyhaique, se recorrieron las obras de cercado, trabajos de eliminaci\u00f3n de especies (pino) y un huerto clonal, elaborado junto a INFOR, para determinar las mejores variedades de \u00e1rboles nativo.<\/p>\n<p class=\"v1MsoNormal v1ContentPasted0\" style=\"text-align: justify;\">\u00abLas tres iniciativas son muy importantes porque eliminamos las presiones y amenazas que tienen la vida silvestre. Adem\u00e1s, la recuperaci\u00f3n de sectores restaurados con lenga tiene una amenaza constante con las semillas del pino. Y lo otro es mantener un ensayo de progenie y que nos permita detectar \u00e1rboles plus de Lenga que esperamos poder trabajar en viveros en el en el futuro\u00bb, se\u00f1al\u00f3 Jos\u00e9 Luis P\u00e9rez, Jefe Provincial CONAF Coyhaique.<\/p>\n<p class=\"v1MsoNormal v1ContentPasted0\" style=\"text-align: justify;\">Iniciativas que busca restaurar los bosques en esta reserva, pero que asimismo entregan mejor cuidado a la fauna existente, amenazada por especies invasoras como es el caso de los jabal\u00eds.<\/p>\n<p class=\"v1MsoNormal v1ContentPasted0\" style=\"text-align: justify;\">\u00abEste cerco nos permite al menos mantener al jabal\u00ed fuera de la reserva, pese que tiene que ser, por supuesto, un trabajo en conjunto con vecinos. Y esa es una preocupaci\u00f3n no solo para nosotros como \u00e1rea silvestre protegida. Yo creo que hay una preocupaci\u00f3n regional con respecto a la invasi\u00f3n del jabal\u00ed por temas de enfermedades que podr\u00eda portar esta especie\u00bb, se\u00f1al\u00f3 el administrador de la Reserva, Hern\u00e1n Amado Ojeda.<\/p>\n<p class=\"v1MsoNormal v1ContentPasted0\" style=\"text-align: justify;\">Obras impulsadas a trav\u00e9s del programa Siembra por Chile, a las que se sumaron actividades directas con la comunidad, entre los que destacan los d\u00edas de bosques que permitieron planificar actividades posibles de desarrollar durante el 2023.<\/p>\n<\/div><\/section><\/div><div  style='height:50px' class='hr hr-invisible   avia-builder-el-6  el_after_av_one_full  el_before_av_social_share '><span class='hr-inner ' ><span class='hr-inner-style'><\/span><\/span><\/div><\/p>\n<div  class='av-social-sharing-box  avia-builder-el-7  el_after_av_hr  el_before_av_hr  '><div class='av-share-box'><h5 class='av-share-link-description av-no-toc '>Compartir esta noticia<\/h5><ul class='av-share-box-list noLightbox'><li class='av-share-link av-social-link-facebook' ><a target=\"_blank\" aria-label=\"Compartir en Facebook\" href='https:\/\/www.facebook.com\/sharer.php?u=https:\/\/radiorevelacionfm.cl\/?p=25271&#038;t=Programa%20Siembra%20Por%20Chile%20destina%20%24500%20millones%20para%20restauraci%C3%B3n%20de%20bosque%20nativo%20en%20%C3%81reas%20Silvestres%20Protegidas%20de%20Ays%C3%A9n' aria-hidden='false' data-av_icon='\ue8f3' data-av_iconfont='entypo-fontello' title='' data-avia-related-tooltip='Compartir en Facebook' rel=\"noopener\"><span class='avia_hidden_link_text'>Compartir en Facebook<\/span><\/a><\/li><li class='av-share-link av-social-link-twitter' ><a target=\"_blank\" aria-label=\"Compartir en Twitter\" href='https:\/\/twitter.com\/share?text=Programa%20Siembra%20Por%20Chile%20destina%20%24500%20millones%20para%20restauraci%C3%B3n%20de%20bosque%20nativo%20en%20%C3%81reas%20Silvestres%20Protegidas%20de%20Ays%C3%A9n&#038;url=https:\/\/radiorevelacionfm.cl\/?p=25271' aria-hidden='false' data-av_icon='\ue8f1' data-av_iconfont='entypo-fontello' title='' data-avia-related-tooltip='Compartir en Twitter' rel=\"noopener\"><span class='avia_hidden_link_text'>Compartir en Twitter<\/span><\/a><\/li><li class='av-share-link av-social-link-whatsapp' ><a target=\"_blank\" aria-label=\"Compartir en Whatsapp\" href='https:\/\/api.whatsapp.com\/send?text=https:\/\/radiorevelacionfm.cl\/?p=25271' aria-hidden='false' data-av_icon='\uf232' data-av_iconfont='entypo-fontello' title='' data-avia-related-tooltip='Compartir en Whatsapp' rel=\"noopener\"><span class='avia_hidden_link_text'>Compartir en Whatsapp<\/span><\/a><\/li><li class='av-share-link av-social-link-linkedin' ><a target=\"_blank\" aria-label=\"Compartir en LinkedIn\" href='https:\/\/linkedin.com\/shareArticle?mini=true&#038;title=Programa%20Siembra%20Por%20Chile%20destina%20%24500%20millones%20para%20restauraci%C3%B3n%20de%20bosque%20nativo%20en%20%C3%81reas%20Silvestres%20Protegidas%20de%20Ays%C3%A9n&#038;url=https:\/\/radiorevelacionfm.cl\/?p=25271' aria-hidden='false' data-av_icon='\ue8fc' data-av_iconfont='entypo-fontello' title='' data-avia-related-tooltip='Compartir en LinkedIn' rel=\"noopener\"><span class='avia_hidden_link_text'>Compartir en LinkedIn<\/span><\/a><\/li><li class='av-share-link av-social-link-mail' ><a  aria-label=\"Compartir por correo\" href='mailto:?subject=Programa%20Siembra%20Por%20Chile%20destina%20%24500%20millones%20para%20restauraci%C3%B3n%20de%20bosque%20nativo%20en%20%C3%81reas%20Silvestres%20Protegidas%20de%20Ays%C3%A9n&#038;body=https:\/\/radiorevelacionfm.cl\/?p=25271' aria-hidden='false' data-av_icon='\ue805' data-av_iconfont='entypo-fontello' title='' data-avia-related-tooltip='Compartir por correo'><span class='avia_hidden_link_text'>Compartir por correo<\/span><\/a><\/li><\/ul><\/div><\/div>\n<div  style='height:50px' class='hr hr-invisible   avia-builder-el-8  el_after_av_social_share  el_before_av_comments_list '><span class='hr-inner ' ><span class='hr-inner-style'><\/span><\/span><\/div>\n<div  class='av-buildercomment  av-blog-meta-html-info-disabled av-blog-meta-tag-disabled  '><\/div>\n","protected":false},"excerpt":{"rendered":"","protected":false},"author":1,"featured_media":25273,"comment_status":"open","ping_status":"open","sticky":false,"template":"","format":"standard","meta":{"footnotes":""},"categories":[58],"tags":[],"class_list":["post-25271","post","type-post","status-publish","format-standard","has-post-thumbnail","hentry","category-agricultura"],"jetpack_featured_media_url":"https:\/\/radiorevelacionfm.cl\/wp-content\/uploads\/2022\/12\/z9a1704-1_optimized-1.jpg","_links":{"self":[{"href":"https:\/\/radiorevelacionfm.cl\/index.php?rest_route=\/wp\/v2\/posts\/25271","targetHints":{"allow":["GET"]}}],"collection":[{"href":"https:\/\/radiorevelacionfm.cl\/index.php?rest_route=\/wp\/v2\/posts"}],"about":[{"href":"https:\/\/radiorevelacionfm.cl\/index.php?rest_route=\/wp\/v2\/types\/post"}],"author":[{"embeddable":true,"href":"https:\/\/radiorevelacionfm.cl\/index.php?rest_route=\/wp\/v2\/users\/1"}],"replies":[{"embeddable":true,"href":"https:\/\/radiorevelacionfm.cl\/index.php?rest_route=%2Fwp%2Fv2%2Fcomments&post=25271"}],"version-history":[{"count":2,"href":"https:\/\/radiorevelacionfm.cl\/index.php?rest_route=\/wp\/v2\/posts\/25271\/revisions"}],"predecessor-version":[{"id":25291,"href":"https:\/\/radiorevelacionfm.cl\/index.php?rest_route=\/wp\/v2\/posts\/25271\/revisions\/25291"}],"wp:featuredmedia":[{"embeddable":true,"href":"https:\/\/radiorevelacionfm.cl\/index.php?rest_route=\/wp\/v2\/media\/25273"}],"wp:attachment":[{"href":"https:\/\/radiorevelacionfm.cl\/index.php?rest_route=%2Fwp%2Fv2%2Fmedia&parent=25271"}],"wp:term":[{"taxonomy":"category","embeddable":true,"href":"https:\/\/radiorevelacionfm.cl\/index.php?rest_route=%2Fwp%2Fv2%2Fcategories&post=25271"},{"taxonomy":"post_tag","embeddable":true,"href":"https:\/\/radiorevelacionfm.cl\/index.php?rest_route=%2Fwp%2Fv2%2Ftags&post=25271"}],"curies":[{"name":"wp","href":"https:\/\/api.w.org\/{rel}","templated":true}]}}