{"id":25268,"date":"2022-12-12T20:39:01","date_gmt":"2022-12-12T23:39:01","guid":{"rendered":"https:\/\/radiorevelacionfm.cl\/?p=25268"},"modified":"2022-12-12T20:39:01","modified_gmt":"2022-12-12T23:39:01","slug":"en-guaitecas-se-consolida-una-potente-bateria-de-iniciativas-tendientes-a-la-proteccion-de-la-infancia","status":"publish","type":"post","link":"https:\/\/radiorevelacionfm.cl\/?p=25268","title":{"rendered":"En Guaitecas se consolida una potente bater\u00eda de iniciativas tendientes a la protecci\u00f3n de la infancia"},"content":{"rendered":"<div class=\"flex_column av_one_full  flex_column_div av-zero-column-padding first  avia-builder-el-0  el_before_av_one_full  avia-builder-el-first  \" style='border-radius:0px; '><div  class='avia-image-container  av-styling-    avia-builder-el-1  avia-builder-el-no-sibling  avia-align-center '  itemprop=\"image\" itemscope=\"itemscope\" itemtype=\"https:\/\/schema.org\/ImageObject\"  ><div class='avia-image-container-inner'><div class='avia-image-overlay-wrap'><img decoding=\"async\" class='wp-image-25269 avia-img-lazy-loading-not-25269 avia_image' src=\"https:\/\/radiorevelacionfm.cl\/wp-content\/uploads\/2022\/12\/c-nino-2edt-1_optimized.jpg\" alt='' title='c-ni\u00f1o-2edt-(1)_optimized' height=\"600\" width=\"1142\"  itemprop=\"thumbnailUrl\" srcset=\"https:\/\/radiorevelacionfm.cl\/wp-content\/uploads\/2022\/12\/c-nino-2edt-1_optimized.jpg 1142w, https:\/\/radiorevelacionfm.cl\/wp-content\/uploads\/2022\/12\/c-nino-2edt-1_optimized-300x158.jpg 300w, https:\/\/radiorevelacionfm.cl\/wp-content\/uploads\/2022\/12\/c-nino-2edt-1_optimized-1030x541.jpg 1030w, https:\/\/radiorevelacionfm.cl\/wp-content\/uploads\/2022\/12\/c-nino-2edt-1_optimized-768x404.jpg 768w, https:\/\/radiorevelacionfm.cl\/wp-content\/uploads\/2022\/12\/c-nino-2edt-1_optimized-705x370.jpg 705w, https:\/\/radiorevelacionfm.cl\/wp-content\/uploads\/2022\/12\/c-nino-2edt-1_optimized-600x315.jpg 600w\" sizes=\"(max-width: 1142px) 100vw, 1142px\" \/><\/div><\/div><\/div><\/div><div class=\"flex_column av_one_full  flex_column_div av-zero-column-padding first  avia-builder-el-2  el_after_av_one_full  el_before_av_one_full  column-top-margin\" style='border-radius:0px; '><section class=\"av_textblock_section \"  itemscope=\"itemscope\" itemtype=\"https:\/\/schema.org\/BlogPosting\" itemprop=\"blogPost\" ><div class='avia_textblock  '   itemprop=\"text\" ><p style=\"text-align: center;\"><span style=\"font-size: 18pt;\"><strong>En Guaitecas se consolida una potente bater\u00eda de iniciativas tendientes a la protecci\u00f3n de la infancia<\/strong><\/span><\/p>\n<div id=\"gtx-trans\" style=\"position: absolute; left: -50px; top: 4.31534px;\">\n<div class=\"gtx-trans-icon\"><\/div>\n<\/div>\n<\/div><\/section><\/div><div class=\"flex_column av_one_full  flex_column_div av-zero-column-padding first  avia-builder-el-4  el_after_av_one_full  el_before_av_hr  column-top-margin\" style='border-radius:0px; '><section class=\"av_textblock_section \"  itemscope=\"itemscope\" itemtype=\"https:\/\/schema.org\/BlogPosting\" itemprop=\"blogPost\" ><div class='avia_textblock  '   itemprop=\"text\" ><p style=\"text-align: justify;\">La comuna ubicada en el norte insular de la Regi\u00f3n de Ays\u00e9n tendr\u00e1 una de las primeras 90 Oficinas Locales de la Ni\u00f1ez de Chile y una de las 2 que se instalar\u00e1n a nivel regional junto a Villa O\u2019Higgins, ubica al extremo sur cordillerano del territorio.<\/p>\n<p style=\"text-align: justify;\">Acompa\u00f1ados de familias, ni\u00f1os y ni\u00f1as se desarroll\u00f3 la ceremonia de egreso del programa Fondo de Intervenci\u00f3n de Apoyo al Desarrollo Infantil (FIADE) en la comuna de las Guaitecas, una iniciativa que potenci\u00f3 a trav\u00e9s de apoyo con servicios itinerantes de estimulaci\u00f3n, atenci\u00f3n domiciliaria, salas de estimulaci\u00f3n y ludotecas el desarrollo de 15 ni\u00f1os y ni\u00f1as de la localidad de Melinka. Fue en este marco que el alcalde de la comuna, Marcos Silva y la SEREMI de Desarrollo Social y Familia, Karina Acevedo Auad, acompa\u00f1ados del Delegado Regional Presidencial, Rodrigo Araya, aprovecharon de firmar el convenio que crear\u00e1 una de las primeras 90 Oficinas Locales de la Ni\u00f1ez (OLN) en Chile y anunciar adem\u00e1s el programa de apoyo para madres trabajadoras y temporeras durante los meses del verano del 2023.<\/p>\n<p style=\"text-align: justify;\">Karina Acevedo Auad, SEREMI de Desarrollo Social y Familia, dijo estar muy contenta con el poder estar en Melinka cerrando un programa de apoyo y estimulaci\u00f3n cognitiva y f\u00edsica para el desarrollo integral de los y las ni\u00f1as en el marco de un trabajo de dos a\u00f1os que se desarrolla con el Chile Crece Contigo, oportunidad en que adem\u00e1s conoci\u00f3 las experiencias de las familias y monitoras. \u201cPero no s\u00f3lo eso, sino que pudimos informar la instalaci\u00f3n del programa Madres Temporeras, un anunci\u00f3 que hizo el Presidente Gabriel Boric en el marco del Chile Apoya y que podemos decir con alegr\u00eda que estar\u00e1 aqu\u00ed en Melinka. Pero quiz\u00e1s lo m\u00e1s importante es la instalaci\u00f3n de la Oficina Local de la Ni\u00f1ez, la primera junto a Villa O\u00b4Higgins que tendremos en la Regi\u00f3n de Ays\u00e9n\u201d.<\/p>\n<p style=\"text-align: justify;\">Por su parte, Marcos Silva, alcalde de Guaitecas, dijo estar \u201cfelices y orgullosos que seamos nosotros como administraci\u00f3n y parte de este Gobierno con que hoy partamos en la comuna con algo tan importante como los programas del Chile Crece Contigo pero sin embargo nuestro desaf\u00edo es a\u00fan mayor: la instalaci\u00f3n de la Oficina Local de la Infancia, que creemos un tremendo acierto porque nuestra mayor preocupaci\u00f3n debe estar enfocada al respeto y hacer respetar a nuestros ni\u00f1os, ni\u00f1as y adolescentes. Esto marca un antes y un despu\u00e9s, qu\u00e9 mejor que hacerlo en la comuna de Guaitecas la puerta de entrada de la Regi\u00f3n de Ays\u00e9n porque cuando hacemos este tipo de inversi\u00f3n lo que estamos haciendo es justicia social\u201d.<\/p>\n<p style=\"text-align: justify;\">En esa misma l\u00ednea, Rodrigo Araya, delegado Presidencial en Ays\u00e9n, record\u00f3 que es un mandato del Presidente Gabriel Boric el profundizar en las comunidades y los territorios el que se haga visible que los ni\u00f1os y ni\u00f1as son sujetos de derechos donde el estado debe garantizar una vida sana, la protecci\u00f3n y el desarrollo integral. \u201cLa Oficinas Locales de la Ni\u00f1ez las estamos focalizando en las zonas m\u00e1s aisladas, Guaitecas y Villa O\u00b4Higgins, es potente que el alcalde haya aceptado con tanto entusiasmo esto y que incorpore adem\u00e1s recursos de la Municipalidad para potenciar a esta oficina. Este es un paso importante para las familias que est\u00e1n en esta comunidad al norte de la regi\u00f3n y que requieren del apoyo del Estado para que la equidad llegue a todos los territorios\u201d, dijo el representante del Presidente en Ays\u00e9n.<\/p>\n<p style=\"text-align: justify;\">Cabe destacar que las OLN forman parte de la nueva institucionalidad de la ni\u00f1ez a nivel comunal, que se establece en el marco de la Ley N\u00b0 21.430 que crea un Sistema \u00a0de Garant\u00edas y Protecci\u00f3n Integral de derechos de la ni\u00f1ez y adolescencia, encargadas de la\u00a0promoci\u00f3n de derechos, la prevenci\u00f3n de situaciones de riesgo y vulneraciones, y protecci\u00f3n de los derechos de los ni\u00f1os, ni\u00f1as y adolescentes, adem\u00e1s de la coordinaci\u00f3n de la Red Comunal de Ni\u00f1ez para la articulaci\u00f3n de los distintos servicios e instituciones a nivel local en materia de ni\u00f1ez y adolescencia, dos de las primeras 90 que se instalar\u00e1n en Chile estar\u00e1n en las aisladas comunas aiseninas de Guaitecas y Villa O\u2019Higgins.<\/p>\n<\/div><\/section><\/div><div  style='height:50px' class='hr hr-invisible   avia-builder-el-6  el_after_av_one_full  el_before_av_social_share '><span class='hr-inner ' ><span class='hr-inner-style'><\/span><\/span><\/div><\/p>\n<div  class='av-social-sharing-box  avia-builder-el-7  el_after_av_hr  el_before_av_hr  '><div class='av-share-box'><h5 class='av-share-link-description av-no-toc '>Compartir esta noticia<\/h5><ul class='av-share-box-list noLightbox'><li class='av-share-link av-social-link-facebook' ><a target=\"_blank\" aria-label=\"Compartir en Facebook\" href='https:\/\/www.facebook.com\/sharer.php?u=https:\/\/radiorevelacionfm.cl\/?p=25268&#038;t=En%20Guaitecas%20se%20consolida%20una%20potente%20bater%C3%ADa%20de%20iniciativas%20tendientes%20a%20la%20protecci%C3%B3n%20de%20la%20infancia' aria-hidden='false' data-av_icon='\ue8f3' data-av_iconfont='entypo-fontello' title='' data-avia-related-tooltip='Compartir en Facebook' rel=\"noopener\"><span class='avia_hidden_link_text'>Compartir en Facebook<\/span><\/a><\/li><li class='av-share-link av-social-link-twitter' ><a target=\"_blank\" aria-label=\"Compartir en Twitter\" href='https:\/\/twitter.com\/share?text=En%20Guaitecas%20se%20consolida%20una%20potente%20bater%C3%ADa%20de%20iniciativas%20tendientes%20a%20la%20protecci%C3%B3n%20de%20la%20infancia&#038;url=https:\/\/radiorevelacionfm.cl\/?p=25268' aria-hidden='false' data-av_icon='\ue8f1' data-av_iconfont='entypo-fontello' title='' data-avia-related-tooltip='Compartir en Twitter' rel=\"noopener\"><span class='avia_hidden_link_text'>Compartir en Twitter<\/span><\/a><\/li><li class='av-share-link av-social-link-whatsapp' ><a target=\"_blank\" aria-label=\"Compartir en Whatsapp\" href='https:\/\/api.whatsapp.com\/send?text=https:\/\/radiorevelacionfm.cl\/?p=25268' aria-hidden='false' data-av_icon='\uf232' data-av_iconfont='entypo-fontello' title='' data-avia-related-tooltip='Compartir en Whatsapp' rel=\"noopener\"><span class='avia_hidden_link_text'>Compartir en Whatsapp<\/span><\/a><\/li><li class='av-share-link av-social-link-linkedin' ><a target=\"_blank\" aria-label=\"Compartir en LinkedIn\" href='https:\/\/linkedin.com\/shareArticle?mini=true&#038;title=En%20Guaitecas%20se%20consolida%20una%20potente%20bater%C3%ADa%20de%20iniciativas%20tendientes%20a%20la%20protecci%C3%B3n%20de%20la%20infancia&#038;url=https:\/\/radiorevelacionfm.cl\/?p=25268' aria-hidden='false' data-av_icon='\ue8fc' data-av_iconfont='entypo-fontello' title='' data-avia-related-tooltip='Compartir en LinkedIn' rel=\"noopener\"><span class='avia_hidden_link_text'>Compartir en LinkedIn<\/span><\/a><\/li><li class='av-share-link av-social-link-mail' ><a  aria-label=\"Compartir por correo\" href='mailto:?subject=En%20Guaitecas%20se%20consolida%20una%20potente%20bater%C3%ADa%20de%20iniciativas%20tendientes%20a%20la%20protecci%C3%B3n%20de%20la%20infancia&#038;body=https:\/\/radiorevelacionfm.cl\/?p=25268' aria-hidden='false' data-av_icon='\ue805' data-av_iconfont='entypo-fontello' title='' data-avia-related-tooltip='Compartir por correo'><span class='avia_hidden_link_text'>Compartir por correo<\/span><\/a><\/li><\/ul><\/div><\/div>\n<div  style='height:50px' class='hr hr-invisible   avia-builder-el-8  el_after_av_social_share  el_before_av_comments_list '><span class='hr-inner ' ><span class='hr-inner-style'><\/span><\/span><\/div>\n<div  class='av-buildercomment  av-blog-meta-html-info-disabled av-blog-meta-tag-disabled  '><\/div>\n","protected":false},"excerpt":{"rendered":"","protected":false},"author":1,"featured_media":25269,"comment_status":"open","ping_status":"open","sticky":false,"template":"","format":"standard","meta":{"footnotes":""},"categories":[38],"tags":[],"class_list":["post-25268","post","type-post","status-publish","format-standard","has-post-thumbnail","hentry","category-regional"],"jetpack_featured_media_url":"https:\/\/radiorevelacionfm.cl\/wp-content\/uploads\/2022\/12\/c-nino-2edt-1_optimized.jpg","_links":{"self":[{"href":"https:\/\/radiorevelacionfm.cl\/index.php?rest_route=\/wp\/v2\/posts\/25268","targetHints":{"allow":["GET"]}}],"collection":[{"href":"https:\/\/radiorevelacionfm.cl\/index.php?rest_route=\/wp\/v2\/posts"}],"about":[{"href":"https:\/\/radiorevelacionfm.cl\/index.php?rest_route=\/wp\/v2\/types\/post"}],"author":[{"embeddable":true,"href":"https:\/\/radiorevelacionfm.cl\/index.php?rest_route=\/wp\/v2\/users\/1"}],"replies":[{"embeddable":true,"href":"https:\/\/radiorevelacionfm.cl\/index.php?rest_route=%2Fwp%2Fv2%2Fcomments&post=25268"}],"version-history":[{"count":2,"href":"https:\/\/radiorevelacionfm.cl\/index.php?rest_route=\/wp\/v2\/posts\/25268\/revisions"}],"predecessor-version":[{"id":25300,"href":"https:\/\/radiorevelacionfm.cl\/index.php?rest_route=\/wp\/v2\/posts\/25268\/revisions\/25300"}],"wp:featuredmedia":[{"embeddable":true,"href":"https:\/\/radiorevelacionfm.cl\/index.php?rest_route=\/wp\/v2\/media\/25269"}],"wp:attachment":[{"href":"https:\/\/radiorevelacionfm.cl\/index.php?rest_route=%2Fwp%2Fv2%2Fmedia&parent=25268"}],"wp:term":[{"taxonomy":"category","embeddable":true,"href":"https:\/\/radiorevelacionfm.cl\/index.php?rest_route=%2Fwp%2Fv2%2Fcategories&post=25268"},{"taxonomy":"post_tag","embeddable":true,"href":"https:\/\/radiorevelacionfm.cl\/index.php?rest_route=%2Fwp%2Fv2%2Ftags&post=25268"}],"curies":[{"name":"wp","href":"https:\/\/api.w.org\/{rel}","templated":true}]}}